{"id":218165,"date":"2016-06-27T09:37:33","date_gmt":"2016-06-27T09:37:33","guid":{"rendered":"http:\/\/diariodominicano.ddns.net\/?p=218165"},"modified":"2016-06-27T09:37:33","modified_gmt":"2016-06-27T09:37:33","slug":"el-indrhi-inicia-trabajos-adecuacion-y-limpieza-del-rio-tireo","status":"publish","type":"post","link":"https:\/\/diariodominicano.com\/?p=218165","title":{"rendered":"El INDRHI inicia trabajos adecuaci\u00f3n y limpieza del r\u00edo Tireo"},"content":{"rendered":"<p><body><\/p>\n<p><img decoding=\"async\" src=\"img3\/ADECUACION RIO 27-6.JPG\" \/>  <\/p>\n<p> <span class=\"text1noticias\"> Constanza, R. D., 27 de junio.- El  Instituto Nacional de Recursos Hidr\u00e1ulicos (INDRHI) inici\u00f3 los trabajos de adecuaci\u00f3n del r\u00edo Tireo que se desborda cada vez que se registran fuertes lluvias en su cuenca, lo que pone en peligro vidas y propiedades.<\/span><\/p>\n<p><span class=\"text1noticias\"> <\/span><\/p>\n<p><span class=\"text1noticias\">   El director ejecutivo del INDRHI, ingeniero Olgo Fern\u00e1ndez, visit\u00f3 esta comunidad para supervisar los trabajos en los que se emplean equipos pesados,  dialogar con productores agr\u00edcolas y familias afectadas por las avenidas del afluente.<\/span><\/p>\n<p><span class=\"text1noticias\"> <\/span><\/p>\n<p><span class=\"text1noticias\">   El funcionario informo que fue instruido por el presidente Danilo Medina, a trav\u00e9s del Ministro de la Presidencia, Jos\u00e9 Ram\u00f3n Peralta, para buscar soluciones de fondo al problema que crea el r\u00edo Tireo a cientos de familias de aqu\u00ed, a los productores de vegetales y al sistema vial.<\/span><\/p>\n<p><span class=\"text1noticias\"> <\/span><\/p>\n<p><span class=\"text1noticias\">   Precis\u00f3 que las labores se iniciaron con la adecuaci\u00f3n del r\u00edo en los puntos m\u00e1s vulnerables, para evitar que una nueva crecida ponga en peligro vidas humanas y cientos de tareas cultivadas de diferentes variedades de vegetales, la mayor\u00eda para la exportaci\u00f3n.<\/span><\/p>\n<p><span class=\"text1noticias\"> <\/span><\/p>\n<p><span class=\"text1noticias\">   Fern\u00e1ndez explic\u00f3 que en varios tramos hay que realizar estudios de topograf\u00eda y dise\u00f1o para construir muros de gaviones que  garanticen la seguridad de la gente y de las propiedades aleda\u00f1as al afluente.<\/span><\/p>\n<p><span class=\"text1noticias\">      <\/span><\/p>\n<p><span class=\"text1noticias\"> <\/span><\/p>\n<p><span class=\"text1noticias\"> El director del INDRHI signific\u00f3 que tanto la situaci\u00f3n de Tireo, Constanza y de otras zonas del pa\u00eds son de gran preocupaci\u00f3n para el jefe del Estado por lo que se impone darle r\u00e1pidas soluciones.<\/span><\/p>\n<p><span class=\"text1noticias\"> <\/span><\/p>\n<p><span class=\"text1noticias\">   Agreg\u00f3 que tan pronto les sean asignados los recursos, se proceder\u00e1 a la realizaci\u00f3n de los trabajos definitivos lo que traer\u00e1 tranquilidad a los residentes de esta laboriosa comunidad.<\/span><\/p>\n<p><span class=\"text1noticias\"> <\/span><\/p>\n<p><span class=\"text1noticias\">    Fern\u00e1ndez, junto a autoridades de Tireo, realiz\u00f3 un amplio recorrido por los lugares donde el r\u00edo ha inundados algunas \u00e1reas cultivadas de vegetales y otras en la que amenaza con destruir tramos de calles del distrito municipal.<\/span><\/p>\n<p><span class=\"text1noticias\"> <\/span><\/p>\n<p><span class=\"text1noticias\">   Posteriormente fue celebrada una reuni\u00f3n en la que lugare\u00f1os expusieron la problem\u00e1tica que afrontan por las crecidas del r\u00edo, al tiempo que elogiaron el inicio de los trabajos de adecuaci\u00f3n por parte del IN<\/span>DRHI.<\/p>\n<\/p>\n<h6> 2016-06-27 09:37:33 <\/h6>\n<p><!--\n<link rel=\"stylesheet\" href=\"css\/bootstrap.min.css\">\n\n\n<ul class=\"pagination\">\n\t    \n\t\n\n<li >\n\t<a href='?page_no=12613'>Previous<\/a>\n\t<\/li>\n\n\n       \n    \n\n<li><a href='?page_no=1'>1<\/a><\/li>\n\n\n\n<li><a href='?page_no=2'>2<\/a><\/li>\n\n\n\n<li><a>...<\/a><\/li>\n\n\n\n<li><a href='?page_no=12612'>12612<\/a><\/li>\n\n\n\n<li><a href='?page_no=12613'>12613<\/a><\/li>\n\n\n\n<li class='active'><a>12614<\/a><\/li>\n\n\n\n<li><a href='?page_no=12615'>12615<\/a><\/li>\n\n\n\n<li><a href='?page_no=12616'>12616<\/a><\/li>\n\n\n\n<li><a>...<\/a><\/li>\n\n\n\n<li><a href='?page_no=56169'>56169<\/a><\/li>\n\n\n\n<li><a href='?page_no=56170'>56170<\/a><\/li>\n\n    \n\t\n\n<li >\n\t<a href='?page_no=12615'>Next<\/a>\n\t<\/li>\n\n\n    \n\n<li><a href='?page_no=56170'>Last &rsaquo;&rsaquo;<\/a><\/li>\n\n<\/ul>\n\n\n--><br \/>\n<\/body><\/p>\n","protected":false},"excerpt":{"rendered":"<p>Constanza, R. D., 27 de junio.- El Instituto Nacional de Recursos Hidr\u00e1ulicos (INDRHI) inici\u00f3 los trabajos de adecuaci\u00f3n del r\u00edo Tireo que se desborda cada vez que se registran fuertes lluvias en su cuenca, lo que pone en peligro vidas y propiedades. El director ejecutivo del INDRHI, ingeniero Olgo Fern\u00e1ndez, visit\u00f3 esta comunidad para supervisar [&hellip;]<\/p>\n","protected":false},"author":3,"featured_media":0,"comment_status":"open","ping_status":"open","sticky":false,"template":"","format":"standard","meta":{"footnotes":""},"categories":[20],"tags":[],"class_list":["post-218165","post","type-post","status-publish","format-standard","hentry","category-dominicana-hoy"],"_links":{"self":[{"href":"https:\/\/diariodominicano.com\/index.php?rest_route=\/wp\/v2\/posts\/218165","targetHints":{"allow":["GET"]}}],"collection":[{"href":"https:\/\/diariodominicano.com\/index.php?rest_route=\/wp\/v2\/posts"}],"about":[{"href":"https:\/\/diariodominicano.com\/index.php?rest_route=\/wp\/v2\/types\/post"}],"author":[{"embeddable":true,"href":"https:\/\/diariodominicano.com\/index.php?rest_route=\/wp\/v2\/users\/3"}],"replies":[{"embeddable":true,"href":"https:\/\/diariodominicano.com\/index.php?rest_route=%2Fwp%2Fv2%2Fcomments&post=218165"}],"version-history":[{"count":0,"href":"https:\/\/diariodominicano.com\/index.php?rest_route=\/wp\/v2\/posts\/218165\/revisions"}],"wp:attachment":[{"href":"https:\/\/diariodominicano.com\/index.php?rest_route=%2Fwp%2Fv2%2Fmedia&parent=218165"}],"wp:term":[{"taxonomy":"category","embeddable":true,"href":"https:\/\/diariodominicano.com\/index.php?rest_route=%2Fwp%2Fv2%2Fcategories&post=218165"},{"taxonomy":"post_tag","embeddable":true,"href":"https:\/\/diariodominicano.com\/index.php?rest_route=%2Fwp%2Fv2%2Ftags&post=218165"}],"curies":[{"name":"wp","href":"https:\/\/api.w.org\/{rel}","templated":true}]}}