{"id":218164,"date":"2016-06-27T10:27:15","date_gmt":"2016-06-27T10:27:15","guid":{"rendered":"http:\/\/diariodominicano.ddns.net\/?p=218164"},"modified":"2016-06-27T10:27:15","modified_gmt":"2016-06-27T10:27:15","slug":"lanzaran-campana-contra-violencia","status":"publish","type":"post","link":"https:\/\/diariodominicano.com\/?p=218164","title":{"rendered":"Lanzar\u00e1n campa\u00f1a contra violencia"},"content":{"rendered":"<p><body><\/p>\n<p><span class=\"text1noticias\">Barahona, R. D., 27 de junio.- Buscando hacer conciencia sobre el maltrato a la mujer, los ni\u00f1os\/as y por siguiente en la familia, la Fiscal\u00eda de Barahona y la Fundaci\u00f3n JOBAL presentar\u00e1n de manera formal gran campa\u00f1a en contra de la violencia intrafamiliar en Barahona. <\/span><\/p>\n<p><span class=\"text1noticias\"> <\/span><\/p>\n<p><span class=\"text1noticias\">La actividad de lanzamiento que contar\u00e1 con el patrocinio de; el Consorcio Azucarero Central, Plan Internacional (PU-Barahona), Ni\u00f1os de las Naciones y el Ayuntamiento Municipal de Santa Cruz Barahona se llevar\u00e1 a cabo el martes 5 de Julio del a\u00f1o en curso a las 3:30 PM en el Auditorio Dr. Antonio M\u00e9ndez del Centro UASD Barahona.<\/span><\/p>\n<p><span class=\"text1noticias\"> <\/span><\/p>\n<p><span class=\"text1noticias\">Adem\u00e1s de los patrocinadores del evento se est\u00e1 pautado que a este se dar\u00e1n cita las principales autoridades y diferentes personalidades de la provincia Barahona as\u00ed como tambi\u00e9n los organizadores invitan a todo aquel interesado en conocer m\u00e1s sobre esta campa\u00f1a a que se sienta libre de asistir y ser parte de su lanzamiento. <\/span><\/p>\n<p><span class=\"text1noticias\"> <\/span><\/p>\n<p><span class=\"text1noticias\">La iniciativa que se llevar\u00e1 a cabo en los pr\u00f3ximos meses consiste en la ejecuci\u00f3n de un programa de actividades compuestas por: charlas, talleres y encuentros que ser\u00e1n ejecutados por personal con experiencia en el \u00e1rea y dirigido a las escuelas, juntas de padres de familias y clubes en los distintos sectores que componen la provincia Barahona.<\/span><\/p>\n<\/p>\n<h6> 2016-06-27 10:27:15 <\/h6>\n<p><!--\n<link rel=\"stylesheet\" href=\"css\/bootstrap.min.css\">\n\n\n<ul class=\"pagination\">\n\t    \n\t\n\n<li >\n\t<a href='?page_no=12612'>Previous<\/a>\n\t<\/li>\n\n\n       \n    \n\n<li><a href='?page_no=1'>1<\/a><\/li>\n\n\n\n<li><a href='?page_no=2'>2<\/a><\/li>\n\n\n\n<li><a>...<\/a><\/li>\n\n\n\n<li><a href='?page_no=12611'>12611<\/a><\/li>\n\n\n\n<li><a href='?page_no=12612'>12612<\/a><\/li>\n\n\n\n<li class='active'><a>12613<\/a><\/li>\n\n\n\n<li><a href='?page_no=12614'>12614<\/a><\/li>\n\n\n\n<li><a href='?page_no=12615'>12615<\/a><\/li>\n\n\n\n<li><a>...<\/a><\/li>\n\n\n\n<li><a href='?page_no=56169'>56169<\/a><\/li>\n\n\n\n<li><a href='?page_no=56170'>56170<\/a><\/li>\n\n    \n\t\n\n<li >\n\t<a href='?page_no=12614'>Next<\/a>\n\t<\/li>\n\n\n    \n\n<li><a href='?page_no=56170'>Last &rsaquo;&rsaquo;<\/a><\/li>\n\n<\/ul>\n\n\n--><br \/>\n<\/body><\/p>\n","protected":false},"excerpt":{"rendered":"<p>Barahona, R. D., 27 de junio.- Buscando hacer conciencia sobre el maltrato a la mujer, los ni\u00f1os\/as y por siguiente en la familia, la Fiscal\u00eda de Barahona y la Fundaci\u00f3n JOBAL presentar\u00e1n de manera formal gran campa\u00f1a en contra de la violencia intrafamiliar en Barahona. La actividad de lanzamiento que contar\u00e1 con el patrocinio de; [&hellip;]<\/p>\n","protected":false},"author":3,"featured_media":0,"comment_status":"open","ping_status":"open","sticky":false,"template":"","format":"standard","meta":{"footnotes":""},"categories":[20],"tags":[],"class_list":["post-218164","post","type-post","status-publish","format-standard","hentry","category-dominicana-hoy"],"_links":{"self":[{"href":"https:\/\/diariodominicano.com\/index.php?rest_route=\/wp\/v2\/posts\/218164","targetHints":{"allow":["GET"]}}],"collection":[{"href":"https:\/\/diariodominicano.com\/index.php?rest_route=\/wp\/v2\/posts"}],"about":[{"href":"https:\/\/diariodominicano.com\/index.php?rest_route=\/wp\/v2\/types\/post"}],"author":[{"embeddable":true,"href":"https:\/\/diariodominicano.com\/index.php?rest_route=\/wp\/v2\/users\/3"}],"replies":[{"embeddable":true,"href":"https:\/\/diariodominicano.com\/index.php?rest_route=%2Fwp%2Fv2%2Fcomments&post=218164"}],"version-history":[{"count":0,"href":"https:\/\/diariodominicano.com\/index.php?rest_route=\/wp\/v2\/posts\/218164\/revisions"}],"wp:attachment":[{"href":"https:\/\/diariodominicano.com\/index.php?rest_route=%2Fwp%2Fv2%2Fmedia&parent=218164"}],"wp:term":[{"taxonomy":"category","embeddable":true,"href":"https:\/\/diariodominicano.com\/index.php?rest_route=%2Fwp%2Fv2%2Fcategories&post=218164"},{"taxonomy":"post_tag","embeddable":true,"href":"https:\/\/diariodominicano.com\/index.php?rest_route=%2Fwp%2Fv2%2Ftags&post=218164"}],"curies":[{"name":"wp","href":"https:\/\/api.w.org\/{rel}","templated":true}]}}