{"id":218163,"date":"2016-06-27T10:38:39","date_gmt":"2016-06-27T10:38:39","guid":{"rendered":"http:\/\/diariodominicano.ddns.net\/?p=218163"},"modified":"2016-06-27T10:38:39","modified_gmt":"2016-06-27T10:38:39","slug":"piden-al-presidente-mirar-el-nordeste-y-cibao-central","status":"publish","type":"post","link":"https:\/\/diariodominicano.com\/?p=218163","title":{"rendered":"Piden al Presidente mirar  el Nordeste y  Cibao Central"},"content":{"rendered":"<p><body><\/p>\n<p><img decoding=\"async\" src=\"http:\/\/10.0.0.82:8080\/img3\/Ys%C3%83%C2%B3crates%20Andr%C3%83%C2%A8s%2027-6.jpg\" \/>  <\/p>\n<p><span class=\"text1noticias\">San Francisco de Macoris, R. D., 27 de junio.- El Consejo Regional de Desarrollo (CRD), pidi\u00f3  al presidente Danilo Medina, poner los ojos de los funcionarios de su nuevo gobierno sobre la Regi\u00f3n  Nordeste y el Cibao Central,  para dar paso en ellas a una gran revoluci\u00f3n tecnolog\u00eda, industrial y social, adem\u00e1s, para ejecutar a toda plenitud, los compromisos electorales asumidos con las provincias de esta zona del pa\u00eds.<\/span><\/p>\n<p><span class=\"text1noticias\"> <\/span><\/p>\n<p><span class=\"text1noticias\">La entidad quien tiene entre sus ejecutivos a Ys\u00f2crates Andr\u00e9s Pe\u00f1a Reyes, Jos\u00e9 An\u00edbal Garc\u00eda Vargas, Isidro Pichardo Santos, Julio Sim\u00f3n Lavandier y Monse\u00f1or Jes\u00fas Mar\u00eda de Jes\u00fas Moya, indica que se hace urgente e impostergable, dar inicio en las provincias de ambas subregiones, a la promoci\u00f3n de pol\u00edticas eficaces que incidan en el desarrollo de sus estructuras y fuerzas productivas, especialmente sus sectores agr\u00edcolas.<\/span><\/p>\n<p><span class=\"text1noticias\"> <\/span><\/p>\n<p><span class=\"text1noticias\">Resalta, que se impone en \u00e9stas el levantamiento  del Ferrocarril  Internacional Nordeste-Dominicana-Hait\u00ed,  la modernizaci\u00f3n del Puerto de Arroyo Barril con la operaci\u00f3n de una flota mercante y la edificaci\u00f3n en esta ciudad del  Aer\u00f3dromo M\u00faltiple del Nordeste.<\/span><\/p>\n<p><span class=\"text1noticias\">Tambi\u00e9n se\u00f1ala como de transcendental importancia, permitir un uso viable de la carretera Santo Domingo-Saman\u00e0, un muelle en Nagua, una v\u00eda expreso Santiago-Saman\u00e0, la avenida de circunvalaci\u00f3n de esta ciudad, la conversi\u00f3n a cuatro v\u00edas de la carretera San Francisco-Controba y la carretera comercial y ecoturistica Cotu\u00ec-San Francisco-Rio San Juan.<\/span><\/p>\n<p><span class=\"text1noticias\"> <\/span><\/p>\n<p><span class=\"text1noticias\">Asimismo, el levantamiento de la Presa del Alto Yuna, el proyecto agr\u00edcola-hidroel\u00e9ctrico de los r\u00edos Boba- Bagui, la Presa de Guaigu\u00ec y  la tercera etapa del proyecto agr\u00edcola Aglipo, junto a la conversi\u00f3n de las zonas francas de la zona en plantas agroindustriales y la regional de agricultura  en viceministerio de producci\u00f3n y biotecnolog\u00edas,  adem\u00e1s, propulsar Megamercados Regionales y los cambios que requieren los mercados municipales.  <\/span><\/p>\n<p><span class=\"text1noticias\"> <\/span><\/p>\n<p><span class=\"text1noticias\">Llama a motorizar profundos cambios en su sistema educativo, junto con la modernizaci\u00f3n de sus servicios sanitarios y  una reforma de la Red Hospitalaria, acompa\u00f1ado con la construcci\u00f3n de una Ciudad Sanitaria del Nordeste, en la que se contemplen levantar: Hospital de Cirug\u00eda y Ortopedia, Hospital Materno-Infantil, Hospital de Medicina Especializada, que cuente con una Unidad Cardiovascular, Centro Diagnostico de Im\u00e1genes, Centro de Endocrinolog\u00eda y Nefrolog\u00eda, todos dotados de tecnolog\u00edas de punta.<\/span><\/p>\n<p><span class=\"text1noticias\"> <\/span><\/p>\n<p><span class=\"text1noticias\">Sostiene, que estas medidas deben ser acompa\u00f1adas, con acciones que permitan hacer vivibles las zonas rurales de ambas subregiones, a fin de hacer posible en ellas, la promoci\u00f3n humana de sus habitantes y su desarrollo socioecon\u00f3mico, para nuestra naci\u00f3n jugar un estelar en las soluciones a los problemas alimenticios, que de cara al presente y al futuro atentan en contra la supervivencia de la poblaci\u00f3n mundial.<\/span><\/p>\n<p><span class=\"text1noticias\"> <\/span><\/p>\n<p><span class=\"text1noticias\">El organismo de desarrollo, concluye indicando,  que el gobierno que tendremos a partir del 2016, constituye una gran oportunidad para a trav\u00e9s de una correcta planificaci\u00f3n del uso de los recursos del Presupuesto Nacional, el pa\u00eds de inicio a una era luminosa,  centrando mayores esfuerzos en pro del desarrollo de la Regi\u00f3n Nordeste y el Cibao C<\/span>entral.<\/p>\n<\/p>\n<h6> 2016-06-27 10:38:39 <\/h6>\n<p><!--\n<link rel=\"stylesheet\" href=\"css\/bootstrap.min.css\">\n\n\n<ul class=\"pagination\">\n\t    \n\t\n\n<li >\n\t<a href='?page_no=12611'>Previous<\/a>\n\t<\/li>\n\n\n       \n    \n\n<li><a href='?page_no=1'>1<\/a><\/li>\n\n\n\n<li><a href='?page_no=2'>2<\/a><\/li>\n\n\n\n<li><a>...<\/a><\/li>\n\n\n\n<li><a href='?page_no=12610'>12610<\/a><\/li>\n\n\n\n<li><a href='?page_no=12611'>12611<\/a><\/li>\n\n\n\n<li class='active'><a>12612<\/a><\/li>\n\n\n\n<li><a href='?page_no=12613'>12613<\/a><\/li>\n\n\n\n<li><a href='?page_no=12614'>12614<\/a><\/li>\n\n\n\n<li><a>...<\/a><\/li>\n\n\n\n<li><a href='?page_no=56169'>56169<\/a><\/li>\n\n\n\n<li><a href='?page_no=56170'>56170<\/a><\/li>\n\n    \n\t\n\n<li >\n\t<a href='?page_no=12613'>Next<\/a>\n\t<\/li>\n\n\n    \n\n<li><a href='?page_no=56170'>Last &rsaquo;&rsaquo;<\/a><\/li>\n\n<\/ul>\n\n\n--><br \/>\n<\/body><\/p>\n","protected":false},"excerpt":{"rendered":"<p>San Francisco de Macoris, R. D., 27 de junio.- El Consejo Regional de Desarrollo (CRD), pidi\u00f3 al presidente Danilo Medina, poner los ojos de los funcionarios de su nuevo gobierno sobre la Regi\u00f3n Nordeste y el Cibao Central, para dar paso en ellas a una gran revoluci\u00f3n tecnolog\u00eda, industrial y social, adem\u00e1s, para ejecutar a [&hellip;]<\/p>\n","protected":false},"author":3,"featured_media":0,"comment_status":"open","ping_status":"open","sticky":false,"template":"","format":"standard","meta":{"footnotes":""},"categories":[20],"tags":[],"class_list":["post-218163","post","type-post","status-publish","format-standard","hentry","category-dominicana-hoy"],"_links":{"self":[{"href":"https:\/\/diariodominicano.com\/index.php?rest_route=\/wp\/v2\/posts\/218163","targetHints":{"allow":["GET"]}}],"collection":[{"href":"https:\/\/diariodominicano.com\/index.php?rest_route=\/wp\/v2\/posts"}],"about":[{"href":"https:\/\/diariodominicano.com\/index.php?rest_route=\/wp\/v2\/types\/post"}],"author":[{"embeddable":true,"href":"https:\/\/diariodominicano.com\/index.php?rest_route=\/wp\/v2\/users\/3"}],"replies":[{"embeddable":true,"href":"https:\/\/diariodominicano.com\/index.php?rest_route=%2Fwp%2Fv2%2Fcomments&post=218163"}],"version-history":[{"count":0,"href":"https:\/\/diariodominicano.com\/index.php?rest_route=\/wp\/v2\/posts\/218163\/revisions"}],"wp:attachment":[{"href":"https:\/\/diariodominicano.com\/index.php?rest_route=%2Fwp%2Fv2%2Fmedia&parent=218163"}],"wp:term":[{"taxonomy":"category","embeddable":true,"href":"https:\/\/diariodominicano.com\/index.php?rest_route=%2Fwp%2Fv2%2Fcategories&post=218163"},{"taxonomy":"post_tag","embeddable":true,"href":"https:\/\/diariodominicano.com\/index.php?rest_route=%2Fwp%2Fv2%2Ftags&post=218163"}],"curies":[{"name":"wp","href":"https:\/\/api.w.org\/{rel}","templated":true}]}}