{"id":218156,"date":"2016-06-27T15:05:27","date_gmt":"2016-06-27T15:05:27","guid":{"rendered":"http:\/\/diariodominicano.ddns.net\/?p=218156"},"modified":"2016-06-27T15:05:27","modified_gmt":"2016-06-27T15:05:27","slug":"jimenez-bichara-juramenta-administrador-de-edesur","status":"publish","type":"post","link":"https:\/\/diariodominicano.com\/?p=218156","title":{"rendered":"Jim\u00e9nez Bichara juramenta administrador  de Edesur"},"content":{"rendered":"<p><body><\/p>\n<p><img decoding=\"async\" src=\"img3\/juramentacion radhames.jpg\" \/>  <\/p>\n<p><span class=\"text1noticias\">Santo Domingo, R.D., 27 de junio.- Reducir las p\u00e9rdidas, aumentar las cobranzas y darles a los clientes el servicio efectivo y eficiente que se merecen es la meta del nuevo administrador gerente general de la Empresa Distribuidora de Energ\u00eda del Sur (Edesur), Radham\u00e9s del Carmen Mar\u00ed\u00f1ez.<\/span><\/p>\n<\/p>\n<p><span class=\"text1noticias\">Sostuvo que no hay ninguna raz\u00f3n por la que Edesur no pueda alcanzar el punto de equilibrio en cuanto a la energ\u00eda que coloca en el sistema y la que cobra a los usuarios.<\/span><\/p>\n<\/p>\n<p><span class=\"text1noticias\">Del Carmen Mar\u00ed\u00f1ez habl\u00f3 tras ser posesionado en el cargo por el vicepresidente ejecutivo de la Corporaci\u00f3n Dominicana de Empresas El\u00e9ctricas Estatales (CDEEE), Rub\u00e9n Jim\u00e9nez Bichara, en una ceremonia efectuada en la sede de Edesur. Jim\u00e9nez Bichara abog\u00f3 por el \u00e9xito de la gesti\u00f3n del nuevo gerente general de la empresa distribuidora.<\/span><\/p>\n<\/p>\n<p><span class=\"text1noticias\">El nuevo administrador de Edesur record\u00f3 que cuando trabaj\u00f3 como t\u00e9cnico en esa empresa durante la gesti\u00f3n del vicepresidente de la CDEEE, Rub\u00e9n Jim\u00e9nez Bichara, esa empresa logr\u00f3 el equilibrio en sus finanzas, y entiende que es posible lograrlo de nuevo.<\/span><\/p>\n<p><span class=\"text1noticias\">El nuevo funcionario manifest\u00f3 su convicci\u00f3n de que los t\u00e9cnicos y empleados de Edesur tienen la aptitud y la actitud para enfrentar el desaf\u00edo que implica afrontar las metas trazadas para lograr una empresa exitosa.<\/span><\/p>\n<\/p>\n<p><span class=\"text1noticias\">Agradeci\u00f3 al presidente de la Rep\u00fablica, Danilo Medina, la confianza en su capacidad para administrar la empresa, y a Jim\u00e9nez Bichara su apoyo y colaboraci\u00f3n.<\/span><\/p>\n<\/p>\n<p><span class=\"text1noticias\">En tanto que el gerente general saliente, Rub\u00e9n Mont\u00e1s, se manifest\u00f3 agradecido con el presidente Danilo Medina por la oportunidad que le dio al nombrarlo en la empresa, en la cual, expres\u00f3, aprendi\u00f3 mucho sobre el sector.<\/span><\/p>\n<p><span class=\"text1noticias\">Tambi\u00e9n agradeci\u00f3 la colaboraci\u00f3n de los t\u00e9cnicos y empleados de la empresa que siempre le dieron su apoyo, y donde hizo muchos amigos.<\/span><\/p>\n<\/p>\n<p><span class=\"text1noticias\">Radham\u00e9s del Carmen<\/span><\/p>\n<\/p>\n<p><span class=\"text1noticias\">Radham\u00e9s Del Carmen cuenta con una experiencia de m\u00e1s de 20 a\u00f1os en el sector el\u00e9ctrico, con especialidad en el \u00e1rea de distribuci\u00f3n y comercializaci\u00f3n. A la hora de su designaci\u00f3n en Edesur se desempe\u00f1aba como asesor de la Vicepresidencia Ejecutiva, director de Proyectos y Control de Gesti\u00f3n de la CDEEE.<\/span><\/p>\n<\/p>\n<p><span class=\"text1noticias\">Es adem\u00e1s uno de los cuatro t\u00e9cnicos que representan los intereses del Estado en las discusiones del Pacto El\u00e9ctrico que coordina el Consejo Econ\u00f3mico y Social.<\/span><\/p>\n<\/p>\n<p><span class=\"text1noticias\">Es graduado de ingeniero electromec\u00e1nico, menci\u00f3n el\u00e9ctrica, de la Universidad Aut\u00f3noma de Santo Domingo, con post grado en Gesti\u00f3n del Negocio El\u00e9ctrico de Distribuci\u00f3n de la Universidad Corporativa Uni\u00f3n FENOSA, \u00c1vila, Espa\u00f1a.<\/span><\/p>\n<\/p>\n<p><span class=\"text1noticias\">Trabaj\u00f3 como consultor s\u00e9nior para las empresas de consultor\u00eda internacional Soluziona e INDRA, expertas en gesti\u00f3n de utilities de distribuci\u00f3n el\u00e9ctrica, siendo el responsable del dise\u00f1o funcional del Sistema  de Control y Balance Energ\u00e9tico y su posterior implementaci\u00f3n en empresas de distribuci\u00f3n el\u00e9ctrica de Rep\u00fablica Dominicana, Colombia y Libia.<\/span><\/p>\n<h6> 2016-06-27 15:05:27 <\/h6>\n<p><!--\n<link rel=\"stylesheet\" href=\"css\/bootstrap.min.css\">\n\n\n<ul class=\"pagination\">\n\t    \n\t\n\n<li >\n\t<a href='?page_no=12605'>Previous<\/a>\n\t<\/li>\n\n\n       \n    \n\n<li><a href='?page_no=1'>1<\/a><\/li>\n\n\n\n<li><a href='?page_no=2'>2<\/a><\/li>\n\n\n\n<li><a>...<\/a><\/li>\n\n\n\n<li><a href='?page_no=12604'>12604<\/a><\/li>\n\n\n\n<li><a href='?page_no=12605'>12605<\/a><\/li>\n\n\n\n<li class='active'><a>12606<\/a><\/li>\n\n\n\n<li><a href='?page_no=12607'>12607<\/a><\/li>\n\n\n\n<li><a href='?page_no=12608'>12608<\/a><\/li>\n\n\n\n<li><a>...<\/a><\/li>\n\n\n\n<li><a href='?page_no=56169'>56169<\/a><\/li>\n\n\n\n<li><a href='?page_no=56170'>56170<\/a><\/li>\n\n    \n\t\n\n<li >\n\t<a href='?page_no=12607'>Next<\/a>\n\t<\/li>\n\n\n    \n\n<li><a href='?page_no=56170'>Last &rsaquo;&rsaquo;<\/a><\/li>\n\n<\/ul>\n\n\n--><br \/>\n<\/body><\/p>\n","protected":false},"excerpt":{"rendered":"<p>Santo Domingo, R.D., 27 de junio.- Reducir las p\u00e9rdidas, aumentar las cobranzas y darles a los clientes el servicio efectivo y eficiente que se merecen es la meta del nuevo administrador gerente general de la Empresa Distribuidora de Energ\u00eda del Sur (Edesur), Radham\u00e9s del Carmen Mar\u00ed\u00f1ez. Sostuvo que no hay ninguna raz\u00f3n por la que [&hellip;]<\/p>\n","protected":false},"author":3,"featured_media":0,"comment_status":"open","ping_status":"open","sticky":false,"template":"","format":"standard","meta":{"footnotes":""},"categories":[20],"tags":[],"class_list":["post-218156","post","type-post","status-publish","format-standard","hentry","category-dominicana-hoy"],"_links":{"self":[{"href":"https:\/\/diariodominicano.com\/index.php?rest_route=\/wp\/v2\/posts\/218156","targetHints":{"allow":["GET"]}}],"collection":[{"href":"https:\/\/diariodominicano.com\/index.php?rest_route=\/wp\/v2\/posts"}],"about":[{"href":"https:\/\/diariodominicano.com\/index.php?rest_route=\/wp\/v2\/types\/post"}],"author":[{"embeddable":true,"href":"https:\/\/diariodominicano.com\/index.php?rest_route=\/wp\/v2\/users\/3"}],"replies":[{"embeddable":true,"href":"https:\/\/diariodominicano.com\/index.php?rest_route=%2Fwp%2Fv2%2Fcomments&post=218156"}],"version-history":[{"count":0,"href":"https:\/\/diariodominicano.com\/index.php?rest_route=\/wp\/v2\/posts\/218156\/revisions"}],"wp:attachment":[{"href":"https:\/\/diariodominicano.com\/index.php?rest_route=%2Fwp%2Fv2%2Fmedia&parent=218156"}],"wp:term":[{"taxonomy":"category","embeddable":true,"href":"https:\/\/diariodominicano.com\/index.php?rest_route=%2Fwp%2Fv2%2Fcategories&post=218156"},{"taxonomy":"post_tag","embeddable":true,"href":"https:\/\/diariodominicano.com\/index.php?rest_route=%2Fwp%2Fv2%2Ftags&post=218156"}],"curies":[{"name":"wp","href":"https:\/\/api.w.org\/{rel}","templated":true}]}}