{"id":218155,"date":"2016-06-27T15:17:28","date_gmt":"2016-06-27T15:17:28","guid":{"rendered":"http:\/\/diariodominicano.ddns.net\/?p=218155"},"modified":"2016-06-27T15:17:28","modified_gmt":"2016-06-27T15:17:28","slug":"minerd-otorga-a-maestros-mas-de-200-mil-becas-e-incrementa-su-salario-cada-ano","status":"publish","type":"post","link":"https:\/\/diariodominicano.com\/?p=218155","title":{"rendered":"(MINERD) otorga a maestros m\u00e1s de 200 mil becas  e incrementa su salario cada a\u00f1o"},"content":{"rendered":"<p><body><\/p>\n<p><img decoding=\"async\" src=\"img3\/DSC_0495 (1).JPG\" \/>  <\/p>\n<p><strong><span class=\"text1noticias\">Santo Domingo, R.D., 27 de junio.- <\/span><\/strong><span class=\"text1noticias\">Ministerio de Educaci\u00f3n, (MINERD)  dio a conocer que los m\u00e1s de 87 mil docentes que trabajan en este sistema p\u00fablico reciben este jueves 30 de junio el D\u00eda del Maestro con mejores perspectivas para su desarrollo, mayor apoyo en formaci\u00f3n profesional, mejores salarios y m\u00e1s atenci\u00f3n de parte del Ministerio de Educaci\u00f3n (Minerd) a las necesidades del sector.<\/span><\/p>\n<\/p>\n<p><span class=\"text1noticias\">Seg\u00fan este organismo, en junio de este a\u00f1o,  a trav\u00e9s del Minerd, se ha otorgado 226,117 becas al personal docente en programas de formaci\u00f3n continua y 11,804 han sido beneficiados con becas para programas de posgrado, como especialidades, maestr\u00edas y doctorados, de los cuales 7,807 se encuentran en proceso de formaci\u00f3n y 3,997 se han graduado.<\/span><\/p>\n<\/p>\n<p><span class=\"text1noticias\">Mediante nota de prensa informaron,  que cada docente ha recibido desde septiembre 2012 a junio 2016 un promedio de tres becas por a\u00f1o, seg\u00fan la Oficina de Planificaci\u00f3n del Minerd durante el periodo agosto 2012 a abril 2016. Del total de becas  otorgadas para formaci\u00f3n continua, 68,020 han beneficiado a 11,058 del  personal de las escuelas y distritos participantes en la Estrategia de Formaci\u00f3n Continua Centrada en la Escuela a trav\u00e9s de ciclos de diplomados, talleres, congresos, seminarios y cursos recurrentes.<\/span><\/p>\n<\/p>\n<p><span class=\"text1noticias\">Un total de 172,233 docentes, t\u00e9cnicos, estudiantes y sus familias han sido beneficiados con la Estrategia de Formaci\u00f3n Continua Centrada en la Escuela.<\/span><\/p>\n<\/p>\n<p><span class=\"text1noticias\">De acuerdo a la Oficina de Planificaci\u00f3n del Minerd, la inversi\u00f3n en programas para la formaci\u00f3n docente pas\u00f3 de RD$1,383.4 millones en el a\u00f1o 2012 a RD$2,972.5 millones en el presupuesto inicial del a\u00f1o 2015. La meta para este a\u00f1o supera los RD$3 mil millones.<\/span><\/p>\n<\/p>\n<p><span class=\"text1noticias\">El Minerd tambi\u00e9n ha realizado cuantiosas inversiones en la adquisici\u00f3n de computadoras para maestros. A trav\u00e9s del programa Compu-Maestro, el Minerd adquiri\u00f3 10 mil laptops en el 2014 y 8 mil en el 2015 que han beneficiado a 9,130  maestros con diplomados en tecnolog\u00eda de la informaci\u00f3n y la comunicaci\u00f3n. Tambi\u00e9n se han formado a 900 maestros en Rob\u00f3tica Educativa y ya imparten estos programas en 450 centros educativos a nivel nacional.<\/span><\/p>\n<\/p>\n<p><strong><span class=\"text1noticias\">Salarios<\/span><\/strong><\/p>\n<p><span class=\"text1noticias\">En materia salarial, el Minerd  ha incrementado anualmente el salario y los incentivos del personal docente. Desde el a\u00f1o 2012 al 2015 el incremento porcentual del salario del docente de B\u00e1sica fue de un 52% y el de Media 57%. Esta variaci\u00f3n es la mayor registrada, en t\u00e9rmino de reivindicaci\u00f3n salarial, desde la d\u00e9cada de los noventa.<\/span><\/p>\n<\/p>\n<p><span class=\"text1noticias\">En el a\u00f1o 2012 el salario del personal docente de B\u00e1sica era de RD$26,259 y el de Media de RD$29,390. Para el 2013 alcanzaba RD$32,847 y RD$37,668. Para el a\u00f1o 2014 el salario del personal docente de B\u00e1sica era de RD$35,633 y el de Media de RD$41,096. En el a\u00f1o 2015 el personal docente de B\u00e1sica ganaba RD$39,909 y el de Media RD$46,028. Este a\u00f1o 2016 el personal docente de B\u00e1sica gana RD$43,533 y el de Media RD$51,056.<\/span><\/p>\n<\/p>\n<p><span class=\"text1noticias\">Estos incrementos salariales en el personal docente de las escuelas p\u00fablicas fue el principal motivo para que miles de profesionales de otras \u00e1reas, incluyendo a m\u00e9dicos e ingenieros, economistas, contables y periodistas aspiraran a convertirse en maestros de escuelas p\u00fablicas en uno de los concursos de oposici\u00f3n que hizo el Ministerio de Educaci\u00f3n recientemente.<\/span><\/p>\n<p><span class=\"text1noticias\">El concurso de oposici\u00f3n ha tenido un aumento significativo en la cantidad de postulantes, pasando de 6,575 personas en el a\u00f1o 2012 a 36,884 en el 2015, lo que representa un incremento de un 461%, seg\u00fan la Oficina de Planificaci\u00f3n del Minerd.<\/span><\/p>\n<p><span class=\"text1noticias\"><strong>Dignificaci\u00f3n a maestros<\/strong><\/span><\/p>\n<p><span class=\"text1noticias\">La Revoluci\u00f3n Educativa que impulsa el Presidente Danilo Medina a trav\u00e9s del Minerd, trabaja en la dignificaci\u00f3n de m\u00e1s de 85  mil maestros que conforman el sistema educativo nacional, como forma de incentivarlo.<\/span><\/p>\n<\/p>\n<p><span class=\"text1noticias\">Seg\u00fan el Ministro de Educaci\u00f3n, Carlos Amarante Baret, la prioridad principal del gobierno consiste en apoyar con todos los medios la labor que realizan  los maestros y maestras dominicanos, a fin de que puedan hacer un mejor trabajo y construir una mejor escuela.<\/span><\/p>\n<\/p>\n<p><span class=\"text1noticias\">Por disposici\u00f3n del presidente Danilo Medina se fij\u00f3 en RD$15,000.00 las pensiones y jubilaciones de los docentes del sistema educativo, a trav\u00e9s del Decreto No. 329-13. El Programa Especial de Pensiones y Jubilaciones es un esquema de reparto que garantiza los derechos previsionales de sus afiliados: por antig\u00fcedad en el servicio, discapacidad y sobrevivencia. <\/span><\/p>\n<\/p>\n<p><span class=\"text1noticias\"> Desde el 2015 hasta la fecha el Programa ha incorporado 809 docentes para un total de 14,347 jubilados, representando un saldo mensual a trav\u00e9s del Ministerio de Educaci\u00f3n de RD$351.5 millones.<\/span><\/p>\n<\/p>\n<p><span class=\"text1noticias\">El Ministro de Educaci\u00f3n ha elaborado una nueva estrategia en materia de formaci\u00f3n del personal docente, que se hace a trav\u00e9s de las universidades INTEC y Pontificia Madre y Maestra, que dan seguimiento en las aulas a los profesores y profesoras que son formados.<\/span><\/p>\n<\/p>\n<p><span class=\"text1noticias\">Esta estrategia tiene dos componentes y busca la actualizaci\u00f3n de los docentes desde las mismas escuelas para mejorar sus competencias profesionales, impulsar la gesti\u00f3n del conocimiento en el aula, animar aprendizajes efectivos en los estudiantes y aportar calidad a la cultura institucional y comunitaria en sus lugares de trabajo.<\/span><\/p>\n<\/p>\n<p><span class=\"text1noticias\">Se basa tambi\u00e9n en el desarrollo de programas de especialidad, diplomados o talleres para fortalecer las competencias sobre acompa\u00f1amiento del personal t\u00e9cnico de los distritos educativos, la creaci\u00f3n de grupos pedag\u00f3gicos para reflexionar sobre los aspectos de mayor inter\u00e9s docente y el dise\u00f1o de tutor\u00edas virtuales, bajo responsabilidad de la universidad acompa\u00f1ante.<\/span><\/p>\n<\/p>\n<h6> 2016-06-27 15:17:28 <\/h6>\n<p><!--\n<link rel=\"stylesheet\" href=\"css\/bootstrap.min.css\">\n\n\n<ul class=\"pagination\">\n\t    \n\t\n\n<li >\n\t<a href='?page_no=12604'>Previous<\/a>\n\t<\/li>\n\n\n       \n    \n\n<li><a href='?page_no=1'>1<\/a><\/li>\n\n\n\n<li><a href='?page_no=2'>2<\/a><\/li>\n\n\n\n<li><a>...<\/a><\/li>\n\n\n\n<li><a href='?page_no=12603'>12603<\/a><\/li>\n\n\n\n<li><a href='?page_no=12604'>12604<\/a><\/li>\n\n\n\n<li class='active'><a>12605<\/a><\/li>\n\n\n\n<li><a href='?page_no=12606'>12606<\/a><\/li>\n\n\n\n<li><a href='?page_no=12607'>12607<\/a><\/li>\n\n\n\n<li><a>...<\/a><\/li>\n\n\n\n<li><a href='?page_no=56169'>56169<\/a><\/li>\n\n\n\n<li><a href='?page_no=56170'>56170<\/a><\/li>\n\n    \n\t\n\n<li >\n\t<a href='?page_no=12606'>Next<\/a>\n\t<\/li>\n\n\n    \n\n<li><a href='?page_no=56170'>Last &rsaquo;&rsaquo;<\/a><\/li>\n\n<\/ul>\n\n\n--><br \/>\n<\/body><\/p>\n","protected":false},"excerpt":{"rendered":"<p>Santo Domingo, R.D., 27 de junio.- Ministerio de Educaci\u00f3n, (MINERD) dio a conocer que los m\u00e1s de 87 mil docentes que trabajan en este sistema p\u00fablico reciben este jueves 30 de junio el D\u00eda del Maestro con mejores perspectivas para su desarrollo, mayor apoyo en formaci\u00f3n profesional, mejores salarios y m\u00e1s atenci\u00f3n de parte del [&hellip;]<\/p>\n","protected":false},"author":3,"featured_media":0,"comment_status":"open","ping_status":"open","sticky":false,"template":"","format":"standard","meta":{"footnotes":""},"categories":[20],"tags":[],"class_list":["post-218155","post","type-post","status-publish","format-standard","hentry","category-dominicana-hoy"],"_links":{"self":[{"href":"https:\/\/diariodominicano.com\/index.php?rest_route=\/wp\/v2\/posts\/218155","targetHints":{"allow":["GET"]}}],"collection":[{"href":"https:\/\/diariodominicano.com\/index.php?rest_route=\/wp\/v2\/posts"}],"about":[{"href":"https:\/\/diariodominicano.com\/index.php?rest_route=\/wp\/v2\/types\/post"}],"author":[{"embeddable":true,"href":"https:\/\/diariodominicano.com\/index.php?rest_route=\/wp\/v2\/users\/3"}],"replies":[{"embeddable":true,"href":"https:\/\/diariodominicano.com\/index.php?rest_route=%2Fwp%2Fv2%2Fcomments&post=218155"}],"version-history":[{"count":0,"href":"https:\/\/diariodominicano.com\/index.php?rest_route=\/wp\/v2\/posts\/218155\/revisions"}],"wp:attachment":[{"href":"https:\/\/diariodominicano.com\/index.php?rest_route=%2Fwp%2Fv2%2Fmedia&parent=218155"}],"wp:term":[{"taxonomy":"category","embeddable":true,"href":"https:\/\/diariodominicano.com\/index.php?rest_route=%2Fwp%2Fv2%2Fcategories&post=218155"},{"taxonomy":"post_tag","embeddable":true,"href":"https:\/\/diariodominicano.com\/index.php?rest_route=%2Fwp%2Fv2%2Ftags&post=218155"}],"curies":[{"name":"wp","href":"https:\/\/api.w.org\/{rel}","templated":true}]}}