{"id":218145,"date":"2016-06-28T09:17:57","date_gmt":"2016-06-28T09:17:57","guid":{"rendered":"http:\/\/diariodominicano.ddns.net\/?p=218145"},"modified":"2016-06-28T09:17:57","modified_gmt":"2016-06-28T09:17:57","slug":"canciller-reconoce-colaboradores-para-asamblea-oea","status":"publish","type":"post","link":"https:\/\/diariodominicano.com\/?p=218145","title":{"rendered":"Canciller reconoce colaboradores para Asamblea OEA"},"content":{"rendered":"<p><body><\/p>\n<p><img decoding=\"async\" src=\"img3\/NAVARRO 28-6.JPG\" \/><br \/><img decoding=\"async\" src=\"img3\/RECONOCIDOS 28-6.JPG\" \/>  <\/p>\n<p><span class=\"text1noticias\">Santo Domingo, R. D., 28 junio.- El ministro de Relaciones Exteriores, arquitecto Andr\u00e9s Navarro, encabez\u00f3 la entrega de pergaminos de reconocimiento a alrededor de 900 funcionarios y empleados de la Canciller\u00eda, as\u00ed como a distintas instituciones del gobierno central y organismos de seguridad del Estado que con su ardua labor contribuyeron con el \u00e9xito alcanzado por la Rep\u00fablica Dominicana en el montaje de la Cuadrag\u00e9simo-Sexta Reuni\u00f3n Ordinaria de la Organizaci\u00f3n de Estados Americanos (OEA), reci\u00e9n celebrada en el pa\u00eds del 13 al 15 de junio.<\/span><\/p>\n<p><span class=\"text1noticias\">  <\/span><\/p>\n<p><span class=\"text1noticias\">\u00abNos abrazamos todos en la Canciller\u00eda por esta extraordinaria jornada de organizaci\u00f3n de tan importante evento y que culmin\u00f3 con un \u00e9xito sin precedente, con lo que, al mismo tiempo, hemos logrado colocar la imagen del pa\u00eds en el sitial que nos propusimos todos. Despu\u00e9s del montaje de esa importante reuni\u00f3n de la OEA, la imagen alcanzada por la Rep\u00fablica Dominicana es otra a nivel multilateral, lo que ha sido posible gracias al aporte de todos\u00bb, dijo el canciller Navarro.<\/span><\/p>\n<p><span class=\"text1noticias\"> <\/span><\/p>\n<p><span class=\"text1noticias\">En un acto celebrado en el Auditorio Eduardo Latorre de la Canciller\u00eda, Navarro destac\u00f3 la gran labor desplegada por todos los equipos de las diferentes \u00e1reas de la Canciller\u00eda, lo que gener\u00f3 elogios a nivel local e internacional, \u00abpero, sobre todo, que nuestros visitantes se sintieran como en casa\u00bb.<\/span><\/p>\n<p><span class=\"text1noticias\"> <\/span><\/p>\n<p><span class=\"text1noticias\">Asimismo, resalt\u00f3 el trabajo de las direcciones de Seguridad interna del MIREX, as\u00ed como el valioso rol desempe\u00f1ado por los miembros de la Direcci\u00f3n Nacional de Investigaciones (DNI) que dirige el almirante Sigfrido Pared P\u00e9rez, \u00abquienes con la profesionalidad e inteligencia necesarias frenaron cualquier posibilidad de conflicto que afectara el evento regional.<\/span><\/p>\n<p><span class=\"text1noticias\">  <\/span><\/p>\n<p><span class=\"text1noticias\">Navarro agradeci\u00f3, igualmente, la valiosa colaboraci\u00f3n de los medios de comunicaci\u00f3n, as\u00ed tambi\u00e9n a los m\u00e1s de 200 estudiantes que fungieron como voluntarios, aportados por las universidades Aut\u00f3noma de Santo Domingo (UASD), Cat\u00f3lica de Santo Domingo, Pontificia Universidad Cat\u00f3lica Madre y Maestra (PUCMM), Apec, Intec, Tecnol\u00f3gica de Santiago (UTESA), O&amp;M, Del Caribe, UNPHU, y el Instituto de Formaci\u00f3n T\u00e9cnico Profesional (INFOTEP), entre otras academias.<\/span><\/p>\n<p><span class=\"text1noticias\">  <\/span><\/p>\n<p><span class=\"text1noticias\">\u00abEsos estudiantes trabajaron inspirados en la voluntad de aportar a su pa\u00eds, lo que demuestra en gran valor que se est\u00e1 generando en nuestras academias. Nuestro reconocimiento a ellos y gratitud a los rectores y directores de esos centros\u00bb, refiri\u00f3.<\/span><\/p>\n<p><span class=\"text1noticias\">  <\/span><\/p>\n<p><span class=\"text1noticias\">Otras \u00e1reas destacadas por el funcionario como decisivas para el \u00e9xito de la cumbre de cancilleres de la OEA, fueron los viceministerios de Pol\u00edtica Exterior y de Asuntos Comerciales e Inversiones; Protocolo, Eventos, Tecnolog\u00eda, la Direcci\u00f3n de Comunicaciones y Prensa, Conserjer\u00eda, Planificaci\u00f3n, Conserjer\u00eda, Acreditaciones, \u00abestructuras en las cuales cada d\u00eda sentimos m\u00e1s confianza\u00bb precisamente para enfrentar los pr\u00f3ximos retos que debemos enfrentar como la Cumbre de Cancilleres Uni\u00f3n Europea-CELAC y la Cumbre de Jefes de Estado y de Gobierno del referido bloque regional.<\/span><\/p>\n<p><span class=\"text1noticias\">  <\/span><\/p>\n<p><span class=\"text1noticias\">Navarro exhort\u00f3 al personal a disfrutar el \u00e9xito alcanzado con la suficiente humildad y reforzar su compromiso como persona y frente a la instituci\u00f3n, \u00abpara llegar cumpliendo con nuestro principal deber como Ministerio de Relaciones Exteriores, que es promocionar la convivencia pac\u00edfica y la prosperidad de los dominicanos y de los dem\u00e1s pueblos del mundo\u00bb.<\/span><\/p>\n<p><span class=\"text1noticias\">  <\/span><\/p>\n<p><span class=\"text1noticias\">Entre los reconocidos tambi\u00e9n figuraron los funcionarios y empleados de la Direcci\u00f3n de Informaci\u00f3n, \u00c9tica y Transparencia Institucional; Direcci\u00f3n de Planificaci\u00f3n y Desarrollo; Secretar\u00eda T\u00e9cnica de la OEA, Divisi\u00f3n de Admisiones de Voluntarios; Divisi\u00f3n de Cumbres, Divisi\u00f3n de Transportaci\u00f3n, Divisi\u00f3n de Visas Voluntarios y Direcci\u00f3n de Asuntos Multilaterales.<\/span><\/p>\n<p><span class=\"text1noticias\">  <\/span><\/p>\n<p><span class=\"text1noticias\">Asimismo, de la Direcci\u00f3n de Bilaterales, Comisi\u00f3n MIREX-OEA; Divisi\u00f3n de Planta F\u00edsica, Unidad de Auditor\u00eda, Personal del Despacho del ministro Navarro; Oficina Coordinadora de la Comisi\u00f3n Nacional de Negociaciones Comerciales, Direcci\u00f3n de Derechos Humanos, Viceministerio de Negociaciones Comerciales, Direcci\u00f3n de Tecnolog\u00eda de la Informaci\u00f3n; Conserjer\u00eda, Direcci\u00f3n de Carrera, Correspondencia, y Direcci\u00f3n de Recursos Humanos, entre otras \u00e1reas.<\/span><\/p>\n<p><span class=\"text1noticias\">  <\/span><\/p>\n<p><span class=\"text1noticias\">El canciller Navarro tambi\u00e9n reconoci\u00f3 y agradeci\u00f3 el aporte de decenas de instituciones del gobierno central y cuerpos castrenses, como el Ministerio de Defensa, la Direcci\u00f3n Nacional de Investigaciones (DNI), la Polic\u00eda Nacional, Ej\u00e9rcito de la Rep\u00fablica Dominicana, Direcci\u00f3n de Migraci\u00f3n, Ministerio de Obras P\u00fablicas; Oficina Metropolitana de Servicios de Autobuses (OMSA), Ministerio de Cultura, los cuerpos de bomberos del Gran Santo Domingo; Aeropuerto Internacional de las Am\u00e9ricas, Direcci\u00f3n de Presupuesto, Direcci\u00f3n de Compras y Contrataciones P\u00fablicas, Tesorer\u00eda Nacional; Direcci\u00f3n de Aduanas, Contralor\u00eda General de la Rep\u00fablica, Empresa Distribuidora de Electricidad del Sur (EDESUR), Cuerpo Especializado de Seguridad Aeroportuaria (CESAC), y Autoridad Metropolitana del Transporte (AMET), entre otros organismos del Estado.<\/span><\/p>\n<p><span class=\"text1noticias\"> <\/span><\/p>\n<p><span class=\"text1noticias\">Durante la celebraci\u00f3n de la reuni\u00f3n de la OEA en el pa\u00eds, se debatieron los m\u00e1s trascendentales temas que envuelven a la regi\u00f3n, al tiempo que se aprob\u00f3 por aclamaci\u00f3n una hist\u00f3rica declaraci\u00f3n de desagravio a la Rep\u00fablica Dominicana, adem\u00e1s de una resoluci\u00f3n presentada por la delegaci\u00f3n argentina en la que se felicit\u00f3 al presidente Danilo Medina y al pueblo dominicano en general por el \u00e9xito alcanzado en el montaje del evento regional.<\/span><\/p>\n<\/p>\n<h6> 2016-06-28 09:17:57 <\/h6>\n<p><!--\n<link rel=\"stylesheet\" href=\"css\/bootstrap.min.css\">\n\n\n<ul class=\"pagination\">\n\t    \n\t\n\n<li >\n\t<a href='?page_no=12596'>Previous<\/a>\n\t<\/li>\n\n\n       \n    \n\n<li><a href='?page_no=1'>1<\/a><\/li>\n\n\n\n<li><a href='?page_no=2'>2<\/a><\/li>\n\n\n\n<li><a>...<\/a><\/li>\n\n\n\n<li><a href='?page_no=12595'>12595<\/a><\/li>\n\n\n\n<li><a href='?page_no=12596'>12596<\/a><\/li>\n\n\n\n<li class='active'><a>12597<\/a><\/li>\n\n\n\n<li><a href='?page_no=12598'>12598<\/a><\/li>\n\n\n\n<li><a href='?page_no=12599'>12599<\/a><\/li>\n\n\n\n<li><a>...<\/a><\/li>\n\n\n\n<li><a href='?page_no=56169'>56169<\/a><\/li>\n\n\n\n<li><a href='?page_no=56170'>56170<\/a><\/li>\n\n    \n\t\n\n<li >\n\t<a href='?page_no=12598'>Next<\/a>\n\t<\/li>\n\n\n    \n\n<li><a href='?page_no=56170'>Last &rsaquo;&rsaquo;<\/a><\/li>\n\n<\/ul>\n\n\n--><br \/>\n<\/body><\/p>\n","protected":false},"excerpt":{"rendered":"<p>Santo Domingo, R. D., 28 junio.- El ministro de Relaciones Exteriores, arquitecto Andr\u00e9s Navarro, encabez\u00f3 la entrega de pergaminos de reconocimiento a alrededor de 900 funcionarios y empleados de la Canciller\u00eda, as\u00ed como a distintas instituciones del gobierno central y organismos de seguridad del Estado que con su ardua labor contribuyeron con el \u00e9xito alcanzado [&hellip;]<\/p>\n","protected":false},"author":3,"featured_media":0,"comment_status":"open","ping_status":"open","sticky":false,"template":"","format":"standard","meta":{"footnotes":""},"categories":[20],"tags":[],"class_list":["post-218145","post","type-post","status-publish","format-standard","hentry","category-dominicana-hoy"],"_links":{"self":[{"href":"https:\/\/diariodominicano.com\/index.php?rest_route=\/wp\/v2\/posts\/218145","targetHints":{"allow":["GET"]}}],"collection":[{"href":"https:\/\/diariodominicano.com\/index.php?rest_route=\/wp\/v2\/posts"}],"about":[{"href":"https:\/\/diariodominicano.com\/index.php?rest_route=\/wp\/v2\/types\/post"}],"author":[{"embeddable":true,"href":"https:\/\/diariodominicano.com\/index.php?rest_route=\/wp\/v2\/users\/3"}],"replies":[{"embeddable":true,"href":"https:\/\/diariodominicano.com\/index.php?rest_route=%2Fwp%2Fv2%2Fcomments&post=218145"}],"version-history":[{"count":0,"href":"https:\/\/diariodominicano.com\/index.php?rest_route=\/wp\/v2\/posts\/218145\/revisions"}],"wp:attachment":[{"href":"https:\/\/diariodominicano.com\/index.php?rest_route=%2Fwp%2Fv2%2Fmedia&parent=218145"}],"wp:term":[{"taxonomy":"category","embeddable":true,"href":"https:\/\/diariodominicano.com\/index.php?rest_route=%2Fwp%2Fv2%2Fcategories&post=218145"},{"taxonomy":"post_tag","embeddable":true,"href":"https:\/\/diariodominicano.com\/index.php?rest_route=%2Fwp%2Fv2%2Ftags&post=218145"}],"curies":[{"name":"wp","href":"https:\/\/api.w.org\/{rel}","templated":true}]}}