{"id":218143,"date":"2016-06-28T11:27:05","date_gmt":"2016-06-28T11:27:05","guid":{"rendered":"http:\/\/diariodominicano.ddns.net\/?p=218143"},"modified":"2016-06-28T11:27:05","modified_gmt":"2016-06-28T11:27:05","slug":"motivo-para-celebrar-este-miercoles-con-la-entrega-la-nueva-barquita","status":"publish","type":"post","link":"https:\/\/diariodominicano.com\/?p=218143","title":{"rendered":"Motivo para celebrar, este mi\u00e9rcoles, con la entrega La Nueva Barquita"},"content":{"rendered":"<p><body><\/p>\n<p><img decoding=\"async\" src=\"img3\/Marchena28-6.jpg\" \/>  <\/p>\n<p><span class=\"text1noticias\">Santo Domingo, R. D., 28 de junio.- Ma\u00f1ana hay un motivo para celebrar la dignificaci\u00f3n en las condiciones de vida de 6 mil dominicanas y dominicanos, de 1,637 familias para quienes se termin\u00f3 la angustia para siempre, cuando el presidente Danilo Medina les entregue La Nueva Barquita.<\/span><\/p>\n<p><span class=\"text1noticias\"> <\/span><\/p>\n<p><span class=\"text1noticias\">Fue la expresi\u00f3n del portavoz del Gobierno y director de Comunicaci\u00f3n de la Presidencia, Roberto Rodr\u00edguez Marchena, al referirse al proyecto habitacional en el cual el Gobierno de Danilo Medina y de todos los dominicanos invirti\u00f3 m\u00e1s de 4 mil millones de pesos y que cont\u00f3 con la participaci\u00f3n de la misma comunidad.<\/span><\/p>\n<p><span class=\"text1noticias\"> <\/span><\/p>\n<p><span class=\"text1noticias\">Al ser entrevistado en el programa Matinal, que se transmite por Telemicro, canal 5, por Geraldino Gonz\u00e1lez y Laura Castellanos, Rodr\u00edguez Marchena inform\u00f3 que el acto inaugural ser\u00e1 a las cuatro de la tarde.<\/span><\/p>\n<p><span class=\"text1noticias\"> <\/span><\/p>\n<p><span class=\"text1noticias\">Gran celebraci\u00f3n para la sociedad<\/span><\/p>\n<p><span class=\"text1noticias\"> <\/span><\/p>\n<p><span class=\"text1noticias\">\u00abPara nosotros desde el Gobierno, yo ir\u00eda m\u00e1s all\u00e1, para la sociedad dominicana, el d\u00eda de ma\u00f1ana a las cuatro de la tarde ser\u00e1 de gran celebraci\u00f3n, porque se entregar\u00e1n estas viviendas a estos dominicanos y dominicanas, en un proceso que constituye una nueva vida, con el respeto a las personas\u00bb.<\/span><\/p>\n<p><span class=\"text1noticias\"> <\/span><\/p>\n<p><span class=\"text1noticias\">Al expresar la enorme satisfacci\u00f3n que significa para el Gobierno cristalizar el sue\u00f1o de los beneficiarios, asegur\u00f3 que este proyecto puede servir de referente para otras iniciativas en las que incluso, revel\u00f3, ya se est\u00e1 trabajando, como La Mesopotamia en San Juan de la Maguana.<\/span><\/p>\n<p><span class=\"text1noticias\"> <\/span><\/p>\n<p><span class=\"text1noticias\">Proceso hacia una nueva vida m\u00e1s all\u00e1 de la vivienda<\/span><\/p>\n<p><span class=\"text1noticias\"> <\/span><\/p>\n<p><span class=\"text1noticias\">Explic\u00f3 que m\u00e1s all\u00e1 de las viviendas, significa un proceso hacia una nueva vida.<\/span><\/p>\n<p><span class=\"text1noticias\"> <\/span><\/p>\n<p><span class=\"text1noticias\">\u00abSe levantan proyectos habitacionales que no son solo proyectos de construcci\u00f3n de apartamentos o multifamiliares como se hac\u00eda en el pasado, sino que tambi\u00e9n esto signifique un proyecto de una nueva vida, una nueva cultura y que todo esto se pueda hacer con el respeto a la dignidad, creando oportunidades tambi\u00e9n, observando los procesos institucionales que manda la ley en el sentido de las licitaciones, los concursos, de un manejo transparente de los recursos y de la integraci\u00f3n a la comunidad\u00bb, dijo.<\/span><\/p>\n<p><span class=\"text1noticias\"> <\/span><\/p>\n<p><span class=\"text1noticias\">Al decir de Roberto Rodr\u00edguez Marchena \u00abpara nosotros ma\u00f1ana va a ser motivo de celebraci\u00f3n\u00bb.<\/span><\/p>\n<p><span class=\"text1noticias\"> <\/span><\/p>\n<p><span class=\"text1noticias\">La promesa cumplida tumb\u00f3 todos los prejuicios: Vivito<\/span><\/p>\n<p><span class=\"text1noticias\"> <\/span><\/p>\n<p><span class=\"text1noticias\">Record\u00f3 que la constataci\u00f3n del trabajo realizado y de la promesa cumplida, tumb\u00f3 todos los prejuicios y las dudas que pudieron existir al principio, ante la expectativa de \u00abotra promesa m\u00e1s\u00bb.<\/span><\/p>\n<p><span class=\"text1noticias\"> <\/span><\/p>\n<p><span class=\"text1noticias\">Narr\u00f3 que por ello DICOM construy\u00f3 una historia con un hombre a quien le llaman \u00abVivito\u00bb, quien al principio estaba \u00abdao al pecao\u00bb, que al ver que el equipo llegaba con c\u00e1mara y todos los instrumentos de grabaci\u00f3n para el seguimiento filmogr\u00e1fico de los trabajos, el hombre dec\u00eda que esto era un enga\u00f1o m\u00e1s y que \u00e9l \u00absolo muerto, sal\u00eda de ah\u00ed\u00bb.<\/span><\/p>\n<p><span class=\"text1noticias\"> <\/span><\/p>\n<p><span class=\"text1noticias\">\u00abNosotros grabamos a este se\u00f1or molesto y guardamos el trabajo en archivo, cuando volvimos tres o cuatro meses despu\u00e9s, nos encontramos con este se\u00f1or, y no nos est\u00e1bamos dando cuenta, se hab\u00eda convertido en un promotor del proyecto, encantado de la vida, contento porque sus nietos iban a disfrutar de todo y cuando llegamos a la Factor\u00eda, que es el lugar donde nosotros producimos los videos en DICOM, descubrimos que este caballero era el hombre que estaba \u00abdao al pecao\u00bb y entonces unimos las dos historias y sali\u00f3 \u00abVivito\u00bb.<\/span><\/p>\n<p><span class=\"text1noticias\"> <\/span><\/p>\n<p><span class=\"text1noticias\">Esta referencia, insisti\u00f3, es para valorar la constataci\u00f3n del trabajo que se estaba realizando. \u00abVer para creer\u00bb, hubo un proceso materializ\u00e1ndose para ellos, se fueron convenciendo de que \u00abhab\u00eda un cari\u00f1o para ellos\u00bb.<\/span><\/p>\n<p><span class=\"text1noticias\"> <\/span><\/p>\n<p><span class=\"text1noticias\">Parque ecol\u00f3gico en el lugar que se deja atr\u00e1s<\/span><\/p>\n<p><span class=\"text1noticias\"> <\/span><\/p>\n<p><span class=\"text1noticias\">Destac\u00f3 que en este proyecto se han tomado todas las previsiones para que no existan inconvenientes de ning\u00fan tipo en cada uno de los procesos, como utilizar a la  misma gente de la comunidad que se deja atr\u00e1s para demoler las casuchas y as\u00ed evitar que muchos retornen, y anunciando que en ese lugar se construir\u00e1 un parque ecol\u00f3gico.<\/span><\/p>\n<p><span class=\"text1noticias\"> <\/span><\/p>\n<p><span class=\"text1noticias\">\u00abVamos a recuperar ese espacio que nunca debi\u00f3 ser habitado y entonces ser\u00e1 convertido en un parque ecol\u00f3gico\u00bb.<\/span><\/p>\n<p><span class=\"text1noticias\"> <\/span><\/p>\n<p><span class=\"text1noticias\">Infograf\u00eda de la dignidad de la gente de La Nueva Barquita<\/span><\/p>\n<p><span class=\"text1noticias\"> <\/span><\/p>\n<p><span class=\"text1noticias\">El pasado s\u00e1bado la Direcci\u00f3n General de Comunicaci\u00f3n destac\u00f3, a trav\u00e9s de una infograf\u00eda el impacto social y humano del proyecto La Nueva Barquita la cual ser\u00e1 entregada por el presidente Danilo Medina ma\u00f1ana a las cuatro de la tarde.<\/span><\/p>\n<p><span class=\"text1noticias\"> <\/span><\/p>\n<p><span class=\"text1noticias\">All\u00ed se enfatiza que el proyecto beneficiar\u00e1 a 6,000 personas distribuidas en 1,637 familias, que vivir\u00e1n con dignidad en 1,780 apartamentos alojados en 112 edificios.<\/span><\/p>\n<p><span class=\"text1noticias\"> <\/span><\/p>\n<p><span class=\"text1noticias\">Los vecinos y vecinas que all\u00ed vivir\u00e1n tendr\u00e1n todos los servicios b\u00e1sicos: Energ\u00eda el\u00e9ctrica, agua potable y sistema de gas por tuber\u00eda.<\/span><\/p>\n<p><span class=\"text1noticias\"> <\/span><\/p>\n<p><span class=\"text1noticias\">Tres plantas de tratamiento funcionar\u00e1n como humedales, mediante lagunas artificiales con plantas en flotaci\u00f3n que absorber\u00e1n los desechos de las aguas residuales, para lograr que las mismas lleguen limpias al r\u00edo y no lo contaminen.<\/span><\/p>\n<p><span class=\"text1noticias\"> <\/span><\/p>\n<p><span class=\"text1noticias\">Estas plantas funcionar\u00e1n 24 horas los 365 d\u00edas al a\u00f1o, sin necesidad de consumo de energ\u00eda, sin contaminaci\u00f3n, sin crear malos olores, sin producir plagas ni mosquitos y con bajo costo de mantenimiento. Todo esto con la garant\u00eda de un procesamiento de aguas residuales que no agrede al medio ambiente y que hace posible la utilizaci\u00f3n de los espacios.<\/span><\/p>\n<h6> 2016-06-28 11:27:05 <\/h6>\n<p><!--\n<link rel=\"stylesheet\" href=\"css\/bootstrap.min.css\">\n\n\n<ul class=\"pagination\">\n\t    \n\t\n\n<li >\n\t<a href='?page_no=12594'>Previous<\/a>\n\t<\/li>\n\n\n       \n    \n\n<li><a href='?page_no=1'>1<\/a><\/li>\n\n\n\n<li><a href='?page_no=2'>2<\/a><\/li>\n\n\n\n<li><a>...<\/a><\/li>\n\n\n\n<li><a href='?page_no=12593'>12593<\/a><\/li>\n\n\n\n<li><a href='?page_no=12594'>12594<\/a><\/li>\n\n\n\n<li class='active'><a>12595<\/a><\/li>\n\n\n\n<li><a href='?page_no=12596'>12596<\/a><\/li>\n\n\n\n<li><a href='?page_no=12597'>12597<\/a><\/li>\n\n\n\n<li><a>...<\/a><\/li>\n\n\n\n<li><a href='?page_no=56169'>56169<\/a><\/li>\n\n\n\n<li><a href='?page_no=56170'>56170<\/a><\/li>\n\n    \n\t\n\n<li >\n\t<a href='?page_no=12596'>Next<\/a>\n\t<\/li>\n\n\n    \n\n<li><a href='?page_no=56170'>Last &rsaquo;&rsaquo;<\/a><\/li>\n\n<\/ul>\n\n\n--><br \/>\n<\/body><\/p>\n","protected":false},"excerpt":{"rendered":"<p>Santo Domingo, R. D., 28 de junio.- Ma\u00f1ana hay un motivo para celebrar la dignificaci\u00f3n en las condiciones de vida de 6 mil dominicanas y dominicanos, de 1,637 familias para quienes se termin\u00f3 la angustia para siempre, cuando el presidente Danilo Medina les entregue La Nueva Barquita. Fue la expresi\u00f3n del portavoz del Gobierno y [&hellip;]<\/p>\n","protected":false},"author":3,"featured_media":0,"comment_status":"open","ping_status":"open","sticky":false,"template":"","format":"standard","meta":{"footnotes":""},"categories":[20],"tags":[],"class_list":["post-218143","post","type-post","status-publish","format-standard","hentry","category-dominicana-hoy"],"_links":{"self":[{"href":"https:\/\/diariodominicano.com\/index.php?rest_route=\/wp\/v2\/posts\/218143","targetHints":{"allow":["GET"]}}],"collection":[{"href":"https:\/\/diariodominicano.com\/index.php?rest_route=\/wp\/v2\/posts"}],"about":[{"href":"https:\/\/diariodominicano.com\/index.php?rest_route=\/wp\/v2\/types\/post"}],"author":[{"embeddable":true,"href":"https:\/\/diariodominicano.com\/index.php?rest_route=\/wp\/v2\/users\/3"}],"replies":[{"embeddable":true,"href":"https:\/\/diariodominicano.com\/index.php?rest_route=%2Fwp%2Fv2%2Fcomments&post=218143"}],"version-history":[{"count":0,"href":"https:\/\/diariodominicano.com\/index.php?rest_route=\/wp\/v2\/posts\/218143\/revisions"}],"wp:attachment":[{"href":"https:\/\/diariodominicano.com\/index.php?rest_route=%2Fwp%2Fv2%2Fmedia&parent=218143"}],"wp:term":[{"taxonomy":"category","embeddable":true,"href":"https:\/\/diariodominicano.com\/index.php?rest_route=%2Fwp%2Fv2%2Fcategories&post=218143"},{"taxonomy":"post_tag","embeddable":true,"href":"https:\/\/diariodominicano.com\/index.php?rest_route=%2Fwp%2Fv2%2Ftags&post=218143"}],"curies":[{"name":"wp","href":"https:\/\/api.w.org\/{rel}","templated":true}]}}