{"id":218032,"date":"2016-07-13T08:54:57","date_gmt":"2016-07-13T08:54:57","guid":{"rendered":"http:\/\/diariodominicano.ddns.net\/?p=218032"},"modified":"2016-07-13T08:54:57","modified_gmt":"2016-07-13T08:54:57","slug":"medina-inaugurara-viviendas-en-azua","status":"publish","type":"post","link":"https:\/\/diariodominicano.com\/?p=218032","title":{"rendered":"Medina inaugurar\u00e1 viviendas en Azua"},"content":{"rendered":"<p><body><\/p>\n<p> <span class=\"text1noticias\">Santo Domingo, R. D., 13 de julio.- Con la presencia del presidente Danilo Medina ser\u00e1 inaugurado el mi\u00e9rcoles 13 del presente mes el complejo habitacional Las Yayitas, en Azua, construido con los fondos que administra el Consejo de la Hidroel\u00e9ctrica Los Toros y el Instituto Nacional de Recursos Hidr\u00e1ulicos (INDRHI), para beneficiar a familias damnificadas por la tormenta Sandy.<\/span><\/p>\n<p><span class=\"text1noticias\">    Los beneficiarios pidieron al presidente Danilo Medina la construcci\u00f3n de las soluciones habitacionales y ante la falta de recursos el INDRHI se  responsabiliz\u00f3, he hizo realidad la obra.<\/span><\/p>\n<p><span class=\"text1noticias\">   El director ejecutivo del INDRHI, dijo que el costo invertido en las viviendas y obras conexas supera los  213 millones de pesos.<\/span><\/p>\n<p><span class=\"text1noticias\">  El proyecto, denominado Los Toros l y ll, consta de 102 casas con tres dormitorios, sala-comedor, cocina, ba\u00f1o, \u00e1rea de lavado y galer\u00eda. Cuenta adem\u00e1s con los servicios de agua potable, energ\u00eda el\u00e9ctrica, escuela, iglesia cat\u00f3lica, centro comunal, cancha de baloncesto y el asfaltado de las calles.<\/span><\/p>\n<p><span class=\"text1noticias\">  La construcci\u00f3n de las viviendas cont\u00f3 con el apoyo del presidente Medina en su inter\u00e9s de proteger a las personas de escasos recursos econ\u00f3micos, especialmente aquellas que han sido afectadas por fen\u00f3menos naturales.<\/span><\/p>\n<p><span class=\"text1noticias\">    <\/span><\/p>\n<p><span class=\"text1noticias\"> <\/span><\/p>\n<h6> 2016-07-13 08:54:57 <\/h6>\n<p><!--\n<link rel=\"stylesheet\" href=\"css\/bootstrap.min.css\">\n\n\n<ul class=\"pagination\">\n\t    \n\t\n\n<li >\n\t<a href='?page_no=12494'>Previous<\/a>\n\t<\/li>\n\n\n       \n    \n\n<li><a href='?page_no=1'>1<\/a><\/li>\n\n\n\n<li><a href='?page_no=2'>2<\/a><\/li>\n\n\n\n<li><a>...<\/a><\/li>\n\n\n\n<li><a href='?page_no=12493'>12493<\/a><\/li>\n\n\n\n<li><a href='?page_no=12494'>12494<\/a><\/li>\n\n\n\n<li class='active'><a>12495<\/a><\/li>\n\n\n\n<li><a href='?page_no=12496'>12496<\/a><\/li>\n\n\n\n<li><a href='?page_no=12497'>12497<\/a><\/li>\n\n\n\n<li><a>...<\/a><\/li>\n\n\n\n<li><a href='?page_no=56169'>56169<\/a><\/li>\n\n\n\n<li><a href='?page_no=56170'>56170<\/a><\/li>\n\n    \n\t\n\n<li >\n\t<a href='?page_no=12496'>Next<\/a>\n\t<\/li>\n\n\n    \n\n<li><a href='?page_no=56170'>Last &rsaquo;&rsaquo;<\/a><\/li>\n\n<\/ul>\n\n\n--><br \/>\n<\/body><\/p>\n","protected":false},"excerpt":{"rendered":"<p>Santo Domingo, R. D., 13 de julio.- Con la presencia del presidente Danilo Medina ser\u00e1 inaugurado el mi\u00e9rcoles 13 del presente mes el complejo habitacional Las Yayitas, en Azua, construido con los fondos que administra el Consejo de la Hidroel\u00e9ctrica Los Toros y el Instituto Nacional de Recursos Hidr\u00e1ulicos (INDRHI), para beneficiar a familias damnificadas [&hellip;]<\/p>\n","protected":false},"author":3,"featured_media":0,"comment_status":"open","ping_status":"open","sticky":false,"template":"","format":"standard","meta":{"footnotes":""},"categories":[20],"tags":[],"class_list":["post-218032","post","type-post","status-publish","format-standard","hentry","category-dominicana-hoy"],"_links":{"self":[{"href":"https:\/\/diariodominicano.com\/index.php?rest_route=\/wp\/v2\/posts\/218032","targetHints":{"allow":["GET"]}}],"collection":[{"href":"https:\/\/diariodominicano.com\/index.php?rest_route=\/wp\/v2\/posts"}],"about":[{"href":"https:\/\/diariodominicano.com\/index.php?rest_route=\/wp\/v2\/types\/post"}],"author":[{"embeddable":true,"href":"https:\/\/diariodominicano.com\/index.php?rest_route=\/wp\/v2\/users\/3"}],"replies":[{"embeddable":true,"href":"https:\/\/diariodominicano.com\/index.php?rest_route=%2Fwp%2Fv2%2Fcomments&post=218032"}],"version-history":[{"count":0,"href":"https:\/\/diariodominicano.com\/index.php?rest_route=\/wp\/v2\/posts\/218032\/revisions"}],"wp:attachment":[{"href":"https:\/\/diariodominicano.com\/index.php?rest_route=%2Fwp%2Fv2%2Fmedia&parent=218032"}],"wp:term":[{"taxonomy":"category","embeddable":true,"href":"https:\/\/diariodominicano.com\/index.php?rest_route=%2Fwp%2Fv2%2Fcategories&post=218032"},{"taxonomy":"post_tag","embeddable":true,"href":"https:\/\/diariodominicano.com\/index.php?rest_route=%2Fwp%2Fv2%2Ftags&post=218032"}],"curies":[{"name":"wp","href":"https:\/\/api.w.org\/{rel}","templated":true}]}}