{"id":218020,"date":"2016-07-13T14:17:28","date_gmt":"2016-07-13T14:17:28","guid":{"rendered":"http:\/\/diariodominicano.ddns.net\/?p=218020"},"modified":"2016-07-13T14:17:28","modified_gmt":"2016-07-13T14:17:28","slug":"camara-de-diputados-aprueba-resolucion-crea-instituto-de-derecho-parlamentario-y-capacitacion-legislativa","status":"publish","type":"post","link":"https:\/\/diariodominicano.com\/?p=218020","title":{"rendered":"C\u00e1mara de Diputados aprueba  resoluci\u00f3n crea  Instituto de Derecho Parlamentario y Capacitaci\u00f3n  Legislativa"},"content":{"rendered":"<p><body><\/p>\n<p><img decoding=\"async\" src=\"img3\/C37U1393.JPG\" \/>  <\/p>\n<p>Santo Domingo, R.D., 13 de julio.- Con el prop\u00f3sito de optimizar la formaci\u00f3n de los legisladores y el personal de soporte, la C\u00e1mara de Diputados aprob\u00f3 ayer martes en dos lecturas una resoluci\u00f3n que crea  Instituto de Derecho Parlamentario y Capacitaci\u00f3n  Legislativa.<\/p>\n<\/p>\n<p>El presidente del \u00f3rgano congresual, Abel Mart\u00ednez,  quien es el proponente de la iniciativa, al someter la pieza a la consideraci\u00f3n del Pleno, explic\u00f3 que con  la aprobaci\u00f3n del Instituto de  Derecho Parlamentario y Capacitaci\u00f3n Legislativa, los diputados, diputadas y empleados  administrativos tendr\u00e1n un espacio acad\u00e9mico que terminar\u00e1 con las improvisaciones en el Congreso.<\/p>\n<p>Indic\u00f3 que con la creaci\u00f3n del Instituto existir\u00e1 una formaci\u00f3n  acad\u00e9mica real, que permitir\u00e1 que los diputados y diputadas dominicanos puedan colocarse a la par de otros congresos que ya tienen un instituto de formaci\u00f3n.<\/p>\n<\/p>\n<p>Seg\u00fan explic\u00f3, m\u00e1s adelante vendr\u00e1 un proceso que permitir\u00e1 que los t\u00edtulos que salgan del Instituto sean reconocidos acad\u00e9micamente por el Ministerio de Educaci\u00f3n Superior Ciencia y Tecnolog\u00eda (MESCyT).<\/p>\n<\/p>\n<p>El centro de formaci\u00f3n tiene como objetivo promover el estudio y divulgaci\u00f3n del derecho parlamentario y la ense\u00f1anza de las t\u00e9cnicas legislativas a los diputados y diputadas, as\u00ed como a su personal de apoyo.<\/p>\n<\/p>\n<p>Adem\u00e1s, ser\u00e1 un espacio donde los legisladores y empleados  del organismo legislativo podr\u00e1n fortalecer sus conocimientos sobre las normas que regulan la actividad del Congreso Nacional, su organizaci\u00f3n, funcionamiento, facilidades, deberes y las relaciones entre los grupos pol\u00edticos que la integran.<\/p>\n<\/p>\n<p>Fomentar el estudio del derecho parlamentario y t\u00e9cnicas legislativas, mediante la formaci\u00f3n especializada, la promoci\u00f3n y la especializaci\u00f3n, fortaleciendo las capacidades de quienes intervienen en el quehacer legislativo es la misi\u00f3n de la unidad acad\u00e9mica.<\/p>\n<\/p>\n<p>Tiene como visi\u00f3n ser un espacio acad\u00e9mico abierto y plural, dedicado a la investigaci\u00f3n y estudio de temas parlamentarios con altos niveles de rigor cient\u00edfico, profundidad del debate y criticidad, aportando al fortalecimiento y mejora continua del Poder Legislativo.<\/p>\n<\/p>\n<p>Tambi\u00e9n propiciar\u00e1 la investigaci\u00f3n y el intercambio acad\u00e9mico y fortalecer\u00e1 las capacidades de los diversos actores pol\u00edticos y sociales que intervienen en la funci\u00f3n legislativa.<\/p>\n<\/p>\n<p>El programa acad\u00e9mico del Instituto contempla impartir maestr\u00eda en Derecho Parlamentario y T\u00e9cnicas Legislativas; diplomado en Derecho Parlamentario; diplomado en T\u00e9cnicas Legislativas;  cursos de Procedimiento Legislativo, Calidad y Evaluaci\u00f3n de las T\u00e9cnicas Legislativas y otros para la elaboraci\u00f3n de informes de comisiones.<\/p>\n<\/p>\n<p>De igual modo, preparar\u00e1 a los legisladores sobre la admisibilidad e inadmisibilidad de los proyectos de ley; las garant\u00edas parlamentarias; potestades Constitucionales de la funci\u00f3n legislativa; derechos fundamentales; derecho constitucional y ley electoral.<\/p>\n<\/p>\n<p>Dentro de sus funciones figuran dictar las resoluciones de administraci\u00f3n, aprobar el presupuesto de cada a\u00f1o, aprobar la designaci\u00f3n del director ejecutivo; aprobar los proyectos de reglamento acad\u00e9mico, de personal docente, administrativo y estudiantil, entre otras atribuciones.<\/p>\n<\/p>\n<p>La Direcci\u00f3n Ejecutiva es la m\u00e1xima autoridad administrativa y tendr\u00e1 las atribuciones  de  cumplir y hacer cumplir las decisiones adoptadas por el Consejo Superior; evaluar y controlar el funcionamiento general del Instituto y presentar al Consejo Superior un informe evaluativo integral anual de gesti\u00f3n.<\/p>\n<\/p>\n<p>De igual manera, liderar el proceso de planeaci\u00f3n, procurando el desarrollo arm\u00f3nico del Instituto, en su conjunto; suscribir los contratos y expedir los actos que sean necesarios para el cumplimiento de los objetivos de la academia.<\/p>\n<\/p>\n<h6> 2016-07-13 14:17:28 <\/h6>\n<p><!--\n<link rel=\"stylesheet\" href=\"css\/bootstrap.min.css\">\n\n\n<ul class=\"pagination\">\n\t    \n\t\n\n<li >\n\t<a href='?page_no=12483'>Previous<\/a>\n\t<\/li>\n\n\n       \n    \n\n<li><a href='?page_no=1'>1<\/a><\/li>\n\n\n\n<li><a href='?page_no=2'>2<\/a><\/li>\n\n\n\n<li><a>...<\/a><\/li>\n\n\n\n<li><a href='?page_no=12482'>12482<\/a><\/li>\n\n\n\n<li><a href='?page_no=12483'>12483<\/a><\/li>\n\n\n\n<li class='active'><a>12484<\/a><\/li>\n\n\n\n<li><a href='?page_no=12485'>12485<\/a><\/li>\n\n\n\n<li><a href='?page_no=12486'>12486<\/a><\/li>\n\n\n\n<li><a>...<\/a><\/li>\n\n\n\n<li><a href='?page_no=56169'>56169<\/a><\/li>\n\n\n\n<li><a href='?page_no=56170'>56170<\/a><\/li>\n\n    \n\t\n\n<li >\n\t<a href='?page_no=12485'>Next<\/a>\n\t<\/li>\n\n\n    \n\n<li><a href='?page_no=56170'>Last &rsaquo;&rsaquo;<\/a><\/li>\n\n<\/ul>\n\n\n--><br \/>\n<\/body><\/p>\n","protected":false},"excerpt":{"rendered":"<p>Santo Domingo, R.D., 13 de julio.- Con el prop\u00f3sito de optimizar la formaci\u00f3n de los legisladores y el personal de soporte, la C\u00e1mara de Diputados aprob\u00f3 ayer martes en dos lecturas una resoluci\u00f3n que crea Instituto de Derecho Parlamentario y Capacitaci\u00f3n Legislativa. El presidente del \u00f3rgano congresual, Abel Mart\u00ednez, quien es el proponente de la [&hellip;]<\/p>\n","protected":false},"author":3,"featured_media":0,"comment_status":"open","ping_status":"open","sticky":false,"template":"","format":"standard","meta":{"footnotes":""},"categories":[20],"tags":[],"class_list":["post-218020","post","type-post","status-publish","format-standard","hentry","category-dominicana-hoy"],"_links":{"self":[{"href":"https:\/\/diariodominicano.com\/index.php?rest_route=\/wp\/v2\/posts\/218020","targetHints":{"allow":["GET"]}}],"collection":[{"href":"https:\/\/diariodominicano.com\/index.php?rest_route=\/wp\/v2\/posts"}],"about":[{"href":"https:\/\/diariodominicano.com\/index.php?rest_route=\/wp\/v2\/types\/post"}],"author":[{"embeddable":true,"href":"https:\/\/diariodominicano.com\/index.php?rest_route=\/wp\/v2\/users\/3"}],"replies":[{"embeddable":true,"href":"https:\/\/diariodominicano.com\/index.php?rest_route=%2Fwp%2Fv2%2Fcomments&post=218020"}],"version-history":[{"count":0,"href":"https:\/\/diariodominicano.com\/index.php?rest_route=\/wp\/v2\/posts\/218020\/revisions"}],"wp:attachment":[{"href":"https:\/\/diariodominicano.com\/index.php?rest_route=%2Fwp%2Fv2%2Fmedia&parent=218020"}],"wp:term":[{"taxonomy":"category","embeddable":true,"href":"https:\/\/diariodominicano.com\/index.php?rest_route=%2Fwp%2Fv2%2Fcategories&post=218020"},{"taxonomy":"post_tag","embeddable":true,"href":"https:\/\/diariodominicano.com\/index.php?rest_route=%2Fwp%2Fv2%2Ftags&post=218020"}],"curies":[{"name":"wp","href":"https:\/\/api.w.org\/{rel}","templated":true}]}}