{"id":218008,"date":"2016-07-14T16:03:08","date_gmt":"2016-07-14T16:03:08","guid":{"rendered":"http:\/\/diariodominicano.ddns.net\/?p=218008"},"modified":"2016-07-14T16:03:08","modified_gmt":"2016-07-14T16:03:08","slug":"realizan-conversatorioincidencia-de-adolescentes-embarazadas","status":"publish","type":"post","link":"https:\/\/diariodominicano.com\/?p=218008","title":{"rendered":"Realizan conversatorio,\u00bbIncidencia de adolescentes embarazadas\u00bb"},"content":{"rendered":"<p><body><\/p>\n<p><strong><span class=\"text1noticias\">BARAHONA,R.D.,  14 julio.-<\/span><\/strong><span class=\"text1noticias\"> El Departamento de Salud Integral del Consejo Nacional para la Protecci\u00f3n de los Ni\u00f1os, Ni\u00f1as y Adolescentes (CONANI), celebr\u00f3 este jueves un conversatorio sobre la incidencia de adolescentes embarazadas en la regi\u00f3n Enriquillo.<\/span><\/p>\n<\/p>\n<p><span class=\"text1noticias\">La directora regional de la entidad, Deisy Turb\u00ed, dijo el objetivo de este encuentro es concienciar a los adolescentes a trav\u00e9s del mensaje \u00abt\u00fa no est\u00e1 para eso\u00bb, en este sentido explic\u00f3 esta es una problem\u00e1tica que afecta dram\u00e1ticamente a la sociedad.<\/span><\/p>\n<\/p>\n<p><span class=\"text1noticias\">Asegur\u00f3 que en Pedernales, Barahona, Indepencia, Bahoruco, El\u00edas Pi\u00f1a y Azua, es donde mayor se acent\u00faa el \u00edndice de adolescentes embarazadas. <\/span><\/p>\n<\/p>\n<p><span class=\"text1noticias\">Indic\u00f3 la misi\u00f3n de CONANI es erradicar este panorama porque ser padre \u00abno es juego de ni\u00f1os\u00bb.<\/span><\/p>\n<\/p>\n<p><span class=\"text1noticias\">\u00abEn tono a esta situaci\u00f3n, hemos tenido casos de ni\u00f1as de 9, 10 y 11 a\u00f1os embarazadas en la citadas provincias\u00bb, declar\u00f3 Deisy Turb\u00ed.<\/span><\/p>\n<\/p>\n<p><span class=\"text1noticias\">Dijo que cuando las ni\u00f1as salen embarazadas cambian sus mundos, retrasan sus proyectos de vidas, ya que son afectadas de manera f\u00edsica, emocional, econ\u00f3mica y sobre todo de forma psicol\u00f3gica. <\/span><\/p>\n<\/p>\n<p><span class=\"text1noticias\">Se\u00f1al\u00f3 que la campa\u00f1a \u00abt\u00fa no est\u00e1 para eso\u00bb busca crear conciencia entre los menores de edad y que estos puedan convertirse en agentes multiplicadores, al difundir el mensaje a sus semejantes.<\/span><\/p>\n<\/p>\n<p><span class=\"text1noticias\">\u00abLa idea es empoderar a todos los adolescentes para que puedan remitirse el mensaje unos a los otros sobre las consecuencias del embarazo a temprana edad\u00bb dijo Trub\u00ed.<\/span><\/p>\n<\/p>\n<p><span class=\"text1noticias\">La charla se celebr\u00f3 en el sal\u00f3n de acto Gobernaci\u00f3n Provincial,  llam\u00f3 a las adolescentes y los adolescentes tener la conciencia clara de lo que significa embarazarse antes de cumplir la mayor\u00eda de edad reglamentaria.<\/span><\/p>\n<\/p>\n<h6> 2016-07-14 16:03:08 <\/h6>\n<p><!--\n<link rel=\"stylesheet\" href=\"css\/bootstrap.min.css\">\n\n\n<ul class=\"pagination\">\n\t    \n\t\n\n<li >\n\t<a href='?page_no=12472'>Previous<\/a>\n\t<\/li>\n\n\n       \n    \n\n<li><a href='?page_no=1'>1<\/a><\/li>\n\n\n\n<li><a href='?page_no=2'>2<\/a><\/li>\n\n\n\n<li><a>...<\/a><\/li>\n\n\n\n<li><a href='?page_no=12471'>12471<\/a><\/li>\n\n\n\n<li><a href='?page_no=12472'>12472<\/a><\/li>\n\n\n\n<li class='active'><a>12473<\/a><\/li>\n\n\n\n<li><a href='?page_no=12474'>12474<\/a><\/li>\n\n\n\n<li><a href='?page_no=12475'>12475<\/a><\/li>\n\n\n\n<li><a>...<\/a><\/li>\n\n\n\n<li><a href='?page_no=56169'>56169<\/a><\/li>\n\n\n\n<li><a href='?page_no=56170'>56170<\/a><\/li>\n\n    \n\t\n\n<li >\n\t<a href='?page_no=12474'>Next<\/a>\n\t<\/li>\n\n\n    \n\n<li><a href='?page_no=56170'>Last &rsaquo;&rsaquo;<\/a><\/li>\n\n<\/ul>\n\n\n--><br \/>\n<\/body><\/p>\n","protected":false},"excerpt":{"rendered":"<p>BARAHONA,R.D., 14 julio.- El Departamento de Salud Integral del Consejo Nacional para la Protecci\u00f3n de los Ni\u00f1os, Ni\u00f1as y Adolescentes (CONANI), celebr\u00f3 este jueves un conversatorio sobre la incidencia de adolescentes embarazadas en la regi\u00f3n Enriquillo. La directora regional de la entidad, Deisy Turb\u00ed, dijo el objetivo de este encuentro es concienciar a los adolescentes [&hellip;]<\/p>\n","protected":false},"author":3,"featured_media":0,"comment_status":"open","ping_status":"open","sticky":false,"template":"","format":"standard","meta":{"footnotes":""},"categories":[20],"tags":[],"class_list":["post-218008","post","type-post","status-publish","format-standard","hentry","category-dominicana-hoy"],"_links":{"self":[{"href":"https:\/\/diariodominicano.com\/index.php?rest_route=\/wp\/v2\/posts\/218008","targetHints":{"allow":["GET"]}}],"collection":[{"href":"https:\/\/diariodominicano.com\/index.php?rest_route=\/wp\/v2\/posts"}],"about":[{"href":"https:\/\/diariodominicano.com\/index.php?rest_route=\/wp\/v2\/types\/post"}],"author":[{"embeddable":true,"href":"https:\/\/diariodominicano.com\/index.php?rest_route=\/wp\/v2\/users\/3"}],"replies":[{"embeddable":true,"href":"https:\/\/diariodominicano.com\/index.php?rest_route=%2Fwp%2Fv2%2Fcomments&post=218008"}],"version-history":[{"count":0,"href":"https:\/\/diariodominicano.com\/index.php?rest_route=\/wp\/v2\/posts\/218008\/revisions"}],"wp:attachment":[{"href":"https:\/\/diariodominicano.com\/index.php?rest_route=%2Fwp%2Fv2%2Fmedia&parent=218008"}],"wp:term":[{"taxonomy":"category","embeddable":true,"href":"https:\/\/diariodominicano.com\/index.php?rest_route=%2Fwp%2Fv2%2Fcategories&post=218008"},{"taxonomy":"post_tag","embeddable":true,"href":"https:\/\/diariodominicano.com\/index.php?rest_route=%2Fwp%2Fv2%2Ftags&post=218008"}],"curies":[{"name":"wp","href":"https:\/\/api.w.org\/{rel}","templated":true}]}}