{"id":218007,"date":"2016-07-14T16:17:48","date_gmt":"2016-07-14T16:17:48","guid":{"rendered":"http:\/\/diariodominicano.ddns.net\/?p=218007"},"modified":"2016-07-14T16:17:48","modified_gmt":"2016-07-14T16:17:48","slug":"uasd-decidida-a-colaborar-con-el-gobierno-del-presidente-medina","status":"publish","type":"post","link":"https:\/\/diariodominicano.com\/?p=218007","title":{"rendered":"UASD decidida a colaborar con el Gobierno del Presidente Medina"},"content":{"rendered":"<p><body><\/p>\n<p><img decoding=\"async\" src=\"img3\/c2dfb6c1-8a2c-41c3-be31-7fe30f79a032.jpg\" \/>  <\/p>\n<p><strong><span class=\"text1noticias\">Santo Domingo, R.D., 14 de julio.-<\/span><\/strong><span class=\"text1noticias\"> El rector de la Universidad Aut\u00f3noma de Santo Domingo (UASD), Iv\u00e1n Grull\u00f3n, dijo que la academia tiene la disposici\u00f3n firme de cumplir con su rol de asesora del gobierno del Presidente Danilo Medina y anunci\u00f3 que autoridades de la instituci\u00f3n se mantienen en un di\u00e1logo abierto con altos funcionarios del Estado.<\/span><\/p>\n<\/p>\n<p><span class=\"text1noticias\">El doctor Iv\u00e1n Grull\u00f3n hizo el anuncio durante la firma de un acuerdo de colaboraci\u00f3n para el desarrollo del Programa de Capacitaci\u00f3n y Socializaci\u00f3n Sobre la Ley 122-05 con el ministro de Econom\u00eda, Planificaci\u00f3n y Desarrollo (MEPyD), Tem\u00edstocles Mont\u00e1s, celebrado la tarde del mi\u00e9rcoles en la sede de la instituci\u00f3n estatal.<\/span><\/p>\n<\/p>\n<p><span class=\"text1noticias\"> Grull\u00f3n dijo que el centro de educaci\u00f3n superior asumir\u00e1 su rol de coadyuvar al desarrollo econ\u00f3mico, social, ambiental, cultural e institucional del pueblo dominicano, seg\u00fan una nota de la Unidad de Comunicaciones del MEPyD.<\/span><\/p>\n<\/p>\n<p><span class=\"text1noticias\">\u00abPor ser la m\u00e1s importante instituci\u00f3n de educaci\u00f3n superior estatal, publica, la UASD tiene la responsabilidad de contribuir a la formaci\u00f3n integral de los hombres y mujeres que el pa\u00eds necesita para convertirse en una naci\u00f3n prospera\u00bb,  expres\u00f3  el rector de la universidad p\u00fablica al destacar la trascendencia del acuerdo con la instituci\u00f3n p\u00fablica encargada de liderar el cumplimiento de la Estrategia Nacional de Desarrollo.<\/span><\/p>\n<\/p>\n<p><span class=\"text1noticias\">En el acto realizado en el sal\u00f3n del Centro de Capacitaci\u00f3n  del MEPyD,  el ministro Mont\u00e1s manifest\u00f3 el inter\u00e9s de la cartera oficial de  contribuir a que la UASD adquiera una mayor presencia como orientadora en el debate de los grandes temas fundamentales para el desarrollo del pa\u00eds.<\/span><\/p>\n<p><span class=\"text1noticias\">Mont\u00e1s asegur\u00f3 que desde ese ministerio la UASD contar\u00e1 con todo el apoyo para  incrementar su labor de extensi\u00f3n e insertarse de manera positiva en la sociedad dominicana a trav\u00e9s de las investigaciones.<\/span><\/p>\n<\/p>\n<p><span class=\"text1noticias\">Con este convenio, las instituciones firmantes desarrollar\u00e1n en conjunto diversos  proyectos a trav\u00e9s de los cuales  se brindar\u00e1, por un lado, capacitaci\u00f3n y asesor\u00eda a los dirigentes y miembros de las entidades miembros de las asociaciones sin fines de lucro y, por otro, acad\u00e9micos de la Facultada de Ciencias, Econ\u00f3micas y Sociales  de la UASD se beneficiaran con cursos de capacitaci\u00f3n y los programas de pasant\u00edas de estudiantes de t\u00e9rminos de esa misma facultad en la dependencia del MEPyD.<\/span><\/p>\n<p><span class=\"text1noticias\">El acuerdo fue firmado en presencia de la Directora del Instituto de Capacitaci\u00f3n del MEPyD, Rhaysa Mart\u00ednez, as\u00ed como de otros funcionarios de la instituci\u00f3n y de la UASD.<\/span><\/p>\n<p><span class=\"text1noticias\">En el encuentro, ambas parte coordinaron que en lo sucesivo  pactaran acuerdos espec\u00edficos para coordinar las actividades indicadas y otras relativas a la cooperaci\u00f3n mutua en consonancia con las l\u00edneas generales trazadas en este acuerdo marco.<\/span><\/p>\n<h6> 2016-07-14 16:17:48 <\/h6>\n<p><!--\n<link rel=\"stylesheet\" href=\"css\/bootstrap.min.css\">\n\n\n<ul class=\"pagination\">\n\t    \n\t\n\n<li >\n\t<a href='?page_no=12471'>Previous<\/a>\n\t<\/li>\n\n\n       \n    \n\n<li><a href='?page_no=1'>1<\/a><\/li>\n\n\n\n<li><a href='?page_no=2'>2<\/a><\/li>\n\n\n\n<li><a>...<\/a><\/li>\n\n\n\n<li><a href='?page_no=12470'>12470<\/a><\/li>\n\n\n\n<li><a href='?page_no=12471'>12471<\/a><\/li>\n\n\n\n<li class='active'><a>12472<\/a><\/li>\n\n\n\n<li><a href='?page_no=12473'>12473<\/a><\/li>\n\n\n\n<li><a href='?page_no=12474'>12474<\/a><\/li>\n\n\n\n<li><a>...<\/a><\/li>\n\n\n\n<li><a href='?page_no=56169'>56169<\/a><\/li>\n\n\n\n<li><a href='?page_no=56170'>56170<\/a><\/li>\n\n    \n\t\n\n<li >\n\t<a href='?page_no=12473'>Next<\/a>\n\t<\/li>\n\n\n    \n\n<li><a href='?page_no=56170'>Last &rsaquo;&rsaquo;<\/a><\/li>\n\n<\/ul>\n\n\n--><br \/>\n<\/body><\/p>\n","protected":false},"excerpt":{"rendered":"<p>Santo Domingo, R.D., 14 de julio.- El rector de la Universidad Aut\u00f3noma de Santo Domingo (UASD), Iv\u00e1n Grull\u00f3n, dijo que la academia tiene la disposici\u00f3n firme de cumplir con su rol de asesora del gobierno del Presidente Danilo Medina y anunci\u00f3 que autoridades de la instituci\u00f3n se mantienen en un di\u00e1logo abierto con altos funcionarios [&hellip;]<\/p>\n","protected":false},"author":3,"featured_media":0,"comment_status":"open","ping_status":"open","sticky":false,"template":"","format":"standard","meta":{"footnotes":""},"categories":[20],"tags":[],"class_list":["post-218007","post","type-post","status-publish","format-standard","hentry","category-dominicana-hoy"],"_links":{"self":[{"href":"https:\/\/diariodominicano.com\/index.php?rest_route=\/wp\/v2\/posts\/218007","targetHints":{"allow":["GET"]}}],"collection":[{"href":"https:\/\/diariodominicano.com\/index.php?rest_route=\/wp\/v2\/posts"}],"about":[{"href":"https:\/\/diariodominicano.com\/index.php?rest_route=\/wp\/v2\/types\/post"}],"author":[{"embeddable":true,"href":"https:\/\/diariodominicano.com\/index.php?rest_route=\/wp\/v2\/users\/3"}],"replies":[{"embeddable":true,"href":"https:\/\/diariodominicano.com\/index.php?rest_route=%2Fwp%2Fv2%2Fcomments&post=218007"}],"version-history":[{"count":0,"href":"https:\/\/diariodominicano.com\/index.php?rest_route=\/wp\/v2\/posts\/218007\/revisions"}],"wp:attachment":[{"href":"https:\/\/diariodominicano.com\/index.php?rest_route=%2Fwp%2Fv2%2Fmedia&parent=218007"}],"wp:term":[{"taxonomy":"category","embeddable":true,"href":"https:\/\/diariodominicano.com\/index.php?rest_route=%2Fwp%2Fv2%2Fcategories&post=218007"},{"taxonomy":"post_tag","embeddable":true,"href":"https:\/\/diariodominicano.com\/index.php?rest_route=%2Fwp%2Fv2%2Ftags&post=218007"}],"curies":[{"name":"wp","href":"https:\/\/api.w.org\/{rel}","templated":true}]}}