{"id":218006,"date":"2016-07-14T16:25:33","date_gmt":"2016-07-14T16:25:33","guid":{"rendered":"http:\/\/diariodominicano.ddns.net\/?p=218006"},"modified":"2016-07-14T16:25:33","modified_gmt":"2016-07-14T16:25:33","slug":"plan-social-entrega-de-electrodomesticos-y-raciones-a-reclusos","status":"publish","type":"post","link":"https:\/\/diariodominicano.com\/?p=218006","title":{"rendered":"Plan Social entrega de electrodom\u00e9sticos y raciones a reclusos"},"content":{"rendered":"<p><body><\/p>\n<p><img decoding=\"async\" src=\"img3\/8ecf30d1-0602-4c0f-b126-6b36a1a21631.jpg\" \/>  <\/p>\n<p><span class=\"text1noticias\">Monte Plata, R.D.,14 de julio.-El director del Plan Social de la Presidencia encabez\u00f3 este mi\u00e9rcoles un acto de entrega de electrodom\u00e9sticos y raciones de alimentos crudos para el uso de los reclusos del Centro Correccional de esta provincia.<\/span><\/p>\n<p><span class=\"text1noticias\">Cesar Prieto, junto a personal de la instituci\u00f3n que dirige, recorri\u00f3 las celdas y \u00e1reas comunes de esta c\u00e1rcel.<\/span><\/p>\n<\/p>\n<p><span class=\"text1noticias\">La donaci\u00f3n quye fue recibida por el director de ese centro correccional, Santo Te\u00f3filo Castillo,  incluy\u00f3: colchonetas, una  nevera, varios televisores, abanicos y raciones alimenticias.<\/span><\/p>\n<\/p>\n<p><span class=\"text1noticias\">A este donativo, asistieron adem\u00e1s, el gobernador provincial, H\u00e9ctor Delgado; la sub directora del Nuevo Modelo de Gesti\u00f3n Penitenciaria, Yocasta Cruz; el alcalde electo Jes\u00fas Contreras y Gabriel Marte encargado de Bateyes.<\/span><\/p>\n<\/p>\n<p><span class=\"text1noticias\">Al final los reclusos montaron un peque\u00f1o acto para mostrar su agradecimiento por la ayuda del gobierno del presidente Danilo Medina para aquellos que guardan prisi\u00f3n.<\/span><\/p>\n<\/p>\n<h6> 2016-07-14 16:25:33 <\/h6>\n<p><!--\n<link rel=\"stylesheet\" href=\"css\/bootstrap.min.css\">\n\n\n<ul class=\"pagination\">\n\t    \n\t\n\n<li >\n\t<a href='?page_no=12470'>Previous<\/a>\n\t<\/li>\n\n\n       \n    \n\n<li><a href='?page_no=1'>1<\/a><\/li>\n\n\n\n<li><a href='?page_no=2'>2<\/a><\/li>\n\n\n\n<li><a>...<\/a><\/li>\n\n\n\n<li><a href='?page_no=12469'>12469<\/a><\/li>\n\n\n\n<li><a href='?page_no=12470'>12470<\/a><\/li>\n\n\n\n<li class='active'><a>12471<\/a><\/li>\n\n\n\n<li><a href='?page_no=12472'>12472<\/a><\/li>\n\n\n\n<li><a href='?page_no=12473'>12473<\/a><\/li>\n\n\n\n<li><a>...<\/a><\/li>\n\n\n\n<li><a href='?page_no=56169'>56169<\/a><\/li>\n\n\n\n<li><a href='?page_no=56170'>56170<\/a><\/li>\n\n    \n\t\n\n<li >\n\t<a href='?page_no=12472'>Next<\/a>\n\t<\/li>\n\n\n    \n\n<li><a href='?page_no=56170'>Last &rsaquo;&rsaquo;<\/a><\/li>\n\n<\/ul>\n\n\n--><br \/>\n<\/body><\/p>\n","protected":false},"excerpt":{"rendered":"<p>Monte Plata, R.D.,14 de julio.-El director del Plan Social de la Presidencia encabez\u00f3 este mi\u00e9rcoles un acto de entrega de electrodom\u00e9sticos y raciones de alimentos crudos para el uso de los reclusos del Centro Correccional de esta provincia. Cesar Prieto, junto a personal de la instituci\u00f3n que dirige, recorri\u00f3 las celdas y \u00e1reas comunes de [&hellip;]<\/p>\n","protected":false},"author":3,"featured_media":0,"comment_status":"open","ping_status":"open","sticky":false,"template":"","format":"standard","meta":{"footnotes":""},"categories":[20],"tags":[],"class_list":["post-218006","post","type-post","status-publish","format-standard","hentry","category-dominicana-hoy"],"_links":{"self":[{"href":"https:\/\/diariodominicano.com\/index.php?rest_route=\/wp\/v2\/posts\/218006","targetHints":{"allow":["GET"]}}],"collection":[{"href":"https:\/\/diariodominicano.com\/index.php?rest_route=\/wp\/v2\/posts"}],"about":[{"href":"https:\/\/diariodominicano.com\/index.php?rest_route=\/wp\/v2\/types\/post"}],"author":[{"embeddable":true,"href":"https:\/\/diariodominicano.com\/index.php?rest_route=\/wp\/v2\/users\/3"}],"replies":[{"embeddable":true,"href":"https:\/\/diariodominicano.com\/index.php?rest_route=%2Fwp%2Fv2%2Fcomments&post=218006"}],"version-history":[{"count":0,"href":"https:\/\/diariodominicano.com\/index.php?rest_route=\/wp\/v2\/posts\/218006\/revisions"}],"wp:attachment":[{"href":"https:\/\/diariodominicano.com\/index.php?rest_route=%2Fwp%2Fv2%2Fmedia&parent=218006"}],"wp:term":[{"taxonomy":"category","embeddable":true,"href":"https:\/\/diariodominicano.com\/index.php?rest_route=%2Fwp%2Fv2%2Fcategories&post=218006"},{"taxonomy":"post_tag","embeddable":true,"href":"https:\/\/diariodominicano.com\/index.php?rest_route=%2Fwp%2Fv2%2Ftags&post=218006"}],"curies":[{"name":"wp","href":"https:\/\/api.w.org\/{rel}","templated":true}]}}