{"id":218005,"date":"2016-07-14T17:04:07","date_gmt":"2016-07-14T17:04:07","guid":{"rendered":"http:\/\/diariodominicano.ddns.net\/?p=218005"},"modified":"2016-07-14T17:04:07","modified_gmt":"2016-07-14T17:04:07","slug":"focalizan-beneficio-estudiantil-a-traves-plataforma-siuben","status":"publish","type":"post","link":"https:\/\/diariodominicano.com\/?p=218005","title":{"rendered":"Focalizan beneficio estudiantil a trav\u00e9s plataforma Siuben"},"content":{"rendered":"<p><body><\/p>\n<p><img decoding=\"async\" src=\"img3\/e2aae579-3f7b-492a-8bac-d7957410050d.jpg\" \/>  <\/p>\n<p>Santo Domingo,R.D., 14 de julio.- El Sistema \u00danico de Beneficiarios (Siuben) colaborar\u00e1 con el Instituto Nacional de Bienestar Estudiantil (Inabie) con informaci\u00f3n actualizada de los centros educativos a nivel nacional a los fines de identificar y focalizar a estudiantes que ser\u00e1n incluidos en los programas de apoyo y beneficio estudiantil que ejecuta el Gobierno. <\/p>\n<\/p>\n<p>La informaci\u00f3n que brindar\u00e1 el Siuben a Inabie est\u00e1 contenida en su base de datos alimentada con 2.5 millones de hogares de todo el pa\u00eds, mediante la cual ser\u00e1n focalizados los programas e incentivos que benefician al estudiantado con mayores necesidades, tales como desayuno, almuerzo y \u00fatiles escolares. <\/p>\n<\/p>\n<p>Para tales fines, la vicepresidenta de la Rep\u00fablica y coordinadora del Gabinete de Pol\u00edticas Sociales, doctora Margarita Cede\u00f1o, encabez\u00f3 la firma del compromiso realizado entre la directora del Siuben, Matilde Ch\u00e1vez Bonetti; y el director del Inabie, Ren\u00e9 J\u00e1quez Gil.<\/p>\n<\/p>\n<p>Ch\u00e1vez expres\u00f3 que la vicepresidenta Margarita Cede\u00f1o ha impulsado al Siuben para que sea una fuente rica de informaci\u00f3n, a fin de que la inversi\u00f3n del Gobierno llegue a las familias que m\u00e1s lo necesiten.<\/p>\n<\/p>\n<p>\u00abNos da mucha satisfacci\u00f3n porque pone de ejemplo que una base de datos de 2.5 millones de hogares como la que tiene el Siuben, y con una actualizaci\u00f3n permanente, puede ser un orientador al Gobierno para la inversi\u00f3n p\u00fablica en aquellos hogares que ya est\u00e1n identificados como los m\u00e1s vulnerables del pa\u00eds\u00bb, indic\u00f3. <\/p>\n<\/p>\n<p>Calific\u00f3 al Siuben como un instrumento articulador de pol\u00edticas dirigido a identificar vulnerabilidades, y de esa manera contribuir a erradicar la pobreza.<\/p>\n<\/p>\n<p>De su lado, Ren\u00e9 J\u00e1quez Gil dijo que para el Inabie el acuerdo es de vital importancia y responsable de apoyar a las familias vulnerables en los aspectos vinculados al bienestar de los estudiantes a trav\u00e9s de los programas escolares de alimentaci\u00f3n, salud y uniformes.<\/p>\n<\/p>\n<p>\u00abEl Siuben cuenta con una plataforma tecnol\u00f3gica que para nosotros es clave porque nos permite fortalecer nuestro sistema de estad\u00edsticas y focalizar la entrega de utiler\u00edas escolares mediante la identificaci\u00f3n de las familias de mayor vulnerabilidad\u00bb, manifest\u00f3.<\/p>\n<\/p>\n<p>Se\u00f1al\u00f3 que el acuerdo permitir\u00e1 trabajar en la georreferenciaci\u00f3n, no sola de los planteles educativos con una plataforma en permanente actualizaci\u00f3n como es la del Siuben, \u00absino tambi\u00e9n georreferenciar a los suplidores, que para nosotros tienen una importancia vital, porque es una pol\u00edtica del Gobierno que la inversi\u00f3n que hacemos en los programas de alimentaci\u00f3n y utiler\u00edas escolares sirvan para fomentar el desarrollo de las industrias locales\u00bb.<\/p>\n<\/p>\n<p>Agreg\u00f3 que la r\u00fabrica tambi\u00e9n permitir\u00e1 priorizar a los suplidores m\u00e1s cercanos a los centros escolares que demandan de sus servicios.<\/p>\n<\/p>\n<p>Dijo, adem\u00e1s, que la utilizaci\u00f3n de las bases de datos del Siuben permitir\u00e1 medir mediante el Sistema de Vigilancia Nutricional de los Estudiantes los niveles de impacto que tiene el Programa de Alimentaci\u00f3n Escolar. <\/p>\n<\/p>\n<p>Lo pactado<\/p>\n<\/p>\n<p>Ambas instituciones acordaron desarrollar un intercambio de experiencias entre los diferentes programas que ejecutan, con miras al fortalecimiento del sistema de informaci\u00f3n estad\u00edstico del Inabie, tales como el registro, levantamiento y procesamiento de datos de las escuelas y los hogares de los beneficiarios de la dotaci\u00f3n; as\u00ed como c\u00e1lculos de \u00edndices, dise\u00f1o y procesamiento de encuestas en todo el territorio nacional.<\/p>\n<\/p>\n<p>La iniciativa busca fortalecer la planificaci\u00f3n, ejecuci\u00f3n, monitoreo y evaluaci\u00f3n de las pol\u00edticas, programas y proyectos del Inabie, al tiempo que sirva de retroalimentaci\u00f3n, de manera que las instituciones vinculadas puedan aprovechar las experiencias, a fin de mejorar la calidad de vida de los estudiantes m\u00e1s vulnerables del sistema educativo p\u00fablico, tanto en la escuela como en la comunidad.<\/p>\n<\/p>\n<p>Este acuerdo, adem\u00e1s, persigue robustecer los lazos de cooperaci\u00f3n en pro de alcanzar los objetivos de desarrollo establecidos en los diferentes ejes transversales en la Estrategia Nacional de Desarrollo (END) 2030 para los estudiantes vulnerables del sistema educativo p\u00fablico, cada una desde su \u00e1mbito de trabajo.<\/p>\n<h6> 2016-07-14 17:04:07 <\/h6>\n<p><!--\n<link rel=\"stylesheet\" href=\"css\/bootstrap.min.css\">\n\n\n<ul class=\"pagination\">\n\t    \n\t\n\n<li >\n\t<a href='?page_no=12469'>Previous<\/a>\n\t<\/li>\n\n\n       \n    \n\n<li><a href='?page_no=1'>1<\/a><\/li>\n\n\n\n<li><a href='?page_no=2'>2<\/a><\/li>\n\n\n\n<li><a>...<\/a><\/li>\n\n\n\n<li><a href='?page_no=12468'>12468<\/a><\/li>\n\n\n\n<li><a href='?page_no=12469'>12469<\/a><\/li>\n\n\n\n<li class='active'><a>12470<\/a><\/li>\n\n\n\n<li><a href='?page_no=12471'>12471<\/a><\/li>\n\n\n\n<li><a href='?page_no=12472'>12472<\/a><\/li>\n\n\n\n<li><a>...<\/a><\/li>\n\n\n\n<li><a href='?page_no=56169'>56169<\/a><\/li>\n\n\n\n<li><a href='?page_no=56170'>56170<\/a><\/li>\n\n    \n\t\n\n<li >\n\t<a href='?page_no=12471'>Next<\/a>\n\t<\/li>\n\n\n    \n\n<li><a href='?page_no=56170'>Last &rsaquo;&rsaquo;<\/a><\/li>\n\n<\/ul>\n\n\n--><br \/>\n<\/body><\/p>\n","protected":false},"excerpt":{"rendered":"<p>Santo Domingo,R.D., 14 de julio.- El Sistema \u00danico de Beneficiarios (Siuben) colaborar\u00e1 con el Instituto Nacional de Bienestar Estudiantil (Inabie) con informaci\u00f3n actualizada de los centros educativos a nivel nacional a los fines de identificar y focalizar a estudiantes que ser\u00e1n incluidos en los programas de apoyo y beneficio estudiantil que ejecuta el Gobierno. La [&hellip;]<\/p>\n","protected":false},"author":3,"featured_media":0,"comment_status":"open","ping_status":"open","sticky":false,"template":"","format":"standard","meta":{"footnotes":""},"categories":[20],"tags":[],"class_list":["post-218005","post","type-post","status-publish","format-standard","hentry","category-dominicana-hoy"],"_links":{"self":[{"href":"https:\/\/diariodominicano.com\/index.php?rest_route=\/wp\/v2\/posts\/218005","targetHints":{"allow":["GET"]}}],"collection":[{"href":"https:\/\/diariodominicano.com\/index.php?rest_route=\/wp\/v2\/posts"}],"about":[{"href":"https:\/\/diariodominicano.com\/index.php?rest_route=\/wp\/v2\/types\/post"}],"author":[{"embeddable":true,"href":"https:\/\/diariodominicano.com\/index.php?rest_route=\/wp\/v2\/users\/3"}],"replies":[{"embeddable":true,"href":"https:\/\/diariodominicano.com\/index.php?rest_route=%2Fwp%2Fv2%2Fcomments&post=218005"}],"version-history":[{"count":0,"href":"https:\/\/diariodominicano.com\/index.php?rest_route=\/wp\/v2\/posts\/218005\/revisions"}],"wp:attachment":[{"href":"https:\/\/diariodominicano.com\/index.php?rest_route=%2Fwp%2Fv2%2Fmedia&parent=218005"}],"wp:term":[{"taxonomy":"category","embeddable":true,"href":"https:\/\/diariodominicano.com\/index.php?rest_route=%2Fwp%2Fv2%2Fcategories&post=218005"},{"taxonomy":"post_tag","embeddable":true,"href":"https:\/\/diariodominicano.com\/index.php?rest_route=%2Fwp%2Fv2%2Ftags&post=218005"}],"curies":[{"name":"wp","href":"https:\/\/api.w.org\/{rel}","templated":true}]}}