{"id":218003,"date":"2016-07-14T20:36:15","date_gmt":"2016-07-14T20:36:15","guid":{"rendered":"http:\/\/diariodominicano.ddns.net\/?p=218003"},"modified":"2016-07-14T20:36:15","modified_gmt":"2016-07-14T20:36:15","slug":"presidente-danilo-medina-inaugura-anfiteatro-de-puerto-plata","status":"publish","type":"post","link":"https:\/\/diariodominicano.com\/?p=218003","title":{"rendered":"Presidente Danilo Medina inaugura anfiteatro de Puerto Plata"},"content":{"rendered":"<p><body><\/p>\n<p><img decoding=\"async\" src=\"img3\/_DSC8589 copy.jpg\" \/><br \/><img decoding=\"async\" src=\"img3\/_DSC8544.JPG\" \/>  <\/p>\n<p><strong>Las obras generar\u00e1n 150 empleos directos, y otros 600 empleos indirectos, adem\u00e1s de que aumentar\u00e1 la llegada de turistas a Puerto Plata, debido a los espect\u00e1culos que se montaran en el anfiteatro.<\/strong><\/p>\n<\/p>\n<p><strong>PUERTO PLATA, RD, 14 de Julio de 2016.-<\/strong>  El presidente de la Rep\u00fablica, Danilo Medina, inaugur\u00f3, en compa\u00f1\u00eda del ministerio de Turismo, Francisco Javier Garc\u00eda, el Parque Tur\u00edstico y  Paisaj\u00edstico de La Puntilla y el Anfiteatro de Puerto Plata, lo que se convierte en una  atracci\u00f3n m\u00e1s para ese destino.<\/p>\n<\/p>\n<p>Las obras generar\u00e1n 150 empleos directos, y otros 600 empleos indirectos, adem\u00e1s de que aumentar\u00e1 la llegada de turistas a Puerto Plata, debido a los espect\u00e1culos que se montaran en el anfiteatro.<\/p>\n<\/p>\n<p>El Anfiteatro de Puerto Plata consta de un \u00e1rea total de 1,877.68 mt2, con un escenario de 315 mts2, con capacidad `para m\u00e1s de 4 mil personas. <\/p>\n<\/p>\n<p>El Parque Tur\u00edstico y  Paisaj\u00edstico de La Puntilla y el Anfiteatro de Puerto Plata, fue construido por la Constructora Kuky Silverio Industrial C x A, bajo la coordinaci\u00f3n y supervisi\u00f3n del Comit\u00e9 Ejecutor de Infraestructuras en Zonas Tur\u00edsticas (CEIZTUR), del Ministerio de Turismo.<\/p>\n<p>La bendici\u00f3n de la obra estuvo a cargo del obispo de la di\u00f3cesis de Puerto Plata, Julio C\u00e9sar Corniel Amaro.<\/p>\n<p>Al pronunciar el discurso central, el ministro de Turismo, destac\u00f3 la trascendencia de la obra y dijo que constituye un atractivo adicional para Puerto Plata. <\/p>\n<p>Afirm\u00f3 que el anfiteatro, ubicado frente al mar, es el m\u00e1s moderno del Caribe, con una capacidad para recibir m\u00e1s de 4 mil personas, y  viene a fortalecer las ofertas tur\u00edsticas de la zona.<\/p>\n<p>\u00abEste moderno anfiteatro,  constituye una novedosa oferta para Puerto Plata, lo que garantiza que m\u00e1s turistas sigan llegando a este destino\u00bb, expres\u00f3 Garc\u00eda. <\/p>\n<p>Este proyecto fue concebido para incorporar  nuevos elementos a la oferta tur\u00edstica de la costa norte, dotando al Centro Hist\u00f3rico y al Malec\u00f3n de Puerto Plata de un nuevo Parque Urbano en la Puntilla, al pie de la Fortaleza de San Felipe, uno de los principales monumentos coloniales, patrimonio de esta provincia y de la Naci\u00f3n Dominicana.<\/p>\n<p>Adem\u00e1s de Garc\u00eda, hicieron uso de la palabra la arquitecta Maribel Villalona, quien explic\u00f3 todo lo relativo a la licitaci\u00f3n, dise\u00f1o y ejecuci\u00f3n de las obras.<\/p>\n<p>Tambi\u00e9n, el ministro de Cultura, Jos\u00e9 Antonio Rodr\u00edguez, asegur\u00f3 que el anfiteatro adem\u00e1s de ser una atracci\u00f3n tur\u00edstica para Puerto Plata, es un nuevo escenario para que los principales artistas de todo el mundo puedan presentarse.<\/p>\n<\/p>\n<h6> 2016-07-14 20:36:15 <\/h6>\n<p><!--\n<link rel=\"stylesheet\" href=\"css\/bootstrap.min.css\">\n\n\n<ul class=\"pagination\">\n\t    \n\t\n\n<li >\n\t<a href='?page_no=12468'>Previous<\/a>\n\t<\/li>\n\n\n       \n    \n\n<li><a href='?page_no=1'>1<\/a><\/li>\n\n\n\n<li><a href='?page_no=2'>2<\/a><\/li>\n\n\n\n<li><a>...<\/a><\/li>\n\n\n\n<li><a href='?page_no=12467'>12467<\/a><\/li>\n\n\n\n<li><a href='?page_no=12468'>12468<\/a><\/li>\n\n\n\n<li class='active'><a>12469<\/a><\/li>\n\n\n\n<li><a href='?page_no=12470'>12470<\/a><\/li>\n\n\n\n<li><a href='?page_no=12471'>12471<\/a><\/li>\n\n\n\n<li><a>...<\/a><\/li>\n\n\n\n<li><a href='?page_no=56169'>56169<\/a><\/li>\n\n\n\n<li><a href='?page_no=56170'>56170<\/a><\/li>\n\n    \n\t\n\n<li >\n\t<a href='?page_no=12470'>Next<\/a>\n\t<\/li>\n\n\n    \n\n<li><a href='?page_no=56170'>Last &rsaquo;&rsaquo;<\/a><\/li>\n\n<\/ul>\n\n\n--><br \/>\n<\/body><\/p>\n","protected":false},"excerpt":{"rendered":"<p>Las obras generar\u00e1n 150 empleos directos, y otros 600 empleos indirectos, adem\u00e1s de que aumentar\u00e1 la llegada de turistas a Puerto Plata, debido a los espect\u00e1culos que se montaran en el anfiteatro. PUERTO PLATA, RD, 14 de Julio de 2016.- El presidente de la Rep\u00fablica, Danilo Medina, inaugur\u00f3, en compa\u00f1\u00eda del ministerio de Turismo, Francisco [&hellip;]<\/p>\n","protected":false},"author":3,"featured_media":0,"comment_status":"open","ping_status":"open","sticky":false,"template":"","format":"standard","meta":{"footnotes":""},"categories":[20],"tags":[],"class_list":["post-218003","post","type-post","status-publish","format-standard","hentry","category-dominicana-hoy"],"_links":{"self":[{"href":"https:\/\/diariodominicano.com\/index.php?rest_route=\/wp\/v2\/posts\/218003","targetHints":{"allow":["GET"]}}],"collection":[{"href":"https:\/\/diariodominicano.com\/index.php?rest_route=\/wp\/v2\/posts"}],"about":[{"href":"https:\/\/diariodominicano.com\/index.php?rest_route=\/wp\/v2\/types\/post"}],"author":[{"embeddable":true,"href":"https:\/\/diariodominicano.com\/index.php?rest_route=\/wp\/v2\/users\/3"}],"replies":[{"embeddable":true,"href":"https:\/\/diariodominicano.com\/index.php?rest_route=%2Fwp%2Fv2%2Fcomments&post=218003"}],"version-history":[{"count":0,"href":"https:\/\/diariodominicano.com\/index.php?rest_route=\/wp\/v2\/posts\/218003\/revisions"}],"wp:attachment":[{"href":"https:\/\/diariodominicano.com\/index.php?rest_route=%2Fwp%2Fv2%2Fmedia&parent=218003"}],"wp:term":[{"taxonomy":"category","embeddable":true,"href":"https:\/\/diariodominicano.com\/index.php?rest_route=%2Fwp%2Fv2%2Fcategories&post=218003"},{"taxonomy":"post_tag","embeddable":true,"href":"https:\/\/diariodominicano.com\/index.php?rest_route=%2Fwp%2Fv2%2Ftags&post=218003"}],"curies":[{"name":"wp","href":"https:\/\/api.w.org\/{rel}","templated":true}]}}