{"id":218001,"date":"2016-07-15T10:18:45","date_gmt":"2016-07-15T10:18:45","guid":{"rendered":"http:\/\/diariodominicano.ddns.net\/?p=218001"},"modified":"2016-07-15T10:18:45","modified_gmt":"2016-07-15T10:18:45","slug":"acuerdan-alianza-estrategica","status":"publish","type":"post","link":"https:\/\/diariodominicano.com\/?p=218001","title":{"rendered":"Acuerdan alianza estrat\u00e9gica"},"content":{"rendered":"<p><body><\/p>\n<p><img decoding=\"async\" src=\"img3\/Digecom15-7.jpg\" \/>  <\/p>\n<p><strong><span class=\"text1noticias\">Santo Domingo, R. D., 15 de julio.-<\/span><\/strong><span class=\"text1noticias\"> El Embajador Antonio Vargas Hern\u00e1ndez,director general de Cooperaci\u00f3n Multilateral y ordenador nacional de los Fondos Europeos para el Desarrollo, y Fernando C\u00e1ceres, c\u00f3nsul general de la Rep\u00fablica Dominicana en Milan, Italia, sostuvieron una reuni\u00f3n de trabajo, como primer paso para la concertaci\u00f3n de una posible alianza estrat\u00e9gica que se traduzca en beneficio para el pa\u00eds.<\/span><\/p>\n<p><span class=\"text1noticias\"> <\/span><\/p>\n<p><span class=\"text1noticias\">En el encuentro, que se produjo en el despacho de Vargas Hern\u00e1ndez, ambos vertieron su intensi\u00f3n e inter\u00e9s de iniciar un proceso de articulaci\u00f3n de tareas que redunden en beneficio para los dominicanos residentes en Italia y en sentido general, para el pueblo dominicano.<\/span><\/p>\n<p><span class=\"text1noticias\"> <\/span><\/p>\n<p><span class=\"text1noticias\">Los dos funcionarios coincidieron en destacar su compromiso de aunar esfuerzos y coordinar acciones en conectividad con la Estrategia Nacional de Desarrollo, que agreguen valor a los planes gubernamentales,contribuyendo a solidificar las pol\u00edticas sociales del presidente Danilo Medina.<\/span><\/p>\n<p><span class=\"text1noticias\"> <\/span><\/p>\n<p><span class=\"text1noticias\">El Embajador Vargas Hern\u00e1ndez, expres\u00f3 satisfacci\u00f3n al recibir la visita de C\u00e1ceres, a quien defini\u00f3 como un gran amigo y comprovinciano que en todas las funciones p\u00fablicas que ha desempe\u00f1ado en el pa\u00eds, se ha destacado por ser un actor presto y diligente en favor de nobles causas.<\/span><\/p>\n<p><span class=\"text1noticias\"> <\/span><\/p>\n<p><span class=\"text1noticias\">De su lado, C\u00e1ceres, tambi\u00e9n dijo sentirse complacido y honrado de poder reunirse y abordar temas interesantes junto a Vargas Hern\u00e1ndez, de quien dijo estar a su entera disposici\u00f3n en procura de articular prop\u00f3sitos en beneficio de las dominicanas y los domini<\/span>canos.<\/p>\n<h6> 2016-07-15 10:18:45 <\/h6>\n<p><!--\n<link rel=\"stylesheet\" href=\"css\/bootstrap.min.css\">\n\n\n<ul class=\"pagination\">\n\t    \n\t\n\n<li >\n\t<a href='?page_no=12466'>Previous<\/a>\n\t<\/li>\n\n\n       \n    \n\n<li><a href='?page_no=1'>1<\/a><\/li>\n\n\n\n<li><a href='?page_no=2'>2<\/a><\/li>\n\n\n\n<li><a>...<\/a><\/li>\n\n\n\n<li><a href='?page_no=12465'>12465<\/a><\/li>\n\n\n\n<li><a href='?page_no=12466'>12466<\/a><\/li>\n\n\n\n<li class='active'><a>12467<\/a><\/li>\n\n\n\n<li><a href='?page_no=12468'>12468<\/a><\/li>\n\n\n\n<li><a href='?page_no=12469'>12469<\/a><\/li>\n\n\n\n<li><a>...<\/a><\/li>\n\n\n\n<li><a href='?page_no=56169'>56169<\/a><\/li>\n\n\n\n<li><a href='?page_no=56170'>56170<\/a><\/li>\n\n    \n\t\n\n<li >\n\t<a href='?page_no=12468'>Next<\/a>\n\t<\/li>\n\n\n    \n\n<li><a href='?page_no=56170'>Last &rsaquo;&rsaquo;<\/a><\/li>\n\n<\/ul>\n\n\n--><br \/>\n<\/body><\/p>\n","protected":false},"excerpt":{"rendered":"<p>Santo Domingo, R. D., 15 de julio.- El Embajador Antonio Vargas Hern\u00e1ndez,director general de Cooperaci\u00f3n Multilateral y ordenador nacional de los Fondos Europeos para el Desarrollo, y Fernando C\u00e1ceres, c\u00f3nsul general de la Rep\u00fablica Dominicana en Milan, Italia, sostuvieron una reuni\u00f3n de trabajo, como primer paso para la concertaci\u00f3n de una posible alianza estrat\u00e9gica que [&hellip;]<\/p>\n","protected":false},"author":3,"featured_media":0,"comment_status":"open","ping_status":"open","sticky":false,"template":"","format":"standard","meta":{"footnotes":""},"categories":[20],"tags":[],"class_list":["post-218001","post","type-post","status-publish","format-standard","hentry","category-dominicana-hoy"],"_links":{"self":[{"href":"https:\/\/diariodominicano.com\/index.php?rest_route=\/wp\/v2\/posts\/218001","targetHints":{"allow":["GET"]}}],"collection":[{"href":"https:\/\/diariodominicano.com\/index.php?rest_route=\/wp\/v2\/posts"}],"about":[{"href":"https:\/\/diariodominicano.com\/index.php?rest_route=\/wp\/v2\/types\/post"}],"author":[{"embeddable":true,"href":"https:\/\/diariodominicano.com\/index.php?rest_route=\/wp\/v2\/users\/3"}],"replies":[{"embeddable":true,"href":"https:\/\/diariodominicano.com\/index.php?rest_route=%2Fwp%2Fv2%2Fcomments&post=218001"}],"version-history":[{"count":0,"href":"https:\/\/diariodominicano.com\/index.php?rest_route=\/wp\/v2\/posts\/218001\/revisions"}],"wp:attachment":[{"href":"https:\/\/diariodominicano.com\/index.php?rest_route=%2Fwp%2Fv2%2Fmedia&parent=218001"}],"wp:term":[{"taxonomy":"category","embeddable":true,"href":"https:\/\/diariodominicano.com\/index.php?rest_route=%2Fwp%2Fv2%2Fcategories&post=218001"},{"taxonomy":"post_tag","embeddable":true,"href":"https:\/\/diariodominicano.com\/index.php?rest_route=%2Fwp%2Fv2%2Ftags&post=218001"}],"curies":[{"name":"wp","href":"https:\/\/api.w.org\/{rel}","templated":true}]}}