{"id":217998,"date":"2016-07-15T14:39:52","date_gmt":"2016-07-15T14:39:52","guid":{"rendered":"http:\/\/diariodominicano.ddns.net\/?p=217998"},"modified":"2016-07-15T14:39:52","modified_gmt":"2016-07-15T14:39:52","slug":"cancilleria-dice-no-hay-dominicanos-entre-las-victimas-de-atentado-en-niza","status":"publish","type":"post","link":"https:\/\/diariodominicano.com\/?p=217998","title":{"rendered":"&#13;Canciller\u00eda dice no hay Dominicanos entre las v\u00edctimas de atentado en Niza"},"content":{"rendered":"<p><body><\/p>\n<p><img decoding=\"async\" src=\"img3\/f23e7d42-8970-4e74-a406-5efaceb037f1.jpg\" \/>  <\/p>\n<p>Santo Domingo, R.D.,15. &#8211; El Ministerio de Relaciones Exteriores inform\u00f3 que hasta el momento no existen dominicanos dentro de las v\u00edctimas del atentado ocurrido en la ciudad de Niza, Francia. La misi\u00f3n diplom\u00e1tica dominicana en dicha Naci\u00f3n se mantendr\u00e1 atenta a los acontecimientos para mantener informado al pa\u00eds.<\/p>\n<\/p>\n<p>El vocero de la Canciller\u00eda, Miguel Medina, inform\u00f3 que nuestra Misi\u00f3n diplom\u00e1tica en Francia se mantiene dando seguimiento al tr\u00e1gico acontecimiento ocurrido ayer a esa naci\u00f3n hermana, en donde 84 personas perdieron la vida, despu\u00e9s que un hombre de nacionalidad tunecino-francesa a bordo de un cami\u00f3n impactara a un gran n\u00famero de personas que se encontraban celebrando la fiesta nacional francesa.<\/p>\n<\/p>\n<p>Medina explic\u00f3, que a primeras horas de hoy viernes la embajadora Rosa Hern\u00e1ndez de Grull\u00f3n, remiti\u00f3 un informe a la sede del Ministerio de Relaciones Exteriores, en el que hace un detalle pormenorizado de los acontecimientos. En dicho reporte se confirma que dentro de las v\u00edctimas fatales no hay dominicanos, seg\u00fan las informaciones oficiales de las autoridades francesas.<\/p>\n<\/p>\n<p>El MIREX expres\u00f3 su m\u00e1s profunda muestra de solidaridad con los familiares de las v\u00edctimas del lamentable suceso.<\/p>\n<\/p>\n<p>\u00abEn nombre del gobierno dominicano, del Ministro de Relaciones Exteriores, arquitecto Andr\u00e9s Navarro Garc\u00eda, expresamos nuestro pesar y dolor por el mal momento que est\u00e1n pasando nuestros hermanos franceses y muy especialmente los familiares de las v\u00edctimas fatales y los heridos dejados por el acto terrorista en la ciudad de Niza\u00bb, expresa la nota del MIREX.<\/p>\n<h6> 2016-07-15 14:39:52 <\/h6>\n<p><!--\n<link rel=\"stylesheet\" href=\"css\/bootstrap.min.css\">\n\n\n<ul class=\"pagination\">\n\t    \n\t\n\n<li >\n\t<a href='?page_no=12463'>Previous<\/a>\n\t<\/li>\n\n\n       \n    \n\n<li><a href='?page_no=1'>1<\/a><\/li>\n\n\n\n<li><a href='?page_no=2'>2<\/a><\/li>\n\n\n\n<li><a>...<\/a><\/li>\n\n\n\n<li><a href='?page_no=12462'>12462<\/a><\/li>\n\n\n\n<li><a href='?page_no=12463'>12463<\/a><\/li>\n\n\n\n<li class='active'><a>12464<\/a><\/li>\n\n\n\n<li><a href='?page_no=12465'>12465<\/a><\/li>\n\n\n\n<li><a href='?page_no=12466'>12466<\/a><\/li>\n\n\n\n<li><a>...<\/a><\/li>\n\n\n\n<li><a href='?page_no=56169'>56169<\/a><\/li>\n\n\n\n<li><a href='?page_no=56170'>56170<\/a><\/li>\n\n    \n\t\n\n<li >\n\t<a href='?page_no=12465'>Next<\/a>\n\t<\/li>\n\n\n    \n\n<li><a href='?page_no=56170'>Last &rsaquo;&rsaquo;<\/a><\/li>\n\n<\/ul>\n\n\n--><br \/>\n<\/body><\/p>\n","protected":false},"excerpt":{"rendered":"<p>Santo Domingo, R.D.,15. &#8211; El Ministerio de Relaciones Exteriores inform\u00f3 que hasta el momento no existen dominicanos dentro de las v\u00edctimas del atentado ocurrido en la ciudad de Niza, Francia. La misi\u00f3n diplom\u00e1tica dominicana en dicha Naci\u00f3n se mantendr\u00e1 atenta a los acontecimientos para mantener informado al pa\u00eds. El vocero de la Canciller\u00eda, Miguel Medina, [&hellip;]<\/p>\n","protected":false},"author":3,"featured_media":0,"comment_status":"open","ping_status":"open","sticky":false,"template":"","format":"standard","meta":{"footnotes":""},"categories":[20],"tags":[],"class_list":["post-217998","post","type-post","status-publish","format-standard","hentry","category-dominicana-hoy"],"_links":{"self":[{"href":"https:\/\/diariodominicano.com\/index.php?rest_route=\/wp\/v2\/posts\/217998","targetHints":{"allow":["GET"]}}],"collection":[{"href":"https:\/\/diariodominicano.com\/index.php?rest_route=\/wp\/v2\/posts"}],"about":[{"href":"https:\/\/diariodominicano.com\/index.php?rest_route=\/wp\/v2\/types\/post"}],"author":[{"embeddable":true,"href":"https:\/\/diariodominicano.com\/index.php?rest_route=\/wp\/v2\/users\/3"}],"replies":[{"embeddable":true,"href":"https:\/\/diariodominicano.com\/index.php?rest_route=%2Fwp%2Fv2%2Fcomments&post=217998"}],"version-history":[{"count":0,"href":"https:\/\/diariodominicano.com\/index.php?rest_route=\/wp\/v2\/posts\/217998\/revisions"}],"wp:attachment":[{"href":"https:\/\/diariodominicano.com\/index.php?rest_route=%2Fwp%2Fv2%2Fmedia&parent=217998"}],"wp:term":[{"taxonomy":"category","embeddable":true,"href":"https:\/\/diariodominicano.com\/index.php?rest_route=%2Fwp%2Fv2%2Fcategories&post=217998"},{"taxonomy":"post_tag","embeddable":true,"href":"https:\/\/diariodominicano.com\/index.php?rest_route=%2Fwp%2Fv2%2Ftags&post=217998"}],"curies":[{"name":"wp","href":"https:\/\/api.w.org\/{rel}","templated":true}]}}