{"id":217996,"date":"2016-07-15T15:21:15","date_gmt":"2016-07-15T15:21:15","guid":{"rendered":"http:\/\/diariodominicano.ddns.net\/?p=217996"},"modified":"2016-07-15T15:21:15","modified_gmt":"2016-07-15T15:21:15","slug":"inabie-firma-acuerdo-para-beneficiar-76-mil-ninos","status":"publish","type":"post","link":"https:\/\/diariodominicano.com\/?p=217996","title":{"rendered":"INABIE firma acuerdo para beneficiar 76 mil ni\u00f1os"},"content":{"rendered":"<p><body><\/p>\n<p>Santo Domingo, RD., 14 de julio.- Con una inversi\u00f3n de 41  millones de pesos y una proyecci\u00f3n de examinar a unos 76 mil alumnos de las escuelas p\u00fablicas, el Instituto Nacional de Bienestar Estudiantil (INABIE) y  la Fundaci\u00f3n Ramiro Garc\u00eda, firmaron hoy el segundo acuerdo  interinstitucional. <\/p>\n<\/p>\n<p>El convenio tiene como objetivo mejorar y corregir dificultades de aprendizaje causadas por problemas visuales, en estudiantes de las escuelas p\u00fablicas ubicadas en las provincias de Barahona, Bahoruco y Valverde. <\/p>\n<\/p>\n<p>Ren\u00e9 J\u00e1quez Gil, director del INABIE, explic\u00f3, se estima que de los 76 mil  estudiantes, el 12 por ciento requerir\u00e1n de lentes para corregir afecciones visuales y que otra gran parte ameritar\u00e1 de intervenci\u00f3n quir\u00fargica. Agreg\u00f3 que el INABIE cubrir\u00e1 todos los gastos que conlleven estas intervenciones sin importar la naturaleza de las mismas.<\/p>\n<\/p>\n<p>El funcionario precis\u00f3 que el programa que lleva como nombre Ver Bien para Aprender constituye para el INABIE un est\u00edmulo y una iniciativa que ha puesto de manifiesto que cuando m\u00e1s de una instituci\u00f3n se unifica en torno a objetivos comunes el \u00e9xito est\u00e1 garantizado. Record\u00f3 que \u00abeste convenio que hoy firmamos fue precedido de uno anterior, donde se abarc\u00f3 la zona fronteriza, examinando a unos 105 mil ni\u00f1os de las escuelas p\u00fablicas.  <\/p>\n<\/p>\n<p> J\u00e1quez Gil dijo que nos \u00ababocamos ampliar nuestras intervenciones hasta cubrir todas las provincias de la zona fronteriza, garantizando que en esa regi\u00f3n del pa\u00eds no quedar\u00e1 un solo ni\u00f1o con afecci\u00f3n visual que no sea debidamente atendido. El INABIE asume una posici\u00f3n de primer orden para el logro de ese prop\u00f3sito\u00bb, sostuvo el funcionario.<\/p>\n<\/p>\n<p>J\u00e1quez Gil resalt\u00f3 que este tipo de programa forma parte de las inversiones que viene haciendo Gobierno del presidente  Danilo Medina en beneficio de la educaci\u00f3n dominicana.<\/p>\n<\/p>\n<p>En el acto de firma del convenio el licenciado J\u00e1quez, hizo un llamado a todas las instituciones, tanto nacionales como internacionales, para que se sumen a iniciativa como la que se puso de manifiesto hoy, indicando que el INABIE les acoge con benepl\u00e1cito y dispuesto a sumir la mayor parte de la responsabilidad que implica dejar la escuela dominicana libre de estudiantes con problemas visuales.<\/p>\n<\/p>\n<p>De su lado, Ramiro Garc\u00eda, presidente la Fundaci\u00f3n que lleva su nombre,  dijo que este proyecto surge como un sost\u00e9n al ambicioso y anhelado programa de educaci\u00f3n b\u00e1sica e inicial implementado por el presidente Danilo Medina.<\/p>\n<\/p>\n<p> Explic\u00f3 que ning\u00fan ser humano puede asimilar el conocimiento si padece de problema visual, que le impida captar la ense\u00f1anza brindada.<\/p>\n<\/p>\n<p>Afirm\u00f3 que el programa Ver Bien para Aprender permitir\u00e1 que muchos ni\u00f1os y adolescentes de las provincias que ser\u00e1n intervenidas,  puedan obtener sus lentes correctivos, de manera gratuita, que en muchas ocasiones se convierte en algo inalcanzable para sus padres.<\/p>\n<h6> 2016-07-15 15:21:15 <\/h6>\n<p><!--\n<link rel=\"stylesheet\" href=\"css\/bootstrap.min.css\">\n\n\n<ul class=\"pagination\">\n\t    \n\t\n\n<li >\n\t<a href='?page_no=12461'>Previous<\/a>\n\t<\/li>\n\n\n       \n    \n\n<li><a href='?page_no=1'>1<\/a><\/li>\n\n\n\n<li><a href='?page_no=2'>2<\/a><\/li>\n\n\n\n<li><a>...<\/a><\/li>\n\n\n\n<li><a href='?page_no=12460'>12460<\/a><\/li>\n\n\n\n<li><a href='?page_no=12461'>12461<\/a><\/li>\n\n\n\n<li class='active'><a>12462<\/a><\/li>\n\n\n\n<li><a href='?page_no=12463'>12463<\/a><\/li>\n\n\n\n<li><a href='?page_no=12464'>12464<\/a><\/li>\n\n\n\n<li><a>...<\/a><\/li>\n\n\n\n<li><a href='?page_no=56169'>56169<\/a><\/li>\n\n\n\n<li><a href='?page_no=56170'>56170<\/a><\/li>\n\n    \n\t\n\n<li >\n\t<a href='?page_no=12463'>Next<\/a>\n\t<\/li>\n\n\n    \n\n<li><a href='?page_no=56170'>Last &rsaquo;&rsaquo;<\/a><\/li>\n\n<\/ul>\n\n\n--><br \/>\n<\/body><\/p>\n","protected":false},"excerpt":{"rendered":"<p>Santo Domingo, RD., 14 de julio.- Con una inversi\u00f3n de 41 millones de pesos y una proyecci\u00f3n de examinar a unos 76 mil alumnos de las escuelas p\u00fablicas, el Instituto Nacional de Bienestar Estudiantil (INABIE) y la Fundaci\u00f3n Ramiro Garc\u00eda, firmaron hoy el segundo acuerdo interinstitucional. El convenio tiene como objetivo mejorar y corregir dificultades [&hellip;]<\/p>\n","protected":false},"author":3,"featured_media":0,"comment_status":"open","ping_status":"open","sticky":false,"template":"","format":"standard","meta":{"footnotes":""},"categories":[20],"tags":[],"class_list":["post-217996","post","type-post","status-publish","format-standard","hentry","category-dominicana-hoy"],"_links":{"self":[{"href":"https:\/\/diariodominicano.com\/index.php?rest_route=\/wp\/v2\/posts\/217996","targetHints":{"allow":["GET"]}}],"collection":[{"href":"https:\/\/diariodominicano.com\/index.php?rest_route=\/wp\/v2\/posts"}],"about":[{"href":"https:\/\/diariodominicano.com\/index.php?rest_route=\/wp\/v2\/types\/post"}],"author":[{"embeddable":true,"href":"https:\/\/diariodominicano.com\/index.php?rest_route=\/wp\/v2\/users\/3"}],"replies":[{"embeddable":true,"href":"https:\/\/diariodominicano.com\/index.php?rest_route=%2Fwp%2Fv2%2Fcomments&post=217996"}],"version-history":[{"count":0,"href":"https:\/\/diariodominicano.com\/index.php?rest_route=\/wp\/v2\/posts\/217996\/revisions"}],"wp:attachment":[{"href":"https:\/\/diariodominicano.com\/index.php?rest_route=%2Fwp%2Fv2%2Fmedia&parent=217996"}],"wp:term":[{"taxonomy":"category","embeddable":true,"href":"https:\/\/diariodominicano.com\/index.php?rest_route=%2Fwp%2Fv2%2Fcategories&post=217996"},{"taxonomy":"post_tag","embeddable":true,"href":"https:\/\/diariodominicano.com\/index.php?rest_route=%2Fwp%2Fv2%2Ftags&post=217996"}],"curies":[{"name":"wp","href":"https:\/\/api.w.org\/{rel}","templated":true}]}}