{"id":217995,"date":"2016-07-15T15:54:04","date_gmt":"2016-07-15T15:54:04","guid":{"rendered":"http:\/\/diariodominicano.ddns.net\/?p=217995"},"modified":"2016-07-15T15:54:04","modified_gmt":"2016-07-15T15:54:04","slug":"dpd-realiza-mamografias-gratuitas-a-mujeres-de-villa-juana","status":"publish","type":"post","link":"https:\/\/diariodominicano.com\/?p=217995","title":{"rendered":"DPD realiza mamograf\u00edas gratuitas a mujeres  de Villa Juana"},"content":{"rendered":"<p><body><\/p>\n<p><img decoding=\"async\" src=\"img3\/83e35a8d-3283-4438-abe9-cb2ebd14914e.jpg\" \/><br \/><img decoding=\"async\" src=\"img3\/03239762-f6af-4096-bd0d-393f5c4b759b.jpg\" \/>  <\/p>\n<p>Santo Domingo, R.D., 15 de julio.-Decenas de mujeres del sector de Villa Juana en el Distrito Nacional fueron beneficiadas este viernes con mamograf\u00edas gratuitas y charlas de prevenci\u00f3n y manejo de esa enfermedad.<\/p>\n<p>Las mamograf\u00edas fueron realizadas por el Despacho de la Primera Dama de la Rep\u00fablica, C\u00e1ndida Montilla de Medina, a trav\u00e9s  de su programa \u00abMujeres Saludables\u00bb.<\/p>\n<\/p>\n<p>El operativo, efectuado en el Centro Cultural Narciso Gonz\u00e1lez, se desarroll\u00f3 en coordinaci\u00f3n con el Comit\u00e9 Permanente Pro Fiesta de Villa Juana, que cumple  69 a\u00f1os de su fundaci\u00f3n.<\/p>\n<\/p>\n<p>Previo al inicio de la jornada, fue impartida la charla \u00abImportancia de la detecci\u00f3n precoz del c\u00e1ncer de Mama\u00bb, a cargo de la doctora Ramona Jimenez, quien  resalt\u00f3 la importancia de que toda mujer  a partir de los 38 a\u00f1os se practique su mamograf\u00eda y se haga una exploraci\u00f3n de sus mamas desde los 20 a\u00f1os de edad.<\/p>\n<\/p>\n<p>El tema del \u00abManejo Emocional de la Mujer y la Familia\u00bb, en caso de C\u00e1ncer de Mamas estuvo a cargo de la psic\u00f3loga Mar\u00eda Luc\u00eda P\u00e9rez.<\/p>\n<\/p>\n<p>Un equipo de profesionales acompa\u00f1ados de dos mam\u00f3grafos m\u00f3viles practic\u00f3 el estudio mamogr\u00e1fico a mujeres de distintas edades de la populosa barriada capitalina que asistieron al operativo.<\/p>\n<\/p>\n<p>El Programa Mujeres Saludables, es uno de los pilares estrat\u00e9gicos del Despacho de la Primera Dama Montilla de Medina, que busca prevenir la incidencia del c\u00e1ncer de mamas,  en todo el territorio nacional.<\/p>\n<\/p>\n<p>En los primeros seis meses de este 2016, el Despacho de la Primera Dama a trav\u00e9s del Programa \u00abMujeres Saludables\u00bb que coordina el doctor Nelson Figueroa Espaillat, ha realizado m\u00e1s de 5 mil mamograf\u00edas  en casi 100 operativos llevados a cabos en distintos puntos del pa\u00eds.<\/p>\n<\/p>\n<p>El Comit\u00e9 Permanente ProFiesta Aniversario de Villa Juana (COPFIAVIJU) colabor\u00f3 activamente en la organizaci\u00f3n del operativo del programa Mujeres Saludables.<\/p>\n<\/p>\n<p>El presidente de la entidad, Laddy Cortorreal, agradeci\u00f3 a Montilla de Medina que siempre toma en cuenta a los sectores m\u00e1s vulnerables de la poblaci\u00f3n para impulsar proyectos tendentes a elevar la calidad de vida.<\/p>\n<\/p>\n<p>\u00abGracias al Despacho de la Primera Dama Montilla de Medina que gentilmente atendi\u00f3 a nuestro llamado y a todas las mujeres que acudieron a practicarse sus mamograf\u00edas en forma gratuita\u00bb, expuso.<\/p>\n<\/p>\n<p>De su lado, Cynthia Padilla S\u00e1nchez, en nombre de las damas que acudieron al llamado abog\u00f3 para que los distintos programas sociales del Despacho de Montilla de Medina sigan impactando positivamente las vidas de los residentes en Villa Juana.<\/p>\n<\/p>\n<h6> 2016-07-15 15:54:04 <\/h6>\n<p><!--\n<link rel=\"stylesheet\" href=\"css\/bootstrap.min.css\">\n\n\n<ul class=\"pagination\">\n\t    \n\t\n\n<li >\n\t<a href='?page_no=12460'>Previous<\/a>\n\t<\/li>\n\n\n       \n    \n\n<li><a href='?page_no=1'>1<\/a><\/li>\n\n\n\n<li><a href='?page_no=2'>2<\/a><\/li>\n\n\n\n<li><a>...<\/a><\/li>\n\n\n\n<li><a href='?page_no=12459'>12459<\/a><\/li>\n\n\n\n<li><a href='?page_no=12460'>12460<\/a><\/li>\n\n\n\n<li class='active'><a>12461<\/a><\/li>\n\n\n\n<li><a href='?page_no=12462'>12462<\/a><\/li>\n\n\n\n<li><a href='?page_no=12463'>12463<\/a><\/li>\n\n\n\n<li><a>...<\/a><\/li>\n\n\n\n<li><a href='?page_no=56169'>56169<\/a><\/li>\n\n\n\n<li><a href='?page_no=56170'>56170<\/a><\/li>\n\n    \n\t\n\n<li >\n\t<a href='?page_no=12462'>Next<\/a>\n\t<\/li>\n\n\n    \n\n<li><a href='?page_no=56170'>Last &rsaquo;&rsaquo;<\/a><\/li>\n\n<\/ul>\n\n\n--><br \/>\n<\/body><\/p>\n","protected":false},"excerpt":{"rendered":"<p>Santo Domingo, R.D., 15 de julio.-Decenas de mujeres del sector de Villa Juana en el Distrito Nacional fueron beneficiadas este viernes con mamograf\u00edas gratuitas y charlas de prevenci\u00f3n y manejo de esa enfermedad. Las mamograf\u00edas fueron realizadas por el Despacho de la Primera Dama de la Rep\u00fablica, C\u00e1ndida Montilla de Medina, a trav\u00e9s de su [&hellip;]<\/p>\n","protected":false},"author":3,"featured_media":0,"comment_status":"open","ping_status":"open","sticky":false,"template":"","format":"standard","meta":{"footnotes":""},"categories":[20],"tags":[],"class_list":["post-217995","post","type-post","status-publish","format-standard","hentry","category-dominicana-hoy"],"_links":{"self":[{"href":"https:\/\/diariodominicano.com\/index.php?rest_route=\/wp\/v2\/posts\/217995","targetHints":{"allow":["GET"]}}],"collection":[{"href":"https:\/\/diariodominicano.com\/index.php?rest_route=\/wp\/v2\/posts"}],"about":[{"href":"https:\/\/diariodominicano.com\/index.php?rest_route=\/wp\/v2\/types\/post"}],"author":[{"embeddable":true,"href":"https:\/\/diariodominicano.com\/index.php?rest_route=\/wp\/v2\/users\/3"}],"replies":[{"embeddable":true,"href":"https:\/\/diariodominicano.com\/index.php?rest_route=%2Fwp%2Fv2%2Fcomments&post=217995"}],"version-history":[{"count":0,"href":"https:\/\/diariodominicano.com\/index.php?rest_route=\/wp\/v2\/posts\/217995\/revisions"}],"wp:attachment":[{"href":"https:\/\/diariodominicano.com\/index.php?rest_route=%2Fwp%2Fv2%2Fmedia&parent=217995"}],"wp:term":[{"taxonomy":"category","embeddable":true,"href":"https:\/\/diariodominicano.com\/index.php?rest_route=%2Fwp%2Fv2%2Fcategories&post=217995"},{"taxonomy":"post_tag","embeddable":true,"href":"https:\/\/diariodominicano.com\/index.php?rest_route=%2Fwp%2Fv2%2Ftags&post=217995"}],"curies":[{"name":"wp","href":"https:\/\/api.w.org\/{rel}","templated":true}]}}