{"id":217992,"date":"2016-07-16T08:12:14","date_gmt":"2016-07-16T08:12:14","guid":{"rendered":"http:\/\/diariodominicano.ddns.net\/?p=217992"},"modified":"2016-07-16T08:12:14","modified_gmt":"2016-07-16T08:12:14","slug":"poder-ejecutivo-promulga-la-ley-de-la-policia","status":"publish","type":"post","link":"https:\/\/diariodominicano.com\/?p=217992","title":{"rendered":"Poder Ejecutivo promulga la Ley de la Polic\u00eda"},"content":{"rendered":"<p><body><\/p>\n<p><img decoding=\"async\" src=\"img3\/policia16.jpg\" \/>  <\/p>\n<\/p>\n<\/p>\n<p><strong>SANTO DOMINGO, RD, 16 de Julio de 2016.- <\/strong>El presidente Danilo Medina promulg\u00f3 ayer la Ley 590-16 que reforma la Polic\u00eda Nacional, en lo adelante se espera una redefinici\u00f3n de la instituci\u00f3n del orden.La Fundaci\u00f3n Institucionalidad y Justicia (Finjus), asegur\u00f3 que la nueva Ley Org\u00e1nica de la Polic\u00eda Nacional redefine la doctrina policial, debido a que en los art\u00edculos 12 sobre la doctrina, 13 sobre las funciones, y 14 sobre los principios fundamentales de actuaci\u00f3n, se comienzan a repensar los dogmas y principios de la funci\u00f3n policial para adaptarlos a los requerimientos de una sociedad democr\u00e1tica. <\/p>\n<\/p>\n<p>Asimismo, fortalece el sistema de la carrera policial porque los miembros de la instituci\u00f3n pasan a ser considerados servidores p\u00fablicos y se establece un escalaf\u00f3n policial tomando en cuenta los criterios de antig\u00fcedad en el rango, disciplina, capacitaci\u00f3n en ciencias policiales y evaluaci\u00f3n de desempe\u00f1o.<\/p>\n<\/p>\n<p>Finjus destac\u00f3, adem\u00e1s, la eliminaci\u00f3n de la asignaci\u00f3n de agentes policiales a servicios particulares, el refuerzo en el apoyo interinstitucional y la creaci\u00f3n de comisiones de investigaci\u00f3n independientes.<\/p>\n<p><strong> <\/strong><\/p>\n<p><strong>Fiscalizar\u00e1n cumplimiento<\/strong><\/p>\n<\/p>\n<p>En tanto que, el presidente de la comisi\u00f3n del Ministerio de Interior y Polic\u00eda, Elpidio B\u00e1ez, se comprometi\u00f3 a dar seguimiento desde la C\u00e1mara de Diputados al cumplimiento de la norma con el objetivo de que logre su cometido y que, adem\u00e1s, se pueda recuperar la confianza de la poblaci\u00f3n en la Polic\u00eda Nacional.<\/p>\n<\/p>\n<p>El tambi\u00e9n vocero del bloque de Diputados del Partido de la Liberaci\u00f3n Dominicana (PLD), consider\u00f3 que la promulgaci\u00f3n de la Ley debe sacar a la polic\u00eda de un marco de fuerza para encaminarla a un ambiente democr\u00e1tico como en otros pa\u00edses de Am\u00e9rica. Pese a que el proyecto de ley se discuti\u00f3 y analiz\u00f3 por tres a\u00f1os con representantes de la sociedad civil, juntas de vecinos, agencias internacionales, como la Usaid y representantes del Gobierno, luego de su aprobaci\u00f3n la norma fue criticada. El diputado afirm\u00f3 que quienes hicieron los se\u00f1alamientos defend\u00edan los intereses de sus sectores porque \u00abse benefician del caos, del desorden y la discrecionalidad\u00bb. Sobre el aumento salarial que no fue contemplado en la ley, B\u00e1ez explic\u00f3 que por ser org\u00e1nica no pod\u00eda incluir una escala salarial, aunque espera se haga en lo adelante. <\/p>\n<\/p>\n<p>Reduce n\u00famero de generales<\/p>\n<\/p>\n<p>La Ley Org\u00e1nica de la Polic\u00eda Nacional, cuyo principal impulsor fue el Poder Ejecutivo, entre otras reformas reduce de 56 a 20 el n\u00famero de generales, deja en desuso el t\u00e9rmino \u00abjefe\u00bb para que en lo adelante se diga Director General de la Polic\u00eda Nacional y disminuye el Consejo Policial de 17 a 8 miembros, de los cuales uno, el Consultor Jur\u00eddico, no tendr\u00eda voto, y el resto tendr\u00eda voz y voto. Fue aprobada en dos lecturas consecutivas el 29 de junio. (Polic\u00eda Nacional debe ser relanzada tras promulgarse ley de reforma. El Caribe )<\/p>\n<\/p>\n<h6> 2016-07-16 08:12:14 <\/h6>\n<p><!--\n<link rel=\"stylesheet\" href=\"css\/bootstrap.min.css\">\n\n\n<ul class=\"pagination\">\n\t    \n\t\n\n<li >\n\t<a href='?page_no=12458'>Previous<\/a>\n\t<\/li>\n\n\n       \n    \n\n<li><a href='?page_no=1'>1<\/a><\/li>\n\n\n\n<li><a href='?page_no=2'>2<\/a><\/li>\n\n\n\n<li><a>...<\/a><\/li>\n\n\n\n<li><a href='?page_no=12457'>12457<\/a><\/li>\n\n\n\n<li><a href='?page_no=12458'>12458<\/a><\/li>\n\n\n\n<li class='active'><a>12459<\/a><\/li>\n\n\n\n<li><a href='?page_no=12460'>12460<\/a><\/li>\n\n\n\n<li><a href='?page_no=12461'>12461<\/a><\/li>\n\n\n\n<li><a>...<\/a><\/li>\n\n\n\n<li><a href='?page_no=56169'>56169<\/a><\/li>\n\n\n\n<li><a href='?page_no=56170'>56170<\/a><\/li>\n\n    \n\t\n\n<li >\n\t<a href='?page_no=12460'>Next<\/a>\n\t<\/li>\n\n\n    \n\n<li><a href='?page_no=56170'>Last &rsaquo;&rsaquo;<\/a><\/li>\n\n<\/ul>\n\n\n--><br \/>\n<\/body><\/p>\n","protected":false},"excerpt":{"rendered":"<p>SANTO DOMINGO, RD, 16 de Julio de 2016.- El presidente Danilo Medina promulg\u00f3 ayer la Ley 590-16 que reforma la Polic\u00eda Nacional, en lo adelante se espera una redefinici\u00f3n de la instituci\u00f3n del orden.La Fundaci\u00f3n Institucionalidad y Justicia (Finjus), asegur\u00f3 que la nueva Ley Org\u00e1nica de la Polic\u00eda Nacional redefine la doctrina policial, debido a [&hellip;]<\/p>\n","protected":false},"author":3,"featured_media":0,"comment_status":"open","ping_status":"open","sticky":false,"template":"","format":"standard","meta":{"footnotes":""},"categories":[20],"tags":[],"class_list":["post-217992","post","type-post","status-publish","format-standard","hentry","category-dominicana-hoy"],"_links":{"self":[{"href":"https:\/\/diariodominicano.com\/index.php?rest_route=\/wp\/v2\/posts\/217992","targetHints":{"allow":["GET"]}}],"collection":[{"href":"https:\/\/diariodominicano.com\/index.php?rest_route=\/wp\/v2\/posts"}],"about":[{"href":"https:\/\/diariodominicano.com\/index.php?rest_route=\/wp\/v2\/types\/post"}],"author":[{"embeddable":true,"href":"https:\/\/diariodominicano.com\/index.php?rest_route=\/wp\/v2\/users\/3"}],"replies":[{"embeddable":true,"href":"https:\/\/diariodominicano.com\/index.php?rest_route=%2Fwp%2Fv2%2Fcomments&post=217992"}],"version-history":[{"count":0,"href":"https:\/\/diariodominicano.com\/index.php?rest_route=\/wp\/v2\/posts\/217992\/revisions"}],"wp:attachment":[{"href":"https:\/\/diariodominicano.com\/index.php?rest_route=%2Fwp%2Fv2%2Fmedia&parent=217992"}],"wp:term":[{"taxonomy":"category","embeddable":true,"href":"https:\/\/diariodominicano.com\/index.php?rest_route=%2Fwp%2Fv2%2Fcategories&post=217992"},{"taxonomy":"post_tag","embeddable":true,"href":"https:\/\/diariodominicano.com\/index.php?rest_route=%2Fwp%2Fv2%2Ftags&post=217992"}],"curies":[{"name":"wp","href":"https:\/\/api.w.org\/{rel}","templated":true}]}}