{"id":217991,"date":"2016-07-16T15:57:25","date_gmt":"2016-07-16T15:57:25","guid":{"rendered":"http:\/\/diariodominicano.ddns.net\/?p=217991"},"modified":"2016-07-16T15:57:25","modified_gmt":"2016-07-16T15:57:25","slug":"red-de-centros-sociales-de-la-compania-de-jesus-ve-con-agrado-extension-de-permisos-migratorios","status":"publish","type":"post","link":"https:\/\/diariodominicano.com\/?p=217991","title":{"rendered":"Red de Centros Sociales de la Compa\u00f1\u00eda de Jes\u00fas ve con agrado extensi\u00f3n de permisos migratorios"},"content":{"rendered":"<p><body><\/p>\n<p><img decoding=\"async\" src=\"img3\/HAITIANODOC.JPG\" \/><br \/><img decoding=\"async\" src=\"img3\/HAITIANOS2.JPG\" \/>  <\/p>\n<\/p>\n<\/p>\n<p><strong><span class=\"text1noticias\">Santo Domingo, RD, 16 de julio . <\/span><\/strong><span class=\"text1noticias\">La Red de Centros Sociales de la Compa\u00f1\u00eda de Jes\u00fas en el pa\u00eds considera una medida oportuna y acertada la iniciativa formulada por el Gobierno de Rep\u00fablica Dominicana de extender la vigencia de los permisos migratorios durante un a\u00f1o a 155,477 personas que se inscribieron en el Plan de regularizaci\u00f3n con su c\u00e9dula o acta de nacimiento y que presentaron documentos que demostraban su ingreso en el pa\u00eds antes del 19 de octubre de 2011.<\/span><\/p>\n<\/p>\n<p><span class=\"text1noticias\">La medida adoptada por el gobierno de Danilo Medina, por razones econ\u00f3micas y humanitarias, tiene el objetivo de seguir normalizando la situaci\u00f3n de miles de extranjeros que residen en el pa\u00eds y dar estabilidad a todas estas personas, que estudian o trabajan en Rep\u00fablica Dominicana, y que ya contaban con un estatus migratorio regular desde hace ahora un a\u00f1o.<\/span><\/p>\n<\/p>\n<p><span class=\"text1noticias\">Ante esta medida anunciada por el Ministro de Interior y Polic\u00eda, Ram\u00f3n Fadul, los Centros Sociales ven urgente hacer un llamado a los agentes migratorios del COMI y a los cuerpos militares de CESFRONT y Ejercito Dominicano para que situaciones como las de Jean Dorcidien, quien tiene inscripci\u00f3n en el Plan Nacional de Regularizaci\u00f3n n\u00ba DO-32-037771 y fue deportado el jueves 7 de julio por la puerta fronteriza de Jiman\u00ed, no se sigan produciendo. <\/span><\/p>\n<\/p>\n<p><span class=\"text1noticias\">Igualmente el pasado lunes 11 de julio, los monitores de los Centros Sociales denunciaban que agentes de migraci\u00f3n deportaron a 3 personas por la puerta fronteriza de Dajab\u00f3n pese a tener el carnet de regularizaci\u00f3n en su poder. <\/span><\/p>\n<\/p>\n<p><span class=\"text1noticias\">De igual manera, tras el anuncio de la prorroga de la renovaci\u00f3n autom\u00e1tica a las personas que ten\u00edan un carnet de regularizaci\u00f3n, nos queda la duda de que va a suceder con las 37,849 personas que se inscribieron en la regularizaci\u00f3n migratoria y solo poseen a d\u00eda de hoy el papel blanco de inscripci\u00f3n en el Plan. <\/span><\/p>\n<\/p>\n<p><span class=\"text1noticias\">La mayor\u00eda de ellas, m\u00e1s de un a\u00f1o despu\u00e9s de haber realizado su inscripci\u00f3n, siguen apareciendo en los registros del Ministerio de Interior y Polic\u00eda como en tramite su solicitud, teniendo una situaci\u00f3n de limbo jur\u00eddico y estado migratorio indeterminado.<\/span><\/p>\n<\/p>\n<p><span class=\"text1noticias\">Por todas estas situaciones relatadas anteriormente, la Red de Centros Sociales de la compa\u00f1\u00eda de Jesus pide al Gobierno de Rep\u00fablica Dominicana y a las organizaciones de la sociedad civil aunar esfuerzos para trabajar de forma conjunta en el proceso que comenzara a partir del 17 de junio del a\u00f1o que viene donde unas 239,000 personas extranjeras tendr\u00e1n que renovar su permiso migratorio en el pa\u00eds. <\/span><\/p>\n<\/p>\n<p><span class=\"text1noticias\">La pronta b\u00fasqueda de soluciones integrales y efectivas ante estos procesos que se avecinan amerita de que el Ministerio de Interior y Polic\u00eda y la Direcci\u00f3n General de Migraci\u00f3n abran un espacio urgente e inaplazable de di\u00e1logo, para abordar este y otros temas para entre todos poder encontrar alternativas y una soluci\u00f3n sana y pr\u00e1ctica para la elaboraci\u00f3n de un compromiso para una pol\u00edtica migratoria m\u00e1s justa en el pa\u00eds.<\/span><\/p>\n<h6> 2016-07-16 15:57:25 <\/h6>\n<p><!--\n<link rel=\"stylesheet\" href=\"css\/bootstrap.min.css\">\n\n\n<ul class=\"pagination\">\n\t    \n\t\n\n<li >\n\t<a href='?page_no=12457'>Previous<\/a>\n\t<\/li>\n\n\n       \n    \n\n<li><a href='?page_no=1'>1<\/a><\/li>\n\n\n\n<li><a href='?page_no=2'>2<\/a><\/li>\n\n\n\n<li><a>...<\/a><\/li>\n\n\n\n<li><a href='?page_no=12456'>12456<\/a><\/li>\n\n\n\n<li><a href='?page_no=12457'>12457<\/a><\/li>\n\n\n\n<li class='active'><a>12458<\/a><\/li>\n\n\n\n<li><a href='?page_no=12459'>12459<\/a><\/li>\n\n\n\n<li><a href='?page_no=12460'>12460<\/a><\/li>\n\n\n\n<li><a>...<\/a><\/li>\n\n\n\n<li><a href='?page_no=56169'>56169<\/a><\/li>\n\n\n\n<li><a href='?page_no=56170'>56170<\/a><\/li>\n\n    \n\t\n\n<li >\n\t<a href='?page_no=12459'>Next<\/a>\n\t<\/li>\n\n\n    \n\n<li><a href='?page_no=56170'>Last &rsaquo;&rsaquo;<\/a><\/li>\n\n<\/ul>\n\n\n--><br \/>\n<\/body><\/p>\n","protected":false},"excerpt":{"rendered":"<p>Santo Domingo, RD, 16 de julio . La Red de Centros Sociales de la Compa\u00f1\u00eda de Jes\u00fas en el pa\u00eds considera una medida oportuna y acertada la iniciativa formulada por el Gobierno de Rep\u00fablica Dominicana de extender la vigencia de los permisos migratorios durante un a\u00f1o a 155,477 personas que se inscribieron en el Plan [&hellip;]<\/p>\n","protected":false},"author":3,"featured_media":0,"comment_status":"open","ping_status":"open","sticky":false,"template":"","format":"standard","meta":{"footnotes":""},"categories":[20],"tags":[],"class_list":["post-217991","post","type-post","status-publish","format-standard","hentry","category-dominicana-hoy"],"_links":{"self":[{"href":"https:\/\/diariodominicano.com\/index.php?rest_route=\/wp\/v2\/posts\/217991","targetHints":{"allow":["GET"]}}],"collection":[{"href":"https:\/\/diariodominicano.com\/index.php?rest_route=\/wp\/v2\/posts"}],"about":[{"href":"https:\/\/diariodominicano.com\/index.php?rest_route=\/wp\/v2\/types\/post"}],"author":[{"embeddable":true,"href":"https:\/\/diariodominicano.com\/index.php?rest_route=\/wp\/v2\/users\/3"}],"replies":[{"embeddable":true,"href":"https:\/\/diariodominicano.com\/index.php?rest_route=%2Fwp%2Fv2%2Fcomments&post=217991"}],"version-history":[{"count":0,"href":"https:\/\/diariodominicano.com\/index.php?rest_route=\/wp\/v2\/posts\/217991\/revisions"}],"wp:attachment":[{"href":"https:\/\/diariodominicano.com\/index.php?rest_route=%2Fwp%2Fv2%2Fmedia&parent=217991"}],"wp:term":[{"taxonomy":"category","embeddable":true,"href":"https:\/\/diariodominicano.com\/index.php?rest_route=%2Fwp%2Fv2%2Fcategories&post=217991"},{"taxonomy":"post_tag","embeddable":true,"href":"https:\/\/diariodominicano.com\/index.php?rest_route=%2Fwp%2Fv2%2Ftags&post=217991"}],"curies":[{"name":"wp","href":"https:\/\/api.w.org\/{rel}","templated":true}]}}