{"id":217987,"date":"2016-07-17T21:59:24","date_gmt":"2016-07-17T21:59:24","guid":{"rendered":"http:\/\/diariodominicano.ddns.net\/?p=217987"},"modified":"2016-07-17T21:59:24","modified_gmt":"2016-07-17T21:59:24","slug":"presidente-danilo-medina-afirma-para-el-estado-es-fundamental-reforestar","status":"publish","type":"post","link":"https:\/\/diariodominicano.com\/?p=217987","title":{"rendered":"Presidente Danilo Medina afirma para el Estado es fundamental reforestar"},"content":{"rendered":"<p><body><\/p>\n<p><img decoding=\"async\" src=\"img3\/Portada visita (3).jpg\" \/><br \/><img decoding=\"async\" src=\"img3\/244 visita.jpg\" \/><br \/><img decoding=\"async\" src=\"img3\/644to visita.jpg\" \/>  <\/p>\n<p><strong><span class=\"text1noticias\">El pr\u00f3ximo jueves, a las 10:00 de la ma\u00f1ana la comisi\u00f3n viajar\u00e1 a Hoyo del Pino para coordinar la readecuaci\u00f3n del referido proyecto agr\u00edcola y precisar la cantidad de tareas a sembrar, cuyos costos ser\u00e1n asumidos por el Gobierno.<\/span><\/strong><\/p>\n<\/p>\n<p><strong><span class=\"text1noticias\">Servicios DICOM<\/span><\/strong><\/p>\n<p><strong><span class=\"text1noticias\"> <\/span><\/strong><\/p>\n<p><strong><span class=\"text1noticias\">BONAO, Monse\u00f1or Nouel 17 de Julio de 2016.- <\/span><\/strong><span class=\"text1noticias\"> El presidente Danilo Medina hizo una Visita Sorpresa a productores de la secci\u00f3n Hoyo del Pino, donde design\u00f3 una comisi\u00f3n de seguimiento para redise\u00f1ar un proyecto de siembra de caf\u00e9 y cacao, con la finalidad de reforestar la zona del r\u00edo Yuna.<\/span><\/p>\n<p><span class=\"text1noticias\"> <\/span><\/p>\n<p><span class=\"text1noticias\">El pr\u00f3ximo jueves, a las 10:00 de la ma\u00f1ana la comisi\u00f3n viajar\u00e1 a Hoyo del Pino para coordinar la readecuaci\u00f3n del referido proyecto agr\u00edcola y precisar la cantidad de tareas a sembrar, cuyos costos ser\u00e1n asumidos por el Gobierno.<\/span><\/p>\n<p><span class=\"text1noticias\"> <\/span><\/p>\n<p><span class=\"text1noticias\">El presidente Danilo Medina dijo a los productores que para el Estado es fundamental reforestar, al tiempo que los felicit\u00f3 \u00abpor el esfuerzo que hacen en la zona por convivir con un medioambiente sostenible; el pa\u00eds se los va a agradecer\u00bb.<\/span><\/p>\n<p><span class=\"text1noticias\"> <\/span><\/p>\n<p><span class=\"text1noticias\">Pidi\u00f3 ampliar el alcance del proyecto, ya que la reforestaci\u00f3n en esa comunidad ser\u00e1 asumida por el Gobierno.<\/span><\/p>\n<\/p>\n<p><span class=\"text1noticias\">Agreg\u00f3 que hay que superar la producci\u00f3n de 30 libras por tarea, debido a que hay plantaciones de caf\u00e9 que pueden producir entre dos y tres quintales por tarea.<\/span><\/p>\n<p><span class=\"text1noticias\"> <\/span><\/p>\n<p><span class=\"text1noticias\"><strong>Ingresos para una vida digna<\/strong><\/span><\/p>\n<p><span class=\"text1noticias\"> <\/span><\/p>\n<p><span class=\"text1noticias\">\u00abQuiero que tengan ingresos para una vida digna, que no tengan que salir de aqu\u00ed; es un para\u00edso vivir por aqu\u00ed\u00bb, asegur\u00f3 el presidente de la Rep\u00fablica.<\/span><\/p>\n<p><span class=\"text1noticias\"> <\/span><\/p>\n<p><span class=\"text1noticias\">Aqu\u00ed el Gobernante escuch\u00f3 a los productores de esa comunidad que les propusieron sembrar 4,000 tareas de tierra de caf\u00e9 resistente a la roya, porque tienen un rendimiento de 30 libras por tarea y mil de cacao.<\/span><\/p>\n<\/p>\n<p><span class=\"text1noticias\">El presidente de la Federaci\u00f3n de Campesinos Hacia el Progreso, Esteban Polanco Col\u00f3n, inform\u00f3 a Danilo Medina que los productores necesitan renovar sus plantaciones para incrementar sustancialmente su producci\u00f3n, ya que 30 libras de caf\u00e9 por tarea sembrada, es  insuficiente para sostenerse ellos y sus familias.<\/span><\/p>\n<p><span class=\"text1noticias\"> <\/span><\/p>\n<p><span class=\"text1noticias\">Visita Sorpresa al paraje Blanco<\/span><\/p>\n<p><span class=\"text1noticias\"> <\/span><\/p>\n<p><span class=\"text1noticias\">El Jefe del Estado estuvo en el paraje Blanco, lugar en el que supervis\u00f3 una peque\u00f1a industria de caf\u00e9 de la Asociaci\u00f3n de Caficultores la Independencia (ASOCAIN).<\/span><\/p>\n<p><span class=\"text1noticias\"> <\/span><\/p>\n<p><span class=\"text1noticias\">Hace dos a\u00f1os, despu\u00e9s de una Visita Sorpresa del presidente Danilo Medina, el Gobierno les financi\u00f3 la compra de maquinarias para poner a funcionar la peque\u00f1a empresa de caf\u00e9.<\/span><\/p>\n<p><span class=\"text1noticias\"> <\/span><\/p>\n<p><span class=\"text1noticias\">En la ocasi\u00f3n instituciones gubernamentales brindaron a los agricultores apoyo para cambiar sus plantaciones de caf\u00e9 por variedades resistentes a la roya.<\/span><\/p>\n<p><span class=\"text1noticias\"> <\/span><\/p>\n<p><span class=\"text1noticias\">En Blanco, los caficultores tienen sus maquinarias con las que est\u00e1n alcanzando un rendimiento importante; esperan cosechar este a\u00f1o de 100 a 125 libras de caf\u00e9 por tarea.<\/span><\/p>\n<p><span class=\"text1noticias\"> <\/span><\/p>\n<p><span class=\"text1noticias\">Han demostrado que son buena paga y han venido cumpliendo desde entonces con 13 cuotas pagadas, o lo que es lo mismo que ha devuelto ya 4 millones de pesos al cr\u00e9dito que les otorg\u00f3 el Gobierno.<\/span><\/p>\n<p><span class=\"text1noticias\"> <\/span><\/p>\n<p><span class=\"text1noticias\">Acompa\u00f1aron al presidente  Danilo Medina, los ministros de Agricultura, \u00c1ngel Est\u00e9vez; de Obras P\u00fablicas, Gonzalo Castillo; el administrador del Banco Agr\u00edcola, Carlos Segura F\u00f3ster; los directores del  Instituto Agrario Dominicano, Emilio Toribio Olivo y del FEDA, Antonio L\u00f3pez Guzm\u00e1n, as\u00ed como el asistente especial del Presidente, Robert de la Cruz.<\/span><\/p>\n<\/p>\n<\/p>\n<\/p>\n<h6> 2016-07-17 21:59:24 <\/h6>\n<p><!--\n<link rel=\"stylesheet\" href=\"css\/bootstrap.min.css\">\n\n\n<ul class=\"pagination\">\n\t    \n\t\n\n<li >\n\t<a href='?page_no=12453'>Previous<\/a>\n\t<\/li>\n\n\n       \n    \n\n<li><a href='?page_no=1'>1<\/a><\/li>\n\n\n\n<li><a href='?page_no=2'>2<\/a><\/li>\n\n\n\n<li><a>...<\/a><\/li>\n\n\n\n<li><a href='?page_no=12452'>12452<\/a><\/li>\n\n\n\n<li><a href='?page_no=12453'>12453<\/a><\/li>\n\n\n\n<li class='active'><a>12454<\/a><\/li>\n\n\n\n<li><a href='?page_no=12455'>12455<\/a><\/li>\n\n\n\n<li><a href='?page_no=12456'>12456<\/a><\/li>\n\n\n\n<li><a>...<\/a><\/li>\n\n\n\n<li><a href='?page_no=56169'>56169<\/a><\/li>\n\n\n\n<li><a href='?page_no=56170'>56170<\/a><\/li>\n\n    \n\t\n\n<li >\n\t<a href='?page_no=12455'>Next<\/a>\n\t<\/li>\n\n\n    \n\n<li><a href='?page_no=56170'>Last &rsaquo;&rsaquo;<\/a><\/li>\n\n<\/ul>\n\n\n--><br \/>\n<\/body><\/p>\n","protected":false},"excerpt":{"rendered":"<p>El pr\u00f3ximo jueves, a las 10:00 de la ma\u00f1ana la comisi\u00f3n viajar\u00e1 a Hoyo del Pino para coordinar la readecuaci\u00f3n del referido proyecto agr\u00edcola y precisar la cantidad de tareas a sembrar, cuyos costos ser\u00e1n asumidos por el Gobierno. Servicios DICOM BONAO, Monse\u00f1or Nouel 17 de Julio de 2016.- El presidente Danilo Medina hizo una [&hellip;]<\/p>\n","protected":false},"author":3,"featured_media":0,"comment_status":"open","ping_status":"open","sticky":false,"template":"","format":"standard","meta":{"footnotes":""},"categories":[20],"tags":[],"class_list":["post-217987","post","type-post","status-publish","format-standard","hentry","category-dominicana-hoy"],"_links":{"self":[{"href":"https:\/\/diariodominicano.com\/index.php?rest_route=\/wp\/v2\/posts\/217987","targetHints":{"allow":["GET"]}}],"collection":[{"href":"https:\/\/diariodominicano.com\/index.php?rest_route=\/wp\/v2\/posts"}],"about":[{"href":"https:\/\/diariodominicano.com\/index.php?rest_route=\/wp\/v2\/types\/post"}],"author":[{"embeddable":true,"href":"https:\/\/diariodominicano.com\/index.php?rest_route=\/wp\/v2\/users\/3"}],"replies":[{"embeddable":true,"href":"https:\/\/diariodominicano.com\/index.php?rest_route=%2Fwp%2Fv2%2Fcomments&post=217987"}],"version-history":[{"count":0,"href":"https:\/\/diariodominicano.com\/index.php?rest_route=\/wp\/v2\/posts\/217987\/revisions"}],"wp:attachment":[{"href":"https:\/\/diariodominicano.com\/index.php?rest_route=%2Fwp%2Fv2%2Fmedia&parent=217987"}],"wp:term":[{"taxonomy":"category","embeddable":true,"href":"https:\/\/diariodominicano.com\/index.php?rest_route=%2Fwp%2Fv2%2Fcategories&post=217987"},{"taxonomy":"post_tag","embeddable":true,"href":"https:\/\/diariodominicano.com\/index.php?rest_route=%2Fwp%2Fv2%2Ftags&post=217987"}],"curies":[{"name":"wp","href":"https:\/\/api.w.org\/{rel}","templated":true}]}}