{"id":217985,"date":"2016-07-18T08:17:30","date_gmt":"2016-07-18T08:17:30","guid":{"rendered":"http:\/\/diariodominicano.ddns.net\/?p=217985"},"modified":"2016-07-18T08:17:30","modified_gmt":"2016-07-18T08:17:30","slug":"caei-inicia-operativos-medicos","status":"publish","type":"post","link":"https:\/\/diariodominicano.com\/?p=217985","title":{"rendered":"CAEI inicia operativos m\u00e9dicos"},"content":{"rendered":"<p><body><\/p>\n<p><img decoding=\"async\" src=\"img3\/operativo 18-7.jpg\" \/>  <\/p>\n<p><span class=\"text1noticias\">San Pedro De Macor\u00eds, R. D., 18 de julio.-  Con el objetivo de proteger las condiciones de salud de los trabajadores agr\u00edcolas y sus familias, el Consorcio Azucarero de Empresas Industriales (CAEI) inici\u00f3 los operativos de salud post zafra, en el que son atendidas cerca de 3 mil personas de los 37 bateyes de la empresa.<\/span><\/p>\n<p><span class=\"text1noticias\"> <\/span><\/p>\n<p><span class=\"text1noticias\">Los servicios m\u00e9dicos se iniciaron en el batey Atilano II de Angelina, en donde fueron atendidas 325 personas de esa comunidad, as\u00ed como de Atilano I, Pepillo y Ca\u00f1ada del Negro.  A los beneficiarios se les aplicaron vacunas contra varias enfermedades y los medicamentos recetados les fueron entregados gratuitamente.<\/span><\/p>\n<p><span class=\"text1noticias\"> <\/span><\/p>\n<p><span class=\"text1noticias\">Esta acci\u00f3n social es planificada y ejecutada por el Programa de Salud de los Bateyes del Consorcio CAEI. El gerente de Comunidades Ca\u00f1eras y director del Programa, doctor Antonio Custodio, indic\u00f3 que la empresa lleva un registro de las condiciones  de salud de sus empleados agr\u00edcolas, dando  seguimiento a  los problemas detectados, ya sea en los consultorios m\u00e9dicos o en los centros de referencias  como forma de ayudarlos a mejorar sus condiciones de vida.<\/span><\/p>\n<p><span class=\"text1noticias\"> <\/span><\/p>\n<p><span class=\"text1noticias\">\u00abEn estos operativos identificamos las situaciones de salud que en el momento est\u00e1n afectando a los trabajadores agr\u00edcolas y sus familias. Nos comprometemos a darle seguimiento y tratamiento a las enfermedades encontradas, de modo que la misma sea superada\u00bb, agreg\u00f3 Custodio.<\/span><\/p>\n<p><span class=\"text1noticias\"> <\/span><\/p>\n<p><span class=\"text1noticias\">Las atenciones m\u00e9dicas fueron ofrecidas por cuatro galenos y cuatro enfermeras. Las auxiliares se encargaban de vacunar y entregar los medicamentos a los asistentes. La aplicaci\u00f3n de las vacunas, se realiza  en coordinaci\u00f3n con el Ministerio de Salud P\u00fablica, seg\u00fan el esquema nacional, a toda la poblaci\u00f3n, priorizando a los grupos m\u00e1s vulnerables, como son los menores de 5 a\u00f1os, las mujeres en edad f\u00e9rtil y los envejecientes.<\/span><\/p>\n<p><span class=\"text1noticias\"> <\/span><\/p>\n<p><span class=\"text1noticias\">Posteriormente los operativos m\u00e9dicos se llevaron a cabo en San Felipe de Angelina, donde asistieron personas de Palo Viejo, Santo \u00c1ngel y Amelia.<\/span><\/p>\n<p><span class=\"text1noticias\"> <\/span><\/p>\n<p><span class=\"text1noticias\">La organizaci\u00f3n de estas acciones sociales permite que los trabajadores y sus familiares sean registrados y atendidos por los m\u00e9dicos,  quienes les recetan los medicamentos necesarios, los cuales son entregados en un \u00e1rea reservada para tales fines. <\/span><\/p>\n<p><span class=\"text1noticias\"> <\/span><\/p>\n<p><span class=\"text1noticias\">El esquema del Programa de Salud de Comunidades Ca\u00f1eras permite dar un seguimiento constante a las condiciones de salubridad de sus trabajadores y familiares, ya que cuentan con centros de salud en los bateyes m\u00e1s grandes y porque se realizan acciones de seguimiento mientras se lleva a cabo la zafra. De esta manera, se garantiza una revisi\u00f3n constante de sus condiciones de s<\/span>alud.<\/p>\n<\/p>\n<h6> 2016-07-18 08:17:30 <\/h6>\n<p><!--\n<link rel=\"stylesheet\" href=\"css\/bootstrap.min.css\">\n\n\n<ul class=\"pagination\">\n\t    \n\t\n\n<li >\n\t<a href='?page_no=12451'>Previous<\/a>\n\t<\/li>\n\n\n       \n    \n\n<li><a href='?page_no=1'>1<\/a><\/li>\n\n\n\n<li><a href='?page_no=2'>2<\/a><\/li>\n\n\n\n<li><a>...<\/a><\/li>\n\n\n\n<li><a href='?page_no=12450'>12450<\/a><\/li>\n\n\n\n<li><a href='?page_no=12451'>12451<\/a><\/li>\n\n\n\n<li class='active'><a>12452<\/a><\/li>\n\n\n\n<li><a href='?page_no=12453'>12453<\/a><\/li>\n\n\n\n<li><a href='?page_no=12454'>12454<\/a><\/li>\n\n\n\n<li><a>...<\/a><\/li>\n\n\n\n<li><a href='?page_no=56169'>56169<\/a><\/li>\n\n\n\n<li><a href='?page_no=56170'>56170<\/a><\/li>\n\n    \n\t\n\n<li >\n\t<a href='?page_no=12453'>Next<\/a>\n\t<\/li>\n\n\n    \n\n<li><a href='?page_no=56170'>Last &rsaquo;&rsaquo;<\/a><\/li>\n\n<\/ul>\n\n\n--><br \/>\n<\/body><\/p>\n","protected":false},"excerpt":{"rendered":"<p>San Pedro De Macor\u00eds, R. D., 18 de julio.- Con el objetivo de proteger las condiciones de salud de los trabajadores agr\u00edcolas y sus familias, el Consorcio Azucarero de Empresas Industriales (CAEI) inici\u00f3 los operativos de salud post zafra, en el que son atendidas cerca de 3 mil personas de los 37 bateyes de la [&hellip;]<\/p>\n","protected":false},"author":3,"featured_media":0,"comment_status":"open","ping_status":"open","sticky":false,"template":"","format":"standard","meta":{"footnotes":""},"categories":[20],"tags":[],"class_list":["post-217985","post","type-post","status-publish","format-standard","hentry","category-dominicana-hoy"],"_links":{"self":[{"href":"https:\/\/diariodominicano.com\/index.php?rest_route=\/wp\/v2\/posts\/217985","targetHints":{"allow":["GET"]}}],"collection":[{"href":"https:\/\/diariodominicano.com\/index.php?rest_route=\/wp\/v2\/posts"}],"about":[{"href":"https:\/\/diariodominicano.com\/index.php?rest_route=\/wp\/v2\/types\/post"}],"author":[{"embeddable":true,"href":"https:\/\/diariodominicano.com\/index.php?rest_route=\/wp\/v2\/users\/3"}],"replies":[{"embeddable":true,"href":"https:\/\/diariodominicano.com\/index.php?rest_route=%2Fwp%2Fv2%2Fcomments&post=217985"}],"version-history":[{"count":0,"href":"https:\/\/diariodominicano.com\/index.php?rest_route=\/wp\/v2\/posts\/217985\/revisions"}],"wp:attachment":[{"href":"https:\/\/diariodominicano.com\/index.php?rest_route=%2Fwp%2Fv2%2Fmedia&parent=217985"}],"wp:term":[{"taxonomy":"category","embeddable":true,"href":"https:\/\/diariodominicano.com\/index.php?rest_route=%2Fwp%2Fv2%2Fcategories&post=217985"},{"taxonomy":"post_tag","embeddable":true,"href":"https:\/\/diariodominicano.com\/index.php?rest_route=%2Fwp%2Fv2%2Ftags&post=217985"}],"curies":[{"name":"wp","href":"https:\/\/api.w.org\/{rel}","templated":true}]}}