{"id":217984,"date":"2016-07-18T08:51:02","date_gmt":"2016-07-18T08:51:02","guid":{"rendered":"http:\/\/diariodominicano.ddns.net\/?p=217984"},"modified":"2016-07-18T08:51:02","modified_gmt":"2016-07-18T08:51:02","slug":"tras-21-dias-en-cuidado-intensivo-no-recuerda-familiares-ni-direccion-de-su-residencia","status":"publish","type":"post","link":"https:\/\/diariodominicano.com\/?p=217984","title":{"rendered":"&#13;Tras 21 d\u00edas en cuidado intensivo no recuerda familiares ni direcci\u00f3n de su residencia"},"content":{"rendered":"<p><body><\/p>\n<p><img decoding=\"async\" src=\"img3\/anciano 18-7.jpg\" \/>  <\/p>\n<p><span class=\"text1noticias\">Santo Domingo,  R. D., 18 de julio.- La Gerencia de Servicio Social del Hospital Traumatol\u00f3gico Ney Arias Lora inform\u00f3 que una persona sin identificaci\u00f3n se encuentra ingresada desde hace 26 d\u00edas en el establecimiento de salud a consecuencia de trauma cr\u00e1neo encef\u00e1lico severo al ser arrollado por un veh\u00edculo.<\/span><\/p>\n<p><span class=\"text1noticias\"> <\/span><\/p>\n<p><span class=\"text1noticias\">El envejeciente que se desconoce su residencia y familiares fue llevado a la emergencia del Hospital Ney Arias Lora por una unidad del Sistema Nacional de Emergencias 911.<\/span><\/p>\n<p><span class=\"text1noticias\"> <\/span><\/p>\n<p><span class=\"text1noticias\">El desconocido dur\u00f3 21 d\u00edas en la unidad de cuidados intensivos al presentar trauma cr\u00e1neo encef\u00e1lico severo, y al rebasar su estado cr\u00edtico fue trasladado a la habitaci\u00f3n  337A, del establecimiento de salud, donde se encuentra en recuperaci\u00f3n.<\/span><\/p>\n<p><span class=\"text1noticias\"> <\/span><\/p>\n<p><span class=\"text1noticias\">El paciente fue recogido en el sector de Los Guaricanos  del municipio Santo Domingo Norte, por una unidad del 911, luego de ser arrollado por un veh\u00edculo en marcha.<\/span><\/p>\n<p><span class=\"text1noticias\"> <\/span><\/p>\n<p><span class=\"text1noticias\">El envejeciente de unos 70 a\u00f1os que se desconoce nombre y familiares frecuentaba por el Play de Osiris, en Los Guaricanos; de acuerdo a datos ofrecidos a colaboradores del hospital Traumatol\u00f3gico Ney Arias Lora.<\/span><\/p>\n<p><span class=\"text1noticias\"> <\/span><\/p>\n<p><span class=\"text1noticias\">Se requiere con urgencia la presencia de un familiar del paciente ingresado en este establecimiento de salud.<\/span><\/p>\n<p><span class=\"text1noticias\"> <\/span><\/p>\n<p><span class=\"text1noticias\">De igual modo, cualquier informaci\u00f3n sobre el paciente puede ser suministrada a la Gerencia de Servicio Social del hospital  a trav\u00e9s del tel\u00e9fono 809-590-3838, extensi\u00f3n 2<\/span>202.<\/p>\n<\/p>\n<h6> 2016-07-18 08:51:02 <\/h6>\n<p><!--\n<link rel=\"stylesheet\" href=\"css\/bootstrap.min.css\">\n\n\n<ul class=\"pagination\">\n\t    \n\t\n\n<li >\n\t<a href='?page_no=12450'>Previous<\/a>\n\t<\/li>\n\n\n       \n    \n\n<li><a href='?page_no=1'>1<\/a><\/li>\n\n\n\n<li><a href='?page_no=2'>2<\/a><\/li>\n\n\n\n<li><a>...<\/a><\/li>\n\n\n\n<li><a href='?page_no=12449'>12449<\/a><\/li>\n\n\n\n<li><a href='?page_no=12450'>12450<\/a><\/li>\n\n\n\n<li class='active'><a>12451<\/a><\/li>\n\n\n\n<li><a href='?page_no=12452'>12452<\/a><\/li>\n\n\n\n<li><a href='?page_no=12453'>12453<\/a><\/li>\n\n\n\n<li><a>...<\/a><\/li>\n\n\n\n<li><a href='?page_no=56169'>56169<\/a><\/li>\n\n\n\n<li><a href='?page_no=56170'>56170<\/a><\/li>\n\n    \n\t\n\n<li >\n\t<a href='?page_no=12452'>Next<\/a>\n\t<\/li>\n\n\n    \n\n<li><a href='?page_no=56170'>Last &rsaquo;&rsaquo;<\/a><\/li>\n\n<\/ul>\n\n\n--><br \/>\n<\/body><\/p>\n","protected":false},"excerpt":{"rendered":"<p>Santo Domingo, R. D., 18 de julio.- La Gerencia de Servicio Social del Hospital Traumatol\u00f3gico Ney Arias Lora inform\u00f3 que una persona sin identificaci\u00f3n se encuentra ingresada desde hace 26 d\u00edas en el establecimiento de salud a consecuencia de trauma cr\u00e1neo encef\u00e1lico severo al ser arrollado por un veh\u00edculo. El envejeciente que se desconoce su [&hellip;]<\/p>\n","protected":false},"author":3,"featured_media":0,"comment_status":"open","ping_status":"open","sticky":false,"template":"","format":"standard","meta":{"footnotes":""},"categories":[20],"tags":[],"class_list":["post-217984","post","type-post","status-publish","format-standard","hentry","category-dominicana-hoy"],"_links":{"self":[{"href":"https:\/\/diariodominicano.com\/index.php?rest_route=\/wp\/v2\/posts\/217984","targetHints":{"allow":["GET"]}}],"collection":[{"href":"https:\/\/diariodominicano.com\/index.php?rest_route=\/wp\/v2\/posts"}],"about":[{"href":"https:\/\/diariodominicano.com\/index.php?rest_route=\/wp\/v2\/types\/post"}],"author":[{"embeddable":true,"href":"https:\/\/diariodominicano.com\/index.php?rest_route=\/wp\/v2\/users\/3"}],"replies":[{"embeddable":true,"href":"https:\/\/diariodominicano.com\/index.php?rest_route=%2Fwp%2Fv2%2Fcomments&post=217984"}],"version-history":[{"count":0,"href":"https:\/\/diariodominicano.com\/index.php?rest_route=\/wp\/v2\/posts\/217984\/revisions"}],"wp:attachment":[{"href":"https:\/\/diariodominicano.com\/index.php?rest_route=%2Fwp%2Fv2%2Fmedia&parent=217984"}],"wp:term":[{"taxonomy":"category","embeddable":true,"href":"https:\/\/diariodominicano.com\/index.php?rest_route=%2Fwp%2Fv2%2Fcategories&post=217984"},{"taxonomy":"post_tag","embeddable":true,"href":"https:\/\/diariodominicano.com\/index.php?rest_route=%2Fwp%2Fv2%2Ftags&post=217984"}],"curies":[{"name":"wp","href":"https:\/\/api.w.org\/{rel}","templated":true}]}}