{"id":217980,"date":"2016-07-18T11:33:46","date_gmt":"2016-07-18T11:33:46","guid":{"rendered":"http:\/\/diariodominicano.ddns.net\/?p=217980"},"modified":"2016-07-18T11:33:46","modified_gmt":"2016-07-18T11:33:46","slug":"ayuntamiento-salcedo-inaugura-plaza-cultural","status":"publish","type":"post","link":"https:\/\/diariodominicano.com\/?p=217980","title":{"rendered":"&#13;Ayuntamiento Salcedo inaugura plaza cultural &#13;"},"content":{"rendered":"<p><body><\/p>\n<p><img decoding=\"async\" src=\"img3\/salcedo.jpg\" \/>  <\/p>\n<p><span class=\"text1noticias\">Salcedo, R. D.,  18 de julio.- Con el apoyo de la Uni\u00f3n Europea,  el ayuntamiento de aqu\u00ed, su alcalde Valent\u00edn Fern\u00e1ndez entreg\u00f3 al municipio la Plaza Cultural Francisco Antonio Salcedo, a un costo de 4 millones 600 mil pesos, obra que viene a embellecer m\u00e1s la ciudad.<\/span><\/p>\n<p><span class=\"text1noticias\"> <\/span><\/p>\n<p><span class=\"text1noticias\">El edil, en su discurso resalt\u00f3 la importancia hist\u00f3rica de esta plaza, ya que se ha colocado el nombre del l\u00edder militar de la batalla de Beler hecho ocurrido el 27 de octubre de 1945.<\/span><\/p>\n<p><span class=\"text1noticias\"> <\/span><\/p>\n<p><span class=\"text1noticias\">La plaza en el mismo centro-dijo Valent\u00edn-, ser\u00e1 el espacio de recreaci\u00f3n de los comunitarios, dispone de bancos, una estatua del militar y red Wi-Fi abierto para que los estudiantes y ciudadanos est\u00e9n conectados a Internet.<\/span><\/p>\n<p><span class=\"text1noticias\"> <\/span><\/p>\n<p><span class=\"text1noticias\">Los Salcedense tendr\u00e1n un lugar donde recrearse, un espacio en el que pueden realizar sus actividades al aire libre sin contaminaci\u00f3n, \u00abporque aquella ciudad vieja y abandonada ya no existe, somos una gran ciudad que apunta a su desarrollo\u00bb, pronunci\u00f3 Valent\u00edn Fern\u00e1ndez.<\/span><\/p>\n<p><span class=\"text1noticias\"> <\/span><\/p>\n<p><span class=\"text1noticias\">En el corte de la cinta junto a Fern\u00e1ndez, particip\u00f3 el ministro de Administraci\u00f3n P\u00fablica, Ventura Camejo, Miguel Hern\u00e1ndez, del Sistema Nacional de Inversi\u00f3n P\u00fablica y autoridades locales y provinciales.<\/span><\/p>\n<p><span class=\"text1noticias\"> <\/span><\/p>\n<p><span class=\"text1noticias\">Una delegaci\u00f3n de la Uni\u00f3n Europea, encabezada por Josefina Ortiz y Manuel Parra, entre otros, particip\u00f3 en la inauguraci\u00f3n.<\/span><\/p>\n<p><span class=\"text1noticias\"> <\/span><\/p>\n<p><span class=\"text1noticias\">Asistieron a la misma el gobernador Luis Yapourt, el Diputado Antonio Risek, el presidente del Consejo Econ\u00f3mico Social Municipal, Jos\u00e9 Tabar (Cheo), Gisela Cordero, presidenta del consejo de regidores, la profesora y presidenta del Instituto Duartiano Emelda Ramos, quien ley\u00f3 una s\u00edntesis bibliogr\u00e1fica de Francisco Antonio Salcedo (TITO), entre otras personalidades de a<\/span>qu\u00ed.<\/p>\n<\/p>\n<h6> 2016-07-18 11:33:46 <\/h6>\n<p><!--\n<link rel=\"stylesheet\" href=\"css\/bootstrap.min.css\">\n\n\n<ul class=\"pagination\">\n\t    \n\t\n\n<li >\n\t<a href='?page_no=12447'>Previous<\/a>\n\t<\/li>\n\n\n       \n    \n\n<li><a href='?page_no=1'>1<\/a><\/li>\n\n\n\n<li><a href='?page_no=2'>2<\/a><\/li>\n\n\n\n<li><a>...<\/a><\/li>\n\n\n\n<li><a href='?page_no=12446'>12446<\/a><\/li>\n\n\n\n<li><a href='?page_no=12447'>12447<\/a><\/li>\n\n\n\n<li class='active'><a>12448<\/a><\/li>\n\n\n\n<li><a href='?page_no=12449'>12449<\/a><\/li>\n\n\n\n<li><a href='?page_no=12450'>12450<\/a><\/li>\n\n\n\n<li><a>...<\/a><\/li>\n\n\n\n<li><a href='?page_no=56169'>56169<\/a><\/li>\n\n\n\n<li><a href='?page_no=56170'>56170<\/a><\/li>\n\n    \n\t\n\n<li >\n\t<a href='?page_no=12449'>Next<\/a>\n\t<\/li>\n\n\n    \n\n<li><a href='?page_no=56170'>Last &rsaquo;&rsaquo;<\/a><\/li>\n\n<\/ul>\n\n\n--><br \/>\n<\/body><\/p>\n","protected":false},"excerpt":{"rendered":"<p>Salcedo, R. D., 18 de julio.- Con el apoyo de la Uni\u00f3n Europea, el ayuntamiento de aqu\u00ed, su alcalde Valent\u00edn Fern\u00e1ndez entreg\u00f3 al municipio la Plaza Cultural Francisco Antonio Salcedo, a un costo de 4 millones 600 mil pesos, obra que viene a embellecer m\u00e1s la ciudad. El edil, en su discurso resalt\u00f3 la importancia [&hellip;]<\/p>\n","protected":false},"author":3,"featured_media":0,"comment_status":"open","ping_status":"open","sticky":false,"template":"","format":"standard","meta":{"footnotes":""},"categories":[20],"tags":[],"class_list":["post-217980","post","type-post","status-publish","format-standard","hentry","category-dominicana-hoy"],"_links":{"self":[{"href":"https:\/\/diariodominicano.com\/index.php?rest_route=\/wp\/v2\/posts\/217980","targetHints":{"allow":["GET"]}}],"collection":[{"href":"https:\/\/diariodominicano.com\/index.php?rest_route=\/wp\/v2\/posts"}],"about":[{"href":"https:\/\/diariodominicano.com\/index.php?rest_route=\/wp\/v2\/types\/post"}],"author":[{"embeddable":true,"href":"https:\/\/diariodominicano.com\/index.php?rest_route=\/wp\/v2\/users\/3"}],"replies":[{"embeddable":true,"href":"https:\/\/diariodominicano.com\/index.php?rest_route=%2Fwp%2Fv2%2Fcomments&post=217980"}],"version-history":[{"count":0,"href":"https:\/\/diariodominicano.com\/index.php?rest_route=\/wp\/v2\/posts\/217980\/revisions"}],"wp:attachment":[{"href":"https:\/\/diariodominicano.com\/index.php?rest_route=%2Fwp%2Fv2%2Fmedia&parent=217980"}],"wp:term":[{"taxonomy":"category","embeddable":true,"href":"https:\/\/diariodominicano.com\/index.php?rest_route=%2Fwp%2Fv2%2Fcategories&post=217980"},{"taxonomy":"post_tag","embeddable":true,"href":"https:\/\/diariodominicano.com\/index.php?rest_route=%2Fwp%2Fv2%2Ftags&post=217980"}],"curies":[{"name":"wp","href":"https:\/\/api.w.org\/{rel}","templated":true}]}}