{"id":217977,"date":"2016-07-18T15:19:48","date_gmt":"2016-07-18T15:19:48","guid":{"rendered":"http:\/\/diariodominicano.ddns.net\/?p=217977"},"modified":"2016-07-18T15:19:48","modified_gmt":"2016-07-18T15:19:48","slug":"cambio-de-horario-debe-estar-acompanado-de-otras-medidas","status":"publish","type":"post","link":"https:\/\/diariodominicano.com\/?p=217977","title":{"rendered":"Cambio de horario debe estar acompa\u00f1ado de otras medidas"},"content":{"rendered":"<p><body><\/p>\n<p><img decoding=\"async\" src=\"img3\/f0454a32-f3a4-4edc-97cb-1e9954ebef7a.png\" \/>  <\/p>\n<p><strong>Santo Domingo, R.D., 18 de julio.<\/strong>-El experto en Seguridad Vial, Mario Holgu\u00edn, afirm\u00f3 anoche que el cambio de horario de los empleados debe ser una de tantas medidas que hay que tomar para mejorar el tr\u00e1nsito en el pa\u00eds, pero, precis\u00f3 que esta por s\u00ed sola no tendr\u00eda los efectos esperados. <\/p>\n<\/p>\n<p>Explic\u00f3 que lo conveniente es que se aplique un conjunto de medidas. Tras destacar, que es muy importante la educaci\u00f3n vial, un proceso que a su juicio, no se logra de la noche a la ma\u00f1ana. <\/p>\n<\/p>\n<p>\u00a8Lo que necesitamos en el pa\u00eds es un cambio de cultura, de la forma de comportarse los conductores y los peatones; y conductores no solamente de veh\u00edculos de cuatro ruedas o pesados, tambi\u00e9n los motoconchistas deben de someterse a un proceso de educaci\u00f3n vial&#8230; Es la forma m\u00e1s convincente y eficiente con que se pueden lograr cambios\u00a8, expres\u00f3.<\/p>\n<\/p>\n<p>Entrevistado en el programa Toque Final con Julio Mart\u00ednez Pozo, que cada domingo se transmite a las 11:00 de la noche por Antena Latina, canal 7, Holgu\u00edn dijo que habr\u00eda que ver la posibilidad de implementar nuevos centros de control y gesti\u00f3n, utilizando la tecnolog\u00eda no solamente con medida administrativa, como la que se est\u00e1 planteando, sino en el uso de las c\u00e1maras y monitores que van a sincronizar los sem\u00e1foros, \u00a8y eso es esencial si queremos eficientizar el tr\u00e1nsito en las zonas urbanas\u00a8.<\/p>\n<\/p>\n<p>Indic\u00f3 que tambi\u00e9n ser\u00eda importante contabilizar las rutas alternas posibles que hay en el pa\u00eds y habilitarlas para que se puedan desahogar las v\u00edas principales, que seg\u00fan dijo, los conductores lo hacen pero se encuentran con que son v\u00edas en malas condiciones o est\u00e1n ocupadas con estacionamientos a ambos lados, lo que hace casi imposible la rapidez y el ahorro en tiempo. <\/p>\n<\/p>\n<p>Sostuvo adem\u00e1s, que la aplicaci\u00f3n de tecnolog\u00edas para sacar de circulaci\u00f3n los veh\u00edculos que est\u00e1n en malas condiciones, la implementaci\u00f3n del ITV, que quiere decir Inspecci\u00f3n T\u00e9cnica Vehicular, con criterio moderno y cient\u00edfico, pudiera ser parte tambi\u00e9n parte de las medidas a tomar para mejorar la situaci\u00f3n.  <\/p>\n<h6> 2016-07-18 15:19:48 <\/h6>\n<p><!--\n<link rel=\"stylesheet\" href=\"css\/bootstrap.min.css\">\n\n\n<ul class=\"pagination\">\n\t    \n\t\n\n<li >\n\t<a href='?page_no=12444'>Previous<\/a>\n\t<\/li>\n\n\n       \n    \n\n<li><a href='?page_no=1'>1<\/a><\/li>\n\n\n\n<li><a href='?page_no=2'>2<\/a><\/li>\n\n\n\n<li><a>...<\/a><\/li>\n\n\n\n<li><a href='?page_no=12443'>12443<\/a><\/li>\n\n\n\n<li><a href='?page_no=12444'>12444<\/a><\/li>\n\n\n\n<li class='active'><a>12445<\/a><\/li>\n\n\n\n<li><a href='?page_no=12446'>12446<\/a><\/li>\n\n\n\n<li><a href='?page_no=12447'>12447<\/a><\/li>\n\n\n\n<li><a>...<\/a><\/li>\n\n\n\n<li><a href='?page_no=56169'>56169<\/a><\/li>\n\n\n\n<li><a href='?page_no=56170'>56170<\/a><\/li>\n\n    \n\t\n\n<li >\n\t<a href='?page_no=12446'>Next<\/a>\n\t<\/li>\n\n\n    \n\n<li><a href='?page_no=56170'>Last &rsaquo;&rsaquo;<\/a><\/li>\n\n<\/ul>\n\n\n--><br \/>\n<\/body><\/p>\n","protected":false},"excerpt":{"rendered":"<p>Santo Domingo, R.D., 18 de julio.-El experto en Seguridad Vial, Mario Holgu\u00edn, afirm\u00f3 anoche que el cambio de horario de los empleados debe ser una de tantas medidas que hay que tomar para mejorar el tr\u00e1nsito en el pa\u00eds, pero, precis\u00f3 que esta por s\u00ed sola no tendr\u00eda los efectos esperados. Explic\u00f3 que lo conveniente [&hellip;]<\/p>\n","protected":false},"author":3,"featured_media":0,"comment_status":"open","ping_status":"open","sticky":false,"template":"","format":"standard","meta":{"footnotes":""},"categories":[20],"tags":[],"class_list":["post-217977","post","type-post","status-publish","format-standard","hentry","category-dominicana-hoy"],"_links":{"self":[{"href":"https:\/\/diariodominicano.com\/index.php?rest_route=\/wp\/v2\/posts\/217977","targetHints":{"allow":["GET"]}}],"collection":[{"href":"https:\/\/diariodominicano.com\/index.php?rest_route=\/wp\/v2\/posts"}],"about":[{"href":"https:\/\/diariodominicano.com\/index.php?rest_route=\/wp\/v2\/types\/post"}],"author":[{"embeddable":true,"href":"https:\/\/diariodominicano.com\/index.php?rest_route=\/wp\/v2\/users\/3"}],"replies":[{"embeddable":true,"href":"https:\/\/diariodominicano.com\/index.php?rest_route=%2Fwp%2Fv2%2Fcomments&post=217977"}],"version-history":[{"count":0,"href":"https:\/\/diariodominicano.com\/index.php?rest_route=\/wp\/v2\/posts\/217977\/revisions"}],"wp:attachment":[{"href":"https:\/\/diariodominicano.com\/index.php?rest_route=%2Fwp%2Fv2%2Fmedia&parent=217977"}],"wp:term":[{"taxonomy":"category","embeddable":true,"href":"https:\/\/diariodominicano.com\/index.php?rest_route=%2Fwp%2Fv2%2Fcategories&post=217977"},{"taxonomy":"post_tag","embeddable":true,"href":"https:\/\/diariodominicano.com\/index.php?rest_route=%2Fwp%2Fv2%2Ftags&post=217977"}],"curies":[{"name":"wp","href":"https:\/\/api.w.org\/{rel}","templated":true}]}}