{"id":217976,"date":"2016-07-18T15:54:31","date_gmt":"2016-07-18T15:54:31","guid":{"rendered":"http:\/\/diariodominicano.ddns.net\/?p=217976"},"modified":"2016-07-18T15:54:31","modified_gmt":"2016-07-18T15:54:31","slug":"ninos-completan-programa-terapeutico-integral-en-el-caid","status":"publish","type":"post","link":"https:\/\/diariodominicano.com\/?p=217976","title":{"rendered":"Ni\u00f1os completan Programa Terap\u00e9utico Integral en el CAID"},"content":{"rendered":"<p><body><\/p>\n<p><img decoding=\"async\" src=\"img3\/fa5d9fa9-4e6b-41a4-98fb-22d50c298918.jpg\" \/><br \/><img decoding=\"async\" src=\"img3\/0775e593-a39d-46fc-a56b-11ba5ad03a87.jpg\" \/>  <\/p>\n<p>Santo Domingo,R.D., 18 de julio.- Se eleva a cuarenta y siete el n\u00famero de ni\u00f1os egresados del Centro de Atenci\u00f3n Integral para la Discapacidad (CAID) desde que comenz\u00f3 a funcionar ese proyecto del Despacho de la Primera Dama de la Rep\u00fablica, C\u00e1ndida Montilla de Medina.<\/p>\n<\/p>\n<p>La conclusi\u00f3n de las terapias permite a los egresados con autismo, s\u00edndrome de Down y Par\u00e1lisis Cerebral incorporarse al entorno social que los rodea, junto a sus familias, con derechos y deberes, en el marco de las pol\u00edticas p\u00fablicas de inclusi\u00f3n social que impulsa el gobierno de Danilo Medina.<\/p>\n<\/p>\n<p>En esta oportunidad, doce ni\u00f1os alcanzaron los objetivos contemplados en su plan terap\u00e9utico y la instituci\u00f3n los present\u00f3 junto a sus familiares en una actividad denominada \u00abMi apellido es CAID\u00bb. <\/p>\n<\/p>\n<p>En la actividad, fue presentado un v\u00eddeo testimonial en el que seis familias contaron sus experiencias durante el proceso terap\u00e9utico intensivo y coincidieron en que el CAID es su segundo hogar.  <\/p>\n<p>\u00abEl CAID es nuestro segundo hogar. Ella y nosotros nos sentimos as\u00ed, como que el centro es una extensi\u00f3n de nuestra propia casa\u00bb, expuso con nostalgia Darleny L\u00f3pez, madre de Emely Morales, una ni\u00f1a con la condici\u00f3n de Asperger, uno de los trastornos del espectro autista. <\/p>\n<p>\u00abCon los excelentes servicios del CAID me siento confiada y como si estuvi\u00e9ramos en casa\u00bb, dijo Andreina Brangan, madre de Angelina Cruz Branagan,  quien tiene la condici\u00f3n del s\u00edndrome de Down. <\/p>\n<p>Alejandra G\u00f3mez, madre de Anthony de Jes\u00fas G\u00f3mez, un ni\u00f1o con autismo,  expresa la satisfacci\u00f3n de su familia por los cambios que experimente su v\u00e1stago, al concluir las terapias en el CAID.<\/p>\n<p> \u00abAqu\u00ed nos tratan como si fueran parte de nuestro hogar, como familia todas las terapias nos han ayudado a mejorar nuestra calidad de vida y a entender la condici\u00f3n de nuestro ni\u00f1o\u00bb, dijo.<\/p>\n<p>Mois\u00e9s Taveras Ram\u00edrez, director del CAID en Santo Domingo Oeste, dijo que los ni\u00f1os que completan el plan terap\u00e9utico que les corresponde, luego de su evaluaci\u00f3n y con la gu\u00eda de sus terapeutas,  son parte del activo del CAID.<\/p>\n<p>\u00abNuestros ni\u00f1os son la parte principal de nuestro ADN, por ellos y por sus familias existimos, por lo que el apellido CAID sigue siendo la identidad de nuestros egresados\u00bb. Taveras aclar\u00f3 que al completar su plan terap\u00e9utico, los ni\u00f1os y sus familias seguir\u00e1n recibiendo beneficios de informaci\u00f3n, chequeos peri\u00f3dicos, orientaci\u00f3n e integraci\u00f3n a las actividades del CAID. <\/p>\n<p>\u00abMi apellido es CAID no representa el cierre de una etapa, sino el cumplimiento de una meta, cuyo trayecto para muchos parec\u00eda imposible\u00bb, dijo el director del CAID-Santo Domingo Oeste.<\/p>\n<p>A cada familia que egresa, se le entrega un calendario con citas de seguimiento en los servicios terap\u00e9utico que necesite el ni\u00f1o durante un a\u00f1o, posterior a su egreso.<\/p>\n<p> La Primera Dama Montilla de Medina ha dispuesto que el CAID mantenga  el apoyo a las familias, por tiempo indefinido, con entrenamientos y capacitaciones desde el servicio de intervenci\u00f3n grupal hasta  las charlas psicoeducativas, abiertas al p\u00fablico\u00bb.<\/p>\n<p>Los procedimientos implementados en el primero de los CAID, en Santo Domingo Oeste, ser\u00e1n replicados tambi\u00e9n en el de Santiago y en el de San Juan, donde ya funcionan, as\u00ed como en San Pedro de Macor\u00eds y Santo Domingo Este, donde ser\u00e1n construidos pr\u00f3ximamente. <\/p>\n<h6> 2016-07-18 15:54:31 <\/h6>\n<p><!--\n<link rel=\"stylesheet\" href=\"css\/bootstrap.min.css\">\n\n\n<ul class=\"pagination\">\n\t    \n\t\n\n<li >\n\t<a href='?page_no=12443'>Previous<\/a>\n\t<\/li>\n\n\n       \n    \n\n<li><a href='?page_no=1'>1<\/a><\/li>\n\n\n\n<li><a href='?page_no=2'>2<\/a><\/li>\n\n\n\n<li><a>...<\/a><\/li>\n\n\n\n<li><a href='?page_no=12442'>12442<\/a><\/li>\n\n\n\n<li><a href='?page_no=12443'>12443<\/a><\/li>\n\n\n\n<li class='active'><a>12444<\/a><\/li>\n\n\n\n<li><a href='?page_no=12445'>12445<\/a><\/li>\n\n\n\n<li><a href='?page_no=12446'>12446<\/a><\/li>\n\n\n\n<li><a>...<\/a><\/li>\n\n\n\n<li><a href='?page_no=56169'>56169<\/a><\/li>\n\n\n\n<li><a href='?page_no=56170'>56170<\/a><\/li>\n\n    \n\t\n\n<li >\n\t<a href='?page_no=12445'>Next<\/a>\n\t<\/li>\n\n\n    \n\n<li><a href='?page_no=56170'>Last &rsaquo;&rsaquo;<\/a><\/li>\n\n<\/ul>\n\n\n--><br \/>\n<\/body><\/p>\n","protected":false},"excerpt":{"rendered":"<p>Santo Domingo,R.D., 18 de julio.- Se eleva a cuarenta y siete el n\u00famero de ni\u00f1os egresados del Centro de Atenci\u00f3n Integral para la Discapacidad (CAID) desde que comenz\u00f3 a funcionar ese proyecto del Despacho de la Primera Dama de la Rep\u00fablica, C\u00e1ndida Montilla de Medina. La conclusi\u00f3n de las terapias permite a los egresados con [&hellip;]<\/p>\n","protected":false},"author":3,"featured_media":0,"comment_status":"open","ping_status":"open","sticky":false,"template":"","format":"standard","meta":{"footnotes":""},"categories":[20],"tags":[],"class_list":["post-217976","post","type-post","status-publish","format-standard","hentry","category-dominicana-hoy"],"_links":{"self":[{"href":"https:\/\/diariodominicano.com\/index.php?rest_route=\/wp\/v2\/posts\/217976","targetHints":{"allow":["GET"]}}],"collection":[{"href":"https:\/\/diariodominicano.com\/index.php?rest_route=\/wp\/v2\/posts"}],"about":[{"href":"https:\/\/diariodominicano.com\/index.php?rest_route=\/wp\/v2\/types\/post"}],"author":[{"embeddable":true,"href":"https:\/\/diariodominicano.com\/index.php?rest_route=\/wp\/v2\/users\/3"}],"replies":[{"embeddable":true,"href":"https:\/\/diariodominicano.com\/index.php?rest_route=%2Fwp%2Fv2%2Fcomments&post=217976"}],"version-history":[{"count":0,"href":"https:\/\/diariodominicano.com\/index.php?rest_route=\/wp\/v2\/posts\/217976\/revisions"}],"wp:attachment":[{"href":"https:\/\/diariodominicano.com\/index.php?rest_route=%2Fwp%2Fv2%2Fmedia&parent=217976"}],"wp:term":[{"taxonomy":"category","embeddable":true,"href":"https:\/\/diariodominicano.com\/index.php?rest_route=%2Fwp%2Fv2%2Fcategories&post=217976"},{"taxonomy":"post_tag","embeddable":true,"href":"https:\/\/diariodominicano.com\/index.php?rest_route=%2Fwp%2Fv2%2Ftags&post=217976"}],"curies":[{"name":"wp","href":"https:\/\/api.w.org\/{rel}","templated":true}]}}