{"id":217974,"date":"2016-07-19T10:53:48","date_gmt":"2016-07-19T10:53:48","guid":{"rendered":"http:\/\/diariodominicano.ddns.net\/?p=217974"},"modified":"2016-07-19T10:53:48","modified_gmt":"2016-07-19T10:53:48","slug":"programa-formacion-y-empleo-santiago-recibe-donacion-de-rd5-millones","status":"publish","type":"post","link":"https:\/\/diariodominicano.com\/?p=217974","title":{"rendered":"Programa Formaci\u00f3n y Empleo Santiago recibe donaci\u00f3n de RD$5 millones"},"content":{"rendered":"<p><body><\/p>\n<p><img decoding=\"async\" src=\"img3\/fonper19-7.jpg\" \/>  <\/p>\n<p>Santo Domingo, R. D., 19 de julio (DICOM).- El Programa de Formaci\u00f3n y Empleo de Santiago (PRO-FyE) recibi\u00f3 una donaci\u00f3n de 5 millones de pesos del Fondo Patrimonial de las Empresas Reformadas (FONPER) para contribuir con la capacitaci\u00f3n de los j\u00f3venes en condiciones de vulnerabilidad.<\/p>\n<\/p>\n<p>Este programa es una iniciativa implementada por la Comisi\u00f3n Coordinadora de Iniciativas y Proyectos Presidenciales de Santiago (COCIPS), coordinada por el ministro de la Presidencia, Gustavo Montalvo, que tiene como prop\u00f3sito incrementar la empleabilidad de los j\u00f3venes en condiciones de vulnerabilidad socio econ\u00f3mica de dicha provincia.<\/p>\n<\/p>\n<p>La donaci\u00f3n fue entregada por el presidente del FONPER, Fernando Rosa al se\u00f1or Fernando Puig, director ejecutivo de la C\u00e1mara de Comercio y Producci\u00f3n de Santiago, con la participaci\u00f3n de Rafael Emilio Yun\u00e9n, coordinador de la COCIPS.<\/p>\n<\/p>\n<p>17 millones de pesos<\/p>\n<\/p>\n<p>Con esta donaci\u00f3n suman ya los RD$17 millones depositados en la cuenta de la C\u00e1mara de Comercio y Producci\u00f3n de Santiago, entidad administradora del fondo mixto del PRO-FyE de Santiago.<\/p>\n<\/p>\n<p>Alcance inversi\u00f3n<\/p>\n<\/p>\n<p>En este a\u00f1o, PRO-FyE tiene programado invertir RD$15MM para gestionar 103 cursos en los que participar\u00e1n 2,613 j\u00f3venes, de 15 comunidades de Santiago.<\/p>\n<\/p>\n<p>Los cursos ser\u00e1n impartidos, a trav\u00e9s de las unidades de implementaci\u00f3n que son:<\/p>\n<\/p>\n<p>Acci\u00f3n Callejera con 650 participantes en 26 cursos, impartidos en 7 comunidades; Caritas con 1,025 participantes en 41 cursos, en 5 comunidades; Universidad ISA, 440 participantes, 16 cursos impartidos en su recinto; CEFASA con 325 participantes, 13 cursos impartidos en diversas comunidades, en su mayor\u00eda de la zona rural y CAPEX con 173 participantes en 7 cursos impartidos en su recinto.<\/p>\n<\/p>\n<p>Se recuerda que todos estos cursos y los participantes de los mismos han sido seleccionados en di\u00e1logo con el sector privado y las organizaciones sociales que trabajan en la provincia.<\/p>\n<\/p>\n<p>El PRO-FyE comprende tanto becas de grado y posgrado, como cursos t\u00e9cnicos cortos y cursos de ingl\u00e9s por inmersi\u00f3n.<\/p>\n<h6> 2016-07-19 10:53:48 <\/h6>\n<p><!--\n<link rel=\"stylesheet\" href=\"css\/bootstrap.min.css\">\n\n\n<ul class=\"pagination\">\n\t    \n\t\n\n<li >\n\t<a href='?page_no=12441'>Previous<\/a>\n\t<\/li>\n\n\n       \n    \n\n<li><a href='?page_no=1'>1<\/a><\/li>\n\n\n\n<li><a href='?page_no=2'>2<\/a><\/li>\n\n\n\n<li><a>...<\/a><\/li>\n\n\n\n<li><a href='?page_no=12440'>12440<\/a><\/li>\n\n\n\n<li><a href='?page_no=12441'>12441<\/a><\/li>\n\n\n\n<li class='active'><a>12442<\/a><\/li>\n\n\n\n<li><a href='?page_no=12443'>12443<\/a><\/li>\n\n\n\n<li><a href='?page_no=12444'>12444<\/a><\/li>\n\n\n\n<li><a>...<\/a><\/li>\n\n\n\n<li><a href='?page_no=56169'>56169<\/a><\/li>\n\n\n\n<li><a href='?page_no=56170'>56170<\/a><\/li>\n\n    \n\t\n\n<li >\n\t<a href='?page_no=12443'>Next<\/a>\n\t<\/li>\n\n\n    \n\n<li><a href='?page_no=56170'>Last &rsaquo;&rsaquo;<\/a><\/li>\n\n<\/ul>\n\n\n--><br \/>\n<\/body><\/p>\n","protected":false},"excerpt":{"rendered":"<p>Santo Domingo, R. D., 19 de julio (DICOM).- El Programa de Formaci\u00f3n y Empleo de Santiago (PRO-FyE) recibi\u00f3 una donaci\u00f3n de 5 millones de pesos del Fondo Patrimonial de las Empresas Reformadas (FONPER) para contribuir con la capacitaci\u00f3n de los j\u00f3venes en condiciones de vulnerabilidad. Este programa es una iniciativa implementada por la Comisi\u00f3n Coordinadora [&hellip;]<\/p>\n","protected":false},"author":3,"featured_media":0,"comment_status":"open","ping_status":"open","sticky":false,"template":"","format":"standard","meta":{"footnotes":""},"categories":[20],"tags":[],"class_list":["post-217974","post","type-post","status-publish","format-standard","hentry","category-dominicana-hoy"],"_links":{"self":[{"href":"https:\/\/diariodominicano.com\/index.php?rest_route=\/wp\/v2\/posts\/217974","targetHints":{"allow":["GET"]}}],"collection":[{"href":"https:\/\/diariodominicano.com\/index.php?rest_route=\/wp\/v2\/posts"}],"about":[{"href":"https:\/\/diariodominicano.com\/index.php?rest_route=\/wp\/v2\/types\/post"}],"author":[{"embeddable":true,"href":"https:\/\/diariodominicano.com\/index.php?rest_route=\/wp\/v2\/users\/3"}],"replies":[{"embeddable":true,"href":"https:\/\/diariodominicano.com\/index.php?rest_route=%2Fwp%2Fv2%2Fcomments&post=217974"}],"version-history":[{"count":0,"href":"https:\/\/diariodominicano.com\/index.php?rest_route=\/wp\/v2\/posts\/217974\/revisions"}],"wp:attachment":[{"href":"https:\/\/diariodominicano.com\/index.php?rest_route=%2Fwp%2Fv2%2Fmedia&parent=217974"}],"wp:term":[{"taxonomy":"category","embeddable":true,"href":"https:\/\/diariodominicano.com\/index.php?rest_route=%2Fwp%2Fv2%2Fcategories&post=217974"},{"taxonomy":"post_tag","embeddable":true,"href":"https:\/\/diariodominicano.com\/index.php?rest_route=%2Fwp%2Fv2%2Ftags&post=217974"}],"curies":[{"name":"wp","href":"https:\/\/api.w.org\/{rel}","templated":true}]}}