{"id":217973,"date":"2016-07-19T11:16:28","date_gmt":"2016-07-19T11:16:28","guid":{"rendered":"http:\/\/diariodominicano.ddns.net\/?p=217973"},"modified":"2016-07-19T11:16:28","modified_gmt":"2016-07-19T11:16:28","slug":"ministro-de-economia-habla-onu-en-nombre-de-la-celac","status":"publish","type":"post","link":"https:\/\/diariodominicano.com\/?p=217973","title":{"rendered":"Ministro de Econom\u00eda habla  ONU en nombre de la CELAC"},"content":{"rendered":"<p><body><\/p>\n<p><img decoding=\"async\" src=\"img3\/montas 19-7.jpg\" \/>  <\/p>\n<p><span class=\"text1noticias\"> Nueva York, 19 de julio.- El ministro de Econom\u00eda de la Rep\u00fablica Dominicana declar\u00f3 aqu\u00ed, ante el Foro Pol\u00edtico de Alto Nivel sobre el Desarrollo Sostenible y en nombre de la Comunidad de Estados Latinoamericanos y Caribe\u00f1os, que para la CELAC, la erradicaci\u00f3n de la pobreza en todas sus formas y dimensiones, incluida la extrema, es el reto global m\u00e1s grande, y un requisito indispensable para el desarrollo sostenible.<\/span><\/p>\n<\/p>\n<p><span class=\"text1noticias\">El ingeniero Tem\u00edstocles Mont\u00e1s ley\u00f3 la Declaraci\u00f3n de la Misi\u00f3n Permanente de la Rep\u00fablica Dominicana ante la ONU por parte de la CELAC y anunci\u00f3 el compromiso de trabajar para que el Foro sea exitoso este a\u00f1o, por considerarlo clave del Sistema de Naciones Unidas para el seguimiento y examen integral de la Agenda 2030 para el Desarrollo Sostenible.<\/span><\/p>\n<\/p>\n<p><span class=\"text1noticias\">Tambi\u00e9n dijo que la implementaci\u00f3n y el seguimiento de la Agenda requieren del compromiso inequ\u00edvoco de la comunidad internacional en su conjunto y destac\u00f3 como importante el rol de la Ayuda Oficial al Desarrollo en el logro de los objetivos acordados a nivel internacional, inform\u00f3 la Unidad de Comunicaciones del Ministerio de Econom\u00eda, Planificaci\u00f3n y Desarrollo (MEPyD).<\/span><\/p>\n<\/p>\n<p><span class=\"text1noticias\">\u00abLos pa\u00edses desarrollados pueden contribuir notablemente al honrar sus compromisos antes asumidos respecto de la Ayuda Oficial al Desarrollo incluso estableciendo plazos vinculantes para la entrega de estos compromisos y otras formas de cooperaci\u00f3n Norte-Sur\u00bb, coment\u00f3.<\/span><\/p>\n<\/p>\n<p><span class=\"text1noticias\">Asimismo dijo que la cooperaci\u00f3n Sur-Sur tiene un papel especial y diferenciado que jugar, sobre todo en la creaci\u00f3n de capacidades apoyada por el intercambio de conocimientos y pr\u00e1cticas exitosas entre los pa\u00edses del sur global, y otras formas de cooperaci\u00f3n como la financiera para el desarrollo de la infraestructura, el desarrollo social, la salud y la educaci\u00f3n y la transferencia tecnol\u00f3gica.<\/span><\/p>\n<\/p>\n<p><span class=\"text1noticias\">\u00abReafirmamos la importancia de consolidar la Cooperaci\u00f3n Sur-Sur como un principio compartido por la regi\u00f3n, reconoci\u00e9ndola como un complemento y no un sustitutivo de la Cooperaci\u00f3n Norte-Sur y Triangular, basada en los principios de horizontalidad, el respeto a la soberan\u00eda nacional, la igualdad, la no condicionalidad y el beneficio mutuo, para incidir en una nueva arquitectura del Sistema de Cooperaci\u00f3n Internacional\u00bb, agreg\u00f3.<\/span><\/p>\n<\/p>\n<p><span class=\"text1noticias\">En otro orden, subray\u00f3 que la CELAC reitera la necesidad de respetar el margen normativo y el liderazgo de cada pa\u00eds para poner en pr\u00e1ctica pol\u00edticas encaminadas a erradicar la pobreza y promover el desarrollo sostenible.<\/span><\/p>\n<\/p>\n<p><span class=\"text1noticias\">Asimismo que los esfuerzos nacionales en pro del desarrollo deben estar respaldados por un entorno econ\u00f3mico internacional propicio, que incluya sistemas comerciales, monetarios y financieros mundiales coherentes y que se apoyen mutuamente y una gobernanza econ\u00f3mica mundial reforzada y mejorada.<\/span><\/p>\n<\/p>\n<p><span class=\"text1noticias\">\u00abNos comprometemos a promover la coherencia de las pol\u00edticas y un entorno propicio para el desarrollo sostenible a todos los niveles y reiteramos nuestro compromiso con el principio del derecho soberano de los Estados de disponer de sus recursos naturales y de gestionarlos y regularlos como una importante fuente financiera para el desarrollo econ\u00f3mico, la justicia social y el bienestar de nuestros pueblos\u00bb, destac\u00f3 Mont\u00e1s.<\/span><\/p>\n<\/p>\n<p><span class=\"text1noticias\"> Record\u00f3 que los Jefes de Estado y de Gobierno de la CELAC acogieron en Quito, Ecuador, el 27 de enero del a\u00f1o en curso, en su IV Cumbre, la Agenda 2030 para el Desarrollo Sostenible, y reafirmaron el compromiso de los Estados Miembros para su implementaci\u00f3n.<\/span><\/p>\n<\/p>\n<p><span class=\"text1noticias\">Consider\u00f3 empero que para el seguimiento y examen integral de la Agenda 2030 por parte del Foro es cr\u00edtico dar seguimiento a las tres dimensiones del desarrollo sostenible e ir m\u00e1s all\u00e1 de la discusi\u00f3n acad\u00e9mica de los temas y proveer a la vez una plataforma din\u00e1mica para el di\u00e1logo habitual del que deben emanar una gu\u00eda pol\u00edtica y recomendaciones para los Estados Miembros y el Sistema de Naciones Unidas, teniendo en cuenta por ejemplo las diferentes realidades, capacidades y niveles de desarrollo de los pa\u00edses miembros, y reconociendo que los resultados de los procesos nacionales servir\u00e1n de fundamento.<\/span><\/p>\n<\/p>\n<p><span class=\"text1noticias\">El ministro de Econom\u00eda y portavoz de la CELAC ante este Foro anunci\u00f3 que los Estados Miembros del organismo regional acordaron dar seguimiento a la implementaci\u00f3n de los ODS aprobados por la septuag\u00e9sima Asamblea General de Naciones Unidas, considerando que existen diferentes visiones, modelos, enfoques y realidades para cada pa\u00eds.<\/span><\/p>\n<p><span class=\"text1noticias\"> <\/span><\/p>\n<h6> 2016-07-19 11:16:28 <\/h6>\n<p><!--\n<link rel=\"stylesheet\" href=\"css\/bootstrap.min.css\">\n\n\n<ul class=\"pagination\">\n\t    \n\t\n\n<li >\n\t<a href='?page_no=12440'>Previous<\/a>\n\t<\/li>\n\n\n       \n    \n\n<li><a href='?page_no=1'>1<\/a><\/li>\n\n\n\n<li><a href='?page_no=2'>2<\/a><\/li>\n\n\n\n<li><a>...<\/a><\/li>\n\n\n\n<li><a href='?page_no=12439'>12439<\/a><\/li>\n\n\n\n<li><a href='?page_no=12440'>12440<\/a><\/li>\n\n\n\n<li class='active'><a>12441<\/a><\/li>\n\n\n\n<li><a href='?page_no=12442'>12442<\/a><\/li>\n\n\n\n<li><a href='?page_no=12443'>12443<\/a><\/li>\n\n\n\n<li><a>...<\/a><\/li>\n\n\n\n<li><a href='?page_no=56169'>56169<\/a><\/li>\n\n\n\n<li><a href='?page_no=56170'>56170<\/a><\/li>\n\n    \n\t\n\n<li >\n\t<a href='?page_no=12442'>Next<\/a>\n\t<\/li>\n\n\n    \n\n<li><a href='?page_no=56170'>Last &rsaquo;&rsaquo;<\/a><\/li>\n\n<\/ul>\n\n\n--><br \/>\n<\/body><\/p>\n","protected":false},"excerpt":{"rendered":"<p>Nueva York, 19 de julio.- El ministro de Econom\u00eda de la Rep\u00fablica Dominicana declar\u00f3 aqu\u00ed, ante el Foro Pol\u00edtico de Alto Nivel sobre el Desarrollo Sostenible y en nombre de la Comunidad de Estados Latinoamericanos y Caribe\u00f1os, que para la CELAC, la erradicaci\u00f3n de la pobreza en todas sus formas y dimensiones, incluida la extrema, [&hellip;]<\/p>\n","protected":false},"author":3,"featured_media":0,"comment_status":"open","ping_status":"open","sticky":false,"template":"","format":"standard","meta":{"footnotes":""},"categories":[20],"tags":[],"class_list":["post-217973","post","type-post","status-publish","format-standard","hentry","category-dominicana-hoy"],"_links":{"self":[{"href":"https:\/\/diariodominicano.com\/index.php?rest_route=\/wp\/v2\/posts\/217973","targetHints":{"allow":["GET"]}}],"collection":[{"href":"https:\/\/diariodominicano.com\/index.php?rest_route=\/wp\/v2\/posts"}],"about":[{"href":"https:\/\/diariodominicano.com\/index.php?rest_route=\/wp\/v2\/types\/post"}],"author":[{"embeddable":true,"href":"https:\/\/diariodominicano.com\/index.php?rest_route=\/wp\/v2\/users\/3"}],"replies":[{"embeddable":true,"href":"https:\/\/diariodominicano.com\/index.php?rest_route=%2Fwp%2Fv2%2Fcomments&post=217973"}],"version-history":[{"count":0,"href":"https:\/\/diariodominicano.com\/index.php?rest_route=\/wp\/v2\/posts\/217973\/revisions"}],"wp:attachment":[{"href":"https:\/\/diariodominicano.com\/index.php?rest_route=%2Fwp%2Fv2%2Fmedia&parent=217973"}],"wp:term":[{"taxonomy":"category","embeddable":true,"href":"https:\/\/diariodominicano.com\/index.php?rest_route=%2Fwp%2Fv2%2Fcategories&post=217973"},{"taxonomy":"post_tag","embeddable":true,"href":"https:\/\/diariodominicano.com\/index.php?rest_route=%2Fwp%2Fv2%2Ftags&post=217973"}],"curies":[{"name":"wp","href":"https:\/\/api.w.org\/{rel}","templated":true}]}}