{"id":217972,"date":"2016-07-19T12:26:33","date_gmt":"2016-07-19T12:26:33","guid":{"rendered":"http:\/\/diariodominicano.ddns.net\/?p=217972"},"modified":"2016-07-19T12:26:33","modified_gmt":"2016-07-19T12:26:33","slug":"florecen-arte-y-cultura-en-barahona-con-nuevo-politecnico-y-biblioteca-central","status":"publish","type":"post","link":"https:\/\/diariodominicano.com\/?p=217972","title":{"rendered":"Florecen arte y cultura en Barahona con nuevo polit\u00e9cnico y biblioteca central"},"content":{"rendered":"<p><body><\/p>\n<p><img decoding=\"async\" src=\"img3\/Barahonabi19-7.jpg\" \/>  <\/p>\n<p><span class=\"text1noticias\">Barahona, R. D., 19 de julio (DICOM).- Este martes el presidente Danilo Medina har\u00e1 posible que j\u00f3venes talentos de esta provincia puedan dar continuidad al legado de inmortales artistas de esta tierra, con la puesta en servicio de un polit\u00e9cnico en arte y una biblioteca.<\/span><\/p>\n<p><span class=\"text1noticias\"> <\/span><\/p>\n<p><span class=\"text1noticias\">Durante muchos a\u00f1os el pueblo de Barahona ven\u00eda reclamando honrar la memoria de artistas como Casandra Damir\u00f3n, la actriz Mar\u00eda Montez o el pintor Ram\u00f3n Oviedo, a trav\u00e9s de la creaci\u00f3n de instituciones que les permitieran a los estudiantes  de aqu\u00ed cultivar y hacer florecer su talento art\u00edstico.<\/span><\/p>\n<p><span class=\"text1noticias\"> <\/span><\/p>\n<p><span class=\"text1noticias\">Barahona: Cuna del arte dominicano<\/span><\/p>\n<p><span class=\"text1noticias\"> <\/span><\/p>\n<p><span class=\"text1noticias\">Con la entrega del Polit\u00e9cnico en Arte de Barahona Maestro Ram\u00f3n Oviedo, el Gobierno no solo permitir\u00e1 que 910 estudiantes de esta provincia y la regi\u00f3n Sur, puedan cultivar las artes, ampliar el abanico de oportunidades y su crecimiento profesional, sino tambi\u00e9n cumplir con la deuda social de convertir a Barahona en la verdadera cuna del arte dominicano.<\/span><\/p>\n<p><span class=\"text1noticias\"> <\/span><\/p>\n<p><span class=\"text1noticias\">\u00abUn egresado de un liceo de arte es un talentoso, un artista, as\u00ed decida estudiar otra carrera tendremos un mejor profesional, un ingeniero sensibilizado, un abogado con sensibilidad, es decir, tenemos el desarrollo de la apreciaci\u00f3n, del gusto est\u00e9tico\u00bb, precis\u00f3 Jairo Trinidad, t\u00e9cnico regional Modalidad de Arte.<\/span><\/p>\n<p><span class=\"text1noticias\"> <\/span><\/p>\n<p><span class=\"text1noticias\">Este novedoso centro educativo, ubicado en el sector Palmarito, funcionar\u00e1 bajo la modalidad de Jornada Escolar Extendida y brindar\u00e1 a los j\u00f3venes la oportunidad de cursar el bachillerato con menci\u00f3n en danza, teatro, producci\u00f3n, dise\u00f1o artesanal (joyer\u00eda, cer\u00e1mica, metal-madera) y artes visuales.<\/span><\/p>\n<p><span class=\"text1noticias\"> <\/span><\/p>\n<p><span class=\"text1noticias\">Mejores oportunidades de vida<\/span><\/p>\n<p><span class=\"text1noticias\"> <\/span><\/p>\n<p><span class=\"text1noticias\">Cledo F\u00e9lix, un agricultor de 64 a\u00f1os que trabaja en el liceo de arte desde el inicio de la construcci\u00f3n, como portero y jardinero, expres\u00f3 regocijado lo bien que se siente de estar laborando en su mismo barrio y sentirse productivo.<\/span><\/p>\n<p><span class=\"text1noticias\"> <\/span><\/p>\n<p><span class=\"text1noticias\">\u00abMe siento orgulloso, me siento bien\u00bb, manifest\u00f3 F\u00e9lix, quien hasta ahora tiene asegurado un salario de 6 mil pesos quincenal.<\/span><\/p>\n<p><span class=\"text1noticias\"> <\/span><\/p>\n<p><span class=\"text1noticias\">Miguelina F\u00e9lix es una vecina que reside frente al centro y desde ya se prepara para montar una cafeter\u00eda con la cual rendir el dinero que gana como secretaria en otra escuela. Esta madre de tres ni\u00f1os tambi\u00e9n hace diligencias para conseguir un empleo a su esposo, como vigilante, en el nuevo centro educativo.<\/span><\/p>\n<p><span class=\"text1noticias\"> <\/span><\/p>\n<p><span class=\"text1noticias\">De su lado, el joven Marcos Hip\u00f3lito, un motoconchista que hace meses emigr\u00f3 a la zona tur\u00edstica de B\u00e1varo en busca de mejor vida, volvi\u00f3 a su natal Barahona desde que se enter\u00f3 que pod\u00eda culminar sus estudios de bachillerato en el Polit\u00e9cnico en Arte de esta provincia.<\/span><\/p>\n<p><span class=\"text1noticias\"> <\/span><\/p>\n<p><span class=\"text1noticias\">Apertura de la Biblioteca Central<\/span><\/p>\n<p><span class=\"text1noticias\"> <\/span><\/p>\n<p><span class=\"text1noticias\">Otro motivo de j\u00fabilo lo constituye la puesta en servicio de la Biblioteca Central Monse\u00f1or Fabio Mamerto Rivas, levantada en la sede de la Universidad Cat\u00f3lica Tecnol\u00f3gica de Barahona (UCATEBA), en el distrito municipal de Villa Central, de esta provincia.<\/span><\/p>\n<p><span class=\"text1noticias\"> <\/span><\/p>\n<p><span class=\"text1noticias\">Se trata de una moderna edificaci\u00f3n de dos niveles, con capacidad para mil 200 estudiantes a la vez. Posee sal\u00f3n digital, sal\u00f3n de actos, sala de profesores, ba\u00f1os, ambiente de lectura y facilidades de pr\u00e9stamos de libros.<\/span><\/p>\n<p><span class=\"text1noticias\"> <\/span><\/p>\n<p><span class=\"text1noticias\">\u00abCon este nuevo espacio que nos brinda UCATEBA, nos sentimos m\u00e1s conforme. Nos est\u00e1n brindando una atenci\u00f3n inmensa, es buen\u00edsimo. La verdad que se merecen el cielo con esa biblioteca que nos est\u00e1n brindando\u00bb, enfatiz\u00f3 Melisa Balbuena, una estudiante del s\u00e9ptimo cuatrimestre de Hoteler\u00eda y Turismo.<\/span><\/p>\n<p><span class=\"text1noticias\"> <\/span><\/p>\n<p><span class=\"text1noticias\">Este martes est\u00e1 previsto que el presidente Danilo Medina haga el corte de cinta, para dejar formalmente abierta al p\u00fablico esta biblioteca que beneficiar\u00e1 a estudiantes de Barahona y <\/span>zonas aleda\u00f1as.<\/p>\n<h6> 2016-07-19 12:26:33 <\/h6>\n<p><!--\n<link rel=\"stylesheet\" href=\"css\/bootstrap.min.css\">\n\n\n<ul class=\"pagination\">\n\t    \n\t\n\n<li >\n\t<a href='?page_no=12439'>Previous<\/a>\n\t<\/li>\n\n\n       \n    \n\n<li><a href='?page_no=1'>1<\/a><\/li>\n\n\n\n<li><a href='?page_no=2'>2<\/a><\/li>\n\n\n\n<li><a>...<\/a><\/li>\n\n\n\n<li><a href='?page_no=12438'>12438<\/a><\/li>\n\n\n\n<li><a href='?page_no=12439'>12439<\/a><\/li>\n\n\n\n<li class='active'><a>12440<\/a><\/li>\n\n\n\n<li><a href='?page_no=12441'>12441<\/a><\/li>\n\n\n\n<li><a href='?page_no=12442'>12442<\/a><\/li>\n\n\n\n<li><a>...<\/a><\/li>\n\n\n\n<li><a href='?page_no=56169'>56169<\/a><\/li>\n\n\n\n<li><a href='?page_no=56170'>56170<\/a><\/li>\n\n    \n\t\n\n<li >\n\t<a href='?page_no=12441'>Next<\/a>\n\t<\/li>\n\n\n    \n\n<li><a href='?page_no=56170'>Last &rsaquo;&rsaquo;<\/a><\/li>\n\n<\/ul>\n\n\n--><br \/>\n<\/body><\/p>\n","protected":false},"excerpt":{"rendered":"<p>Barahona, R. D., 19 de julio (DICOM).- Este martes el presidente Danilo Medina har\u00e1 posible que j\u00f3venes talentos de esta provincia puedan dar continuidad al legado de inmortales artistas de esta tierra, con la puesta en servicio de un polit\u00e9cnico en arte y una biblioteca. Durante muchos a\u00f1os el pueblo de Barahona ven\u00eda reclamando honrar [&hellip;]<\/p>\n","protected":false},"author":3,"featured_media":0,"comment_status":"open","ping_status":"open","sticky":false,"template":"","format":"standard","meta":{"footnotes":""},"categories":[20],"tags":[],"class_list":["post-217972","post","type-post","status-publish","format-standard","hentry","category-dominicana-hoy"],"_links":{"self":[{"href":"https:\/\/diariodominicano.com\/index.php?rest_route=\/wp\/v2\/posts\/217972","targetHints":{"allow":["GET"]}}],"collection":[{"href":"https:\/\/diariodominicano.com\/index.php?rest_route=\/wp\/v2\/posts"}],"about":[{"href":"https:\/\/diariodominicano.com\/index.php?rest_route=\/wp\/v2\/types\/post"}],"author":[{"embeddable":true,"href":"https:\/\/diariodominicano.com\/index.php?rest_route=\/wp\/v2\/users\/3"}],"replies":[{"embeddable":true,"href":"https:\/\/diariodominicano.com\/index.php?rest_route=%2Fwp%2Fv2%2Fcomments&post=217972"}],"version-history":[{"count":0,"href":"https:\/\/diariodominicano.com\/index.php?rest_route=\/wp\/v2\/posts\/217972\/revisions"}],"wp:attachment":[{"href":"https:\/\/diariodominicano.com\/index.php?rest_route=%2Fwp%2Fv2%2Fmedia&parent=217972"}],"wp:term":[{"taxonomy":"category","embeddable":true,"href":"https:\/\/diariodominicano.com\/index.php?rest_route=%2Fwp%2Fv2%2Fcategories&post=217972"},{"taxonomy":"post_tag","embeddable":true,"href":"https:\/\/diariodominicano.com\/index.php?rest_route=%2Fwp%2Fv2%2Ftags&post=217972"}],"curies":[{"name":"wp","href":"https:\/\/api.w.org\/{rel}","templated":true}]}}