{"id":217970,"date":"2016-07-19T12:36:24","date_gmt":"2016-07-19T12:36:24","guid":{"rendered":"http:\/\/diariodominicano.ddns.net\/?p=217970"},"modified":"2016-07-19T12:36:24","modified_gmt":"2016-07-19T12:36:24","slug":"adavit-llama-a-firmar-libro-para-erogacion-visa-europea","status":"publish","type":"post","link":"https:\/\/diariodominicano.com\/?p=217970","title":{"rendered":"ADAVIT llama a firmar libro para erogaci\u00f3n visa europea"},"content":{"rendered":"<p><body><\/p>\n<p><img decoding=\"async\" src=\"img3\/visa 19-7.jpg\" \/>  <\/p>\n<p><span class=\"text1noticias\"> <\/span><\/p>\n<p><span class=\"text1noticias\">Santo Domingo, R. D.-  Hans Witsenboer Presidente de la Euroc\u00e1mara de la Republica Dominicana, y Gustavo A. de Hostos su Tesorero, junto a Lic. Carlos Alonso Vice-presidente de la Asociaci\u00f3n Dominicana de Agencias de Viajes y Turismo, Inc. (ADAVIT) representando a Ana Santelises de Latour Presidenta, Ing. Edison  Ure\u00f1a  Vice Tesorero, Dioni Alc\u00e1ntara P\u00e9rez Directora Ejecutiva de ADAVIT,  diversos Presidentes y Directores Ejecutivos de C\u00e1maras Europeas binacionales, ofrecieron la gran noticia que los ciudadanos Dominicanos a partir del primero de Julio, 2016, ya no estar\u00e1n obligados a solicitar una visa de transito aeroportuario para viajar v\u00eda Europa el tiempo de una correspondencia, en zona internacional de un aeropuerto (o para ir de una zona internacional a otra).<\/span><\/p>\n<\/p>\n<p><span class=\"text1noticias\"> <\/span><\/p>\n<p><span class=\"text1noticias\"> La visa Schengen para permanecerse en los pa\u00edses Europeos sigue obligatoria.<\/span><\/p>\n<p><span class=\"text1noticias\"> <\/span><\/p>\n<p><span class=\"text1noticias\"> Varios pa\u00edses de Am\u00e9rica Latina y del Caribe han logrado eliminar el visado Schengen para sus ciudadanos, que tienen \u00edndices monetarios y socio-culturales muy similares a los de RD y adem\u00e1s que la econom\u00eda Dominicana es superior en su crecimiento sostenido.<\/span><\/p>\n<p><span class=\"text1noticias\"> <\/span><\/p>\n<p><span class=\"text1noticias\"> Gustavo A de Hostos quien tambi\u00e9n es Presidente de General Air Services que representa las l\u00edneas a\u00e9reas Europeas; Air Antilles, Air Cara\u00efbes, French Blue todos de Francia, Alitalia y Meridiana de Italia y Wamos de Espa\u00f1a, solicito a todos los Dominicanos y Dominicanas, responsables con deseos de transitar libremente por Europa de por favor acercarse a esta oficina y firmar la petici\u00f3n de solicitud a la Canciller\u00eda Dominicana de Oficialmente solicitar a la Uni\u00f3n Europea el pr\u00f3ximo paso de eliminar el visado Schengen para todos los Dominicanos.<\/span><\/p>\n<p><span class=\"text1noticias\"> <\/span><\/p>\n<p><span class=\"text1noticias\">Los ejecutivos de ADAVIT cerraron el evento confirmado que su asociaci\u00f3n va a distribuir decenas de libros de petici\u00f3n para eliminar el visado Schengen en todas las agencias de viajes IATA del pa\u00eds, para conseguir las firmas de muchos de sus clientes. <\/span><\/p>\n<p><span class=\"text1noticias\"> <\/span><\/p>\n<p><span class=\"text1noticias\">Las oficinas de General Air Services est\u00e1n ubicadas en el Edificio Intempo primer  piso, en la calle Max Henr\u00edquez Ure\u00f1a esquina Avenida Winston Churchill, Evaristo Morales en el centro de Santo Domingo. Tel\u00e9fono 809-621-7777<\/span> <\/p>\n<\/p>\n<h6> 2016-07-19 12:36:24 <\/h6>\n<p><!--\n<link rel=\"stylesheet\" href=\"css\/bootstrap.min.css\">\n\n\n<ul class=\"pagination\">\n\t    \n\t\n\n<li >\n\t<a href='?page_no=12438'>Previous<\/a>\n\t<\/li>\n\n\n       \n    \n\n<li><a href='?page_no=1'>1<\/a><\/li>\n\n\n\n<li><a href='?page_no=2'>2<\/a><\/li>\n\n\n\n<li><a>...<\/a><\/li>\n\n\n\n<li><a href='?page_no=12437'>12437<\/a><\/li>\n\n\n\n<li><a href='?page_no=12438'>12438<\/a><\/li>\n\n\n\n<li class='active'><a>12439<\/a><\/li>\n\n\n\n<li><a href='?page_no=12440'>12440<\/a><\/li>\n\n\n\n<li><a href='?page_no=12441'>12441<\/a><\/li>\n\n\n\n<li><a>...<\/a><\/li>\n\n\n\n<li><a href='?page_no=56169'>56169<\/a><\/li>\n\n\n\n<li><a href='?page_no=56170'>56170<\/a><\/li>\n\n    \n\t\n\n<li >\n\t<a href='?page_no=12440'>Next<\/a>\n\t<\/li>\n\n\n    \n\n<li><a href='?page_no=56170'>Last &rsaquo;&rsaquo;<\/a><\/li>\n\n<\/ul>\n\n\n--><br \/>\n<\/body><\/p>\n","protected":false},"excerpt":{"rendered":"<p>Santo Domingo, R. D.- Hans Witsenboer Presidente de la Euroc\u00e1mara de la Republica Dominicana, y Gustavo A. de Hostos su Tesorero, junto a Lic. Carlos Alonso Vice-presidente de la Asociaci\u00f3n Dominicana de Agencias de Viajes y Turismo, Inc. (ADAVIT) representando a Ana Santelises de Latour Presidenta, Ing. Edison Ure\u00f1a Vice Tesorero, Dioni Alc\u00e1ntara P\u00e9rez Directora [&hellip;]<\/p>\n","protected":false},"author":3,"featured_media":0,"comment_status":"open","ping_status":"open","sticky":false,"template":"","format":"standard","meta":{"footnotes":""},"categories":[20],"tags":[],"class_list":["post-217970","post","type-post","status-publish","format-standard","hentry","category-dominicana-hoy"],"_links":{"self":[{"href":"https:\/\/diariodominicano.com\/index.php?rest_route=\/wp\/v2\/posts\/217970","targetHints":{"allow":["GET"]}}],"collection":[{"href":"https:\/\/diariodominicano.com\/index.php?rest_route=\/wp\/v2\/posts"}],"about":[{"href":"https:\/\/diariodominicano.com\/index.php?rest_route=\/wp\/v2\/types\/post"}],"author":[{"embeddable":true,"href":"https:\/\/diariodominicano.com\/index.php?rest_route=\/wp\/v2\/users\/3"}],"replies":[{"embeddable":true,"href":"https:\/\/diariodominicano.com\/index.php?rest_route=%2Fwp%2Fv2%2Fcomments&post=217970"}],"version-history":[{"count":0,"href":"https:\/\/diariodominicano.com\/index.php?rest_route=\/wp\/v2\/posts\/217970\/revisions"}],"wp:attachment":[{"href":"https:\/\/diariodominicano.com\/index.php?rest_route=%2Fwp%2Fv2%2Fmedia&parent=217970"}],"wp:term":[{"taxonomy":"category","embeddable":true,"href":"https:\/\/diariodominicano.com\/index.php?rest_route=%2Fwp%2Fv2%2Fcategories&post=217970"},{"taxonomy":"post_tag","embeddable":true,"href":"https:\/\/diariodominicano.com\/index.php?rest_route=%2Fwp%2Fv2%2Ftags&post=217970"}],"curies":[{"name":"wp","href":"https:\/\/api.w.org\/{rel}","templated":true}]}}