{"id":217968,"date":"2016-07-19T14:23:52","date_gmt":"2016-07-19T14:23:52","guid":{"rendered":"http:\/\/diariodominicano.ddns.net\/?p=217968"},"modified":"2016-07-19T14:23:52","modified_gmt":"2016-07-19T14:23:52","slug":"presidente-del-poder-judicial-pone-en-funcionamiento-juzgado-de-trabajo","status":"publish","type":"post","link":"https:\/\/diariodominicano.com\/?p=217968","title":{"rendered":"Presidente del Poder Judicial pone en funcionamiento Juzgado de Trabajo"},"content":{"rendered":"<p><body><\/p>\n<p><img decoding=\"async\" src=\"img3\/2c5a9347-e01a-438f-a014-60a53c7617a4.jpg\" \/><br \/><img decoding=\"async\" src=\"img3\/199c3bdb-9b29-4798-a220-f08804b40865.jpg\" \/>  <\/p>\n<p>Valverde, Mao, R.D., 19 de julio.- El presidente de la Suprema Corte de Justicia y del Consejo del Poder Judicial (CPJ), doctor Mariano Germ\u00e1n Mej\u00eda, puso en funcionamiento este martes el Juzgado de Trabajo del Distrito Judicial de esta localidad.<\/p>\n<\/p>\n<p>Asimismo, el magistrado encabez\u00f3 la apertura de la C\u00e1mara Civil y Comercial del Juzgado de Primera Instancia de esa jurisdicci\u00f3n, la cual fue creada mediante Ley n\u00fam. 500-08, del 29 de diciembre del 2008.<\/p>\n<\/p>\n<p>Al pronunciar el discurso de apertura durante una ceremonia celebrada en el Palacio de Justicia de Mao, Germ\u00e1n Mej\u00eda proclam\u00f3 que el Poder Judicial trabaja por una mejor justicia y en beneficio de toda la poblaci\u00f3n dominicana.<\/p>\n<\/p>\n<p>\u00abEn ese proceso, estamos identificando nuestras debilidades y nuestras fortalezas, para de esta manera contribuir con los requerimientos de la poblaci\u00f3n que es nuestro principal compromiso\u00bb, acot\u00f3.<\/p>\n<p>Germ\u00e1n Mej\u00eda manifest\u00f3 que la puesta en funcionamiento de esos tribunales se inscribe en las acciones que encamina el Poder Judicial para la agilizaci\u00f3n de los procesos y el acceso a la justicia.<\/p>\n<\/p>\n<p>\u00abUn componente prioritario para el Poder Judicial y que se encuentra como parte de los ejes fundamentales de nuestro Plan Estrat\u00e9gico 2015-2019 es ofrecer servicios de calidad, servicios accesibles y en tiempo razonable, pero sobre todo, de conformidad con las necesidades y demandas de los distritos judiciales que as\u00ed los requieran\u00bb, signific\u00f3.<\/p>\n<\/p>\n<p>El magistrado expuso que el Poder Judicial se ha visto en la necesidad imperiosa de que Valverde cuente con un Juzgado de Trabajo para dirimir los constantes conflictos que se presentan entre los cientos de empleadores y trabajadores que convergen en este Distrito Judicial.<\/p>\n<\/p>\n<p>Dej\u00f3 constancia de su reiterado compromiso de suministrar un servicio en armon\u00eda con los requerimientos que demanda el Estado Democr\u00e1tico de Derecho, previsto por la Constituci\u00f3n  y en consonancia con la actividad jur\u00eddica de la jurisdicci\u00f3n laboral, otorgando un servicio pronto y oportuno a los usuarios del sistema.<\/p>\n<\/p>\n<p>El CPJ dispuso que el juez Francisco F\u00e9lix Est\u00e9vez Saint-Hilaire ocupe la presidencia del Juzgado de Trabajo del Distrito Judicial de Valverde, Mao.<\/p>\n<\/p>\n<p>Asimismo, el organismo orden\u00f3 que la jueza Milagros del Amor Est\u00e9vez sea la presidenta interina de la C\u00e1mara Civil y Comercial del Juzgado de Primera Instancia de esa citada jurisdicci\u00f3n, hasta tanto sea tramitado el procedimiento para fines de ascenso por ante el Pleno de la Suprema Corte de Justicia.<\/p>\n<p>Las palabras de agradecimiento fueron pronunciadas por el presidente del Juzgado de Trabajo del Distrito Judicial de Valverde, F\u00e9lix Francisco Est\u00e9vez Saint-Hilaire.<\/p>\n<p>Al final del acto, la seccional del Colegio de Abogados de la Rep\u00fablica Dominicana otorgo un reconocimiento al CPJ, por sus meritos a favor del fortalecimiento del sistema de justicia.<\/p>\n<h6> 2016-07-19 14:23:52 <\/h6>\n<p><!--\n<link rel=\"stylesheet\" href=\"css\/bootstrap.min.css\">\n\n\n<ul class=\"pagination\">\n\t    \n\t\n\n<li >\n\t<a href='?page_no=12436'>Previous<\/a>\n\t<\/li>\n\n\n       \n    \n\n<li><a href='?page_no=1'>1<\/a><\/li>\n\n\n\n<li><a href='?page_no=2'>2<\/a><\/li>\n\n\n\n<li><a>...<\/a><\/li>\n\n\n\n<li><a href='?page_no=12435'>12435<\/a><\/li>\n\n\n\n<li><a href='?page_no=12436'>12436<\/a><\/li>\n\n\n\n<li class='active'><a>12437<\/a><\/li>\n\n\n\n<li><a href='?page_no=12438'>12438<\/a><\/li>\n\n\n\n<li><a href='?page_no=12439'>12439<\/a><\/li>\n\n\n\n<li><a>...<\/a><\/li>\n\n\n\n<li><a href='?page_no=56169'>56169<\/a><\/li>\n\n\n\n<li><a href='?page_no=56170'>56170<\/a><\/li>\n\n    \n\t\n\n<li >\n\t<a href='?page_no=12438'>Next<\/a>\n\t<\/li>\n\n\n    \n\n<li><a href='?page_no=56170'>Last &rsaquo;&rsaquo;<\/a><\/li>\n\n<\/ul>\n\n\n--><br \/>\n<\/body><\/p>\n","protected":false},"excerpt":{"rendered":"<p>Valverde, Mao, R.D., 19 de julio.- El presidente de la Suprema Corte de Justicia y del Consejo del Poder Judicial (CPJ), doctor Mariano Germ\u00e1n Mej\u00eda, puso en funcionamiento este martes el Juzgado de Trabajo del Distrito Judicial de esta localidad. Asimismo, el magistrado encabez\u00f3 la apertura de la C\u00e1mara Civil y Comercial del Juzgado de [&hellip;]<\/p>\n","protected":false},"author":3,"featured_media":0,"comment_status":"open","ping_status":"open","sticky":false,"template":"","format":"standard","meta":{"footnotes":""},"categories":[20],"tags":[],"class_list":["post-217968","post","type-post","status-publish","format-standard","hentry","category-dominicana-hoy"],"_links":{"self":[{"href":"https:\/\/diariodominicano.com\/index.php?rest_route=\/wp\/v2\/posts\/217968","targetHints":{"allow":["GET"]}}],"collection":[{"href":"https:\/\/diariodominicano.com\/index.php?rest_route=\/wp\/v2\/posts"}],"about":[{"href":"https:\/\/diariodominicano.com\/index.php?rest_route=\/wp\/v2\/types\/post"}],"author":[{"embeddable":true,"href":"https:\/\/diariodominicano.com\/index.php?rest_route=\/wp\/v2\/users\/3"}],"replies":[{"embeddable":true,"href":"https:\/\/diariodominicano.com\/index.php?rest_route=%2Fwp%2Fv2%2Fcomments&post=217968"}],"version-history":[{"count":0,"href":"https:\/\/diariodominicano.com\/index.php?rest_route=\/wp\/v2\/posts\/217968\/revisions"}],"wp:attachment":[{"href":"https:\/\/diariodominicano.com\/index.php?rest_route=%2Fwp%2Fv2%2Fmedia&parent=217968"}],"wp:term":[{"taxonomy":"category","embeddable":true,"href":"https:\/\/diariodominicano.com\/index.php?rest_route=%2Fwp%2Fv2%2Fcategories&post=217968"},{"taxonomy":"post_tag","embeddable":true,"href":"https:\/\/diariodominicano.com\/index.php?rest_route=%2Fwp%2Fv2%2Ftags&post=217968"}],"curies":[{"name":"wp","href":"https:\/\/api.w.org\/{rel}","templated":true}]}}