{"id":217967,"date":"2016-07-19T14:31:55","date_gmt":"2016-07-19T14:31:55","guid":{"rendered":"http:\/\/diariodominicano.ddns.net\/?p=217967"},"modified":"2016-07-19T14:31:55","modified_gmt":"2016-07-19T14:31:55","slug":"primera-dama-firma-con-taiwan-convenio-fortalece-politicas-de-inclusion","status":"publish","type":"post","link":"https:\/\/diariodominicano.com\/?p=217967","title":{"rendered":"Primera Dama firma con Taiw\u00e1n convenio fortalece pol\u00edticas de inclusi\u00f3n"},"content":{"rendered":"<p><body><\/p>\n<p><img decoding=\"async\" src=\"img3\/7417e599-5c68-491b-b2de-533ca49ac679.jpg\" \/><br \/><img decoding=\"async\" src=\"img3\/c5f04cf8-e939-432c-93a3-4127a8877eaf.jpg\" \/>  <\/p>\n<p><span class=\"text1noticias\">Santo Domingo, R.D., 19 de julio.- El Despacho de la Primera Dama de la Rep\u00fablica, la Embajada de la Rep\u00fablica de China (Taiw\u00e1n) en el pa\u00eds  y la Fundaci\u00f3n ASUS, suscribieron un acuerdo de donaci\u00f3n y cooperaci\u00f3n para fortalecer las pol\u00edticas de inclusi\u00f3n social a trav\u00e9s de la ense\u00f1anza digital.<\/span><\/p>\n<p><span class=\"text1noticias\"> <\/span><\/p>\n<p><span class=\"text1noticias\">El convenio fue rubricado por la Primera Dama C\u00e1ndida Montilla de Medina; el embajador de la Rep\u00fablica de China (Taiw\u00e1n), Valentino Ji Zen Tang y el representante para Centroam\u00e9rica de la Fundaci\u00f3n ASUS, Thomas Chao.<\/span><\/p>\n<p><span class=\"text1noticias\"> <\/span><\/p>\n<p><span class=\"text1noticias\">Este acuerdo constituye un nuevo apoyo a los ni\u00f1os con necesidades especiales que reciben atenci\u00f3n en el Centro de Atenci\u00f3n Integral para la Discapacidad (CAID).<\/span><\/p>\n<p><span class=\"text1noticias\"> <\/span><\/p>\n<p><span class=\"text1noticias\">En virtud de este convenio, en el CAID operar\u00e1 un Centro de E-Learning (Aprendizaje Electr\u00f3nico), con la donaci\u00f3n de computadoras al Despacho de la Primera Dama por parte de la Fundaci\u00f3n ASUS.<\/span><\/p>\n<p><span class=\"text1noticias\"> <\/span><\/p>\n<p><span class=\"text1noticias\">Las primeras donaciones han sido destinadas al CAID- Santiago, el cual fue visitado por el embajador Ji Zen Tang y el representante de ASUS, Thomas Chao, al d\u00eda siguiente de la firma del convenio, que se llev\u00f3 a cabo en el Sal\u00f3n Galer\u00eda Primeras Damas, en la sede principal del Despacho.<\/span><\/p>\n<p><span class=\"text1noticias\"> <\/span><\/p>\n<p><span class=\"text1noticias\">Los visitantes al CAID-Santiago recorrieron sus instalaciones, acompa\u00f1ados de funcionarios de esa instituci\u00f3n, encabezados por su director, Guillermo Angeles Fern\u00e1ndez, quien explic\u00f3 detalladamente el funcionamiento de ese centro, principal proyecto del Despacho de la Primera Dama Montilla de Medina. <\/span><\/p>\n<p><span class=\"text1noticias\"> <\/span><\/p>\n<p><span class=\"text1noticias\">El embajador Valentino Ji Zen Tang destac\u00f3 que \u00abeste acuerdo encaja dentro de la agenda digital propuesta por el Gobierno del presidente Danilo Medina para el periodo 2016-2020, que acelerar\u00e1 el proceso de desarrollo sostenible del pa\u00eds mediante el uso de la tecnolog\u00eda y la inclusi\u00f3n digital, para generar m\u00e1s empleo, conocimiento y tecnolog\u00eda\u00bb.<\/span><\/p>\n<p><span class=\"text1noticias\"> <\/span><\/p>\n<p><span class=\"text1noticias\">Dijo, adem\u00e1s, que a trav\u00e9s del uso de los ordenadores, los ni\u00f1os con habilidades diferentes que acuden al CAID tendr\u00e1n mayor interacci\u00f3n y podr\u00e1n desarrollar sus capacidades, mientas se cierra la brecha digital para que todos los ni\u00f1os tengan igual oportunidad de desarrollo.<\/span><\/p>\n<p><span class=\"text1noticias\"> <\/span><\/p>\n<p><span class=\"text1noticias\">De su lado, la Coordinadora T\u00e9cnica del Despacho de la Primera Dama, Martha Rodriguez de B\u00e1ez, expres\u00f3 que  para esa instituci\u00f3n de servicios a favor de los  m\u00e1s necesitados es un d\u00eda de regocijo, porque una vez m\u00e1s los amigos y hermanos de la Rep\u00fablica de China (Taiw\u00e1n) han cre\u00eddo en los proyectos que desarrolla Montilla de Medina.<\/span><\/p>\n<h6> 2016-07-19 14:31:55 <\/h6>\n<p><!--\n<link rel=\"stylesheet\" href=\"css\/bootstrap.min.css\">\n\n\n<ul class=\"pagination\">\n\t    \n\t\n\n<li >\n\t<a href='?page_no=12435'>Previous<\/a>\n\t<\/li>\n\n\n       \n    \n\n<li><a href='?page_no=1'>1<\/a><\/li>\n\n\n\n<li><a href='?page_no=2'>2<\/a><\/li>\n\n\n\n<li><a>...<\/a><\/li>\n\n\n\n<li><a href='?page_no=12434'>12434<\/a><\/li>\n\n\n\n<li><a href='?page_no=12435'>12435<\/a><\/li>\n\n\n\n<li class='active'><a>12436<\/a><\/li>\n\n\n\n<li><a href='?page_no=12437'>12437<\/a><\/li>\n\n\n\n<li><a href='?page_no=12438'>12438<\/a><\/li>\n\n\n\n<li><a>...<\/a><\/li>\n\n\n\n<li><a href='?page_no=56169'>56169<\/a><\/li>\n\n\n\n<li><a href='?page_no=56170'>56170<\/a><\/li>\n\n    \n\t\n\n<li >\n\t<a href='?page_no=12437'>Next<\/a>\n\t<\/li>\n\n\n    \n\n<li><a href='?page_no=56170'>Last &rsaquo;&rsaquo;<\/a><\/li>\n\n<\/ul>\n\n\n--><br \/>\n<\/body><\/p>\n","protected":false},"excerpt":{"rendered":"<p>Santo Domingo, R.D., 19 de julio.- El Despacho de la Primera Dama de la Rep\u00fablica, la Embajada de la Rep\u00fablica de China (Taiw\u00e1n) en el pa\u00eds y la Fundaci\u00f3n ASUS, suscribieron un acuerdo de donaci\u00f3n y cooperaci\u00f3n para fortalecer las pol\u00edticas de inclusi\u00f3n social a trav\u00e9s de la ense\u00f1anza digital. El convenio fue rubricado por [&hellip;]<\/p>\n","protected":false},"author":3,"featured_media":0,"comment_status":"open","ping_status":"open","sticky":false,"template":"","format":"standard","meta":{"footnotes":""},"categories":[20],"tags":[],"class_list":["post-217967","post","type-post","status-publish","format-standard","hentry","category-dominicana-hoy"],"_links":{"self":[{"href":"https:\/\/diariodominicano.com\/index.php?rest_route=\/wp\/v2\/posts\/217967","targetHints":{"allow":["GET"]}}],"collection":[{"href":"https:\/\/diariodominicano.com\/index.php?rest_route=\/wp\/v2\/posts"}],"about":[{"href":"https:\/\/diariodominicano.com\/index.php?rest_route=\/wp\/v2\/types\/post"}],"author":[{"embeddable":true,"href":"https:\/\/diariodominicano.com\/index.php?rest_route=\/wp\/v2\/users\/3"}],"replies":[{"embeddable":true,"href":"https:\/\/diariodominicano.com\/index.php?rest_route=%2Fwp%2Fv2%2Fcomments&post=217967"}],"version-history":[{"count":0,"href":"https:\/\/diariodominicano.com\/index.php?rest_route=\/wp\/v2\/posts\/217967\/revisions"}],"wp:attachment":[{"href":"https:\/\/diariodominicano.com\/index.php?rest_route=%2Fwp%2Fv2%2Fmedia&parent=217967"}],"wp:term":[{"taxonomy":"category","embeddable":true,"href":"https:\/\/diariodominicano.com\/index.php?rest_route=%2Fwp%2Fv2%2Fcategories&post=217967"},{"taxonomy":"post_tag","embeddable":true,"href":"https:\/\/diariodominicano.com\/index.php?rest_route=%2Fwp%2Fv2%2Ftags&post=217967"}],"curies":[{"name":"wp","href":"https:\/\/api.w.org\/{rel}","templated":true}]}}