{"id":217966,"date":"2016-07-19T14:43:45","date_gmt":"2016-07-19T14:43:45","guid":{"rendered":"http:\/\/diariodominicano.ddns.net\/?p=217966"},"modified":"2016-07-19T14:43:45","modified_gmt":"2016-07-19T14:43:45","slug":"diputado-del-pld-dice-transporte-requiere-legislacion-para-su-modernizacion","status":"publish","type":"post","link":"https:\/\/diariodominicano.com\/?p=217966","title":{"rendered":"&#13;Diputado del PLD dice Transporte requiere legislaci\u00f3n para su modernizaci\u00f3n."},"content":{"rendered":"<p><body><\/p>\n<p><img decoding=\"async\" src=\"img3\/2d4071c8-c2d1-483d-8ce4-32ab1d9d7671.jpg\" \/>  <\/p>\n<p><span class=\"text1noticias\">Santo Domingo, R.D., 19 de julio.- El reelecto diputado del Partido de la Liberaci\u00f3n Dominicana (PLD), Tob\u00edas Crespo,   reiter\u00f3 la necesidad de conocer  una ley de transporte, que   ponga final al obsoleto modelo de tr\u00e1nsito y transporte  existente en Rep\u00fablica Dominicana. <\/span><\/p>\n<p><span class=\"text1noticias\"> <\/span><\/p>\n<p><span class=\"text1noticias\">El  tambi\u00e9n miembro del Comit\u00e9 Central del PLD indic\u00f3 que la Ley de Movilidad, Transporte Terrestre, Tr\u00e1nsito y Seguridad Vial, en curso  en el Congreso,  engloba todas las actividades conexas del sector aportando un marco regulatorio y jur\u00eddico para que el sector pueda desarrollarse a mediano y largo plazo<\/span><\/p>\n<p><span class=\"text1noticias\"> <\/span><\/p>\n<p><span class=\"text1noticias\">\u00abTambi\u00e9n  va a establecer toda la pol\u00edtica p\u00fablica para la municipalidad\u00bb, adujo Crespo, quien ha venido trabajando el tema en su condici\u00f3n de congresistas y conocedor del tema.<\/span><\/p>\n<p><span class=\"text1noticias\"> <\/span><\/p>\n<p><span class=\"text1noticias\">Entrevistado en el canal 11, Crespo  denunci\u00f3 que no existe una ley de transporte todo lo que hasta ahora se ha desarrollado en el pa\u00eds ha sido por uso y costumbre, un ley que en marzo venidero cumple 51 a\u00f1os, record\u00f3<\/span><\/p>\n<p><span class=\"text1noticias\"> <\/span><\/p>\n<p><span class=\"text1noticias\">En ese sentido  el dirigente del PLD,  quien en la c\u00e1mara baja es el presidente de la Comisi\u00f3n Vial, al promover la nueva ley de tr\u00e1nsito  dijo que trata de una reforma institucional que unifica a diversas instituciones, muchas de las cuales carecen de Ley por haber surgido por decretos, coyunturas y proyectos espec\u00edficos de diferentes gestiones de gobierno.<\/span><\/p>\n<p><span class=\"text1noticias\"> <\/span><\/p>\n<p><span class=\"text1noticias\">\u00abEsta Ley transforma y moderniza la Ley 241, estableciendo mecanismos que no existen y que son incoherentes como por ejemplo establecer el cintur\u00f3n de seguridad para el transporte privado pero para el p\u00fablico NO\u00bb, expres\u00f3 el diputado pelede\u00edsta en la nota remitida por su partido a los medios por intermedio de la Secretaria de Comunicaciones.<\/span><\/p>\n<\/p>\n<h6> 2016-07-19 14:43:45 <\/h6>\n<p><!--\n<link rel=\"stylesheet\" href=\"css\/bootstrap.min.css\">\n\n\n<ul class=\"pagination\">\n\t    \n\t\n\n<li >\n\t<a href='?page_no=12434'>Previous<\/a>\n\t<\/li>\n\n\n       \n    \n\n<li><a href='?page_no=1'>1<\/a><\/li>\n\n\n\n<li><a href='?page_no=2'>2<\/a><\/li>\n\n\n\n<li><a>...<\/a><\/li>\n\n\n\n<li><a href='?page_no=12433'>12433<\/a><\/li>\n\n\n\n<li><a href='?page_no=12434'>12434<\/a><\/li>\n\n\n\n<li class='active'><a>12435<\/a><\/li>\n\n\n\n<li><a href='?page_no=12436'>12436<\/a><\/li>\n\n\n\n<li><a href='?page_no=12437'>12437<\/a><\/li>\n\n\n\n<li><a>...<\/a><\/li>\n\n\n\n<li><a href='?page_no=56169'>56169<\/a><\/li>\n\n\n\n<li><a href='?page_no=56170'>56170<\/a><\/li>\n\n    \n\t\n\n<li >\n\t<a href='?page_no=12436'>Next<\/a>\n\t<\/li>\n\n\n    \n\n<li><a href='?page_no=56170'>Last &rsaquo;&rsaquo;<\/a><\/li>\n\n<\/ul>\n\n\n--><br \/>\n<\/body><\/p>\n","protected":false},"excerpt":{"rendered":"<p>Santo Domingo, R.D., 19 de julio.- El reelecto diputado del Partido de la Liberaci\u00f3n Dominicana (PLD), Tob\u00edas Crespo, reiter\u00f3 la necesidad de conocer una ley de transporte, que ponga final al obsoleto modelo de tr\u00e1nsito y transporte existente en Rep\u00fablica Dominicana. El tambi\u00e9n miembro del Comit\u00e9 Central del PLD indic\u00f3 que la Ley de Movilidad, [&hellip;]<\/p>\n","protected":false},"author":3,"featured_media":0,"comment_status":"open","ping_status":"open","sticky":false,"template":"","format":"standard","meta":{"footnotes":""},"categories":[20],"tags":[],"class_list":["post-217966","post","type-post","status-publish","format-standard","hentry","category-dominicana-hoy"],"_links":{"self":[{"href":"https:\/\/diariodominicano.com\/index.php?rest_route=\/wp\/v2\/posts\/217966","targetHints":{"allow":["GET"]}}],"collection":[{"href":"https:\/\/diariodominicano.com\/index.php?rest_route=\/wp\/v2\/posts"}],"about":[{"href":"https:\/\/diariodominicano.com\/index.php?rest_route=\/wp\/v2\/types\/post"}],"author":[{"embeddable":true,"href":"https:\/\/diariodominicano.com\/index.php?rest_route=\/wp\/v2\/users\/3"}],"replies":[{"embeddable":true,"href":"https:\/\/diariodominicano.com\/index.php?rest_route=%2Fwp%2Fv2%2Fcomments&post=217966"}],"version-history":[{"count":0,"href":"https:\/\/diariodominicano.com\/index.php?rest_route=\/wp\/v2\/posts\/217966\/revisions"}],"wp:attachment":[{"href":"https:\/\/diariodominicano.com\/index.php?rest_route=%2Fwp%2Fv2%2Fmedia&parent=217966"}],"wp:term":[{"taxonomy":"category","embeddable":true,"href":"https:\/\/diariodominicano.com\/index.php?rest_route=%2Fwp%2Fv2%2Fcategories&post=217966"},{"taxonomy":"post_tag","embeddable":true,"href":"https:\/\/diariodominicano.com\/index.php?rest_route=%2Fwp%2Fv2%2Ftags&post=217966"}],"curies":[{"name":"wp","href":"https:\/\/api.w.org\/{rel}","templated":true}]}}