{"id":217965,"date":"2016-07-19T14:51:43","date_gmt":"2016-07-19T14:51:43","guid":{"rendered":"http:\/\/diariodominicano.ddns.net\/?p=217965"},"modified":"2016-07-19T14:51:43","modified_gmt":"2016-07-19T14:51:43","slug":"asamblea-nacional-proclama-al-presidente-danilo-medina-y-a-la-vicepresidenta-margarita-cedeno-de-fernandez","status":"publish","type":"post","link":"https:\/\/diariodominicano.com\/?p=217965","title":{"rendered":"Asamblea Nacional proclama al presidente Danilo Medina y a la vicepresidenta Margarita Cede\u00f1o de Fern\u00e1ndez"},"content":{"rendered":"<p><body><\/p>\n<p><img decoding=\"async\" src=\"http:\/\/10.0.0.82:8080\/img3\/fotoproclamaci%C3%83%C2%B3n.jpg\" \/><br \/><img decoding=\"async\" src=\"img3\/proclamacion2.jpg\" \/>  <\/p>\n<p> <strong><span class=\"text1noticias\">La proclama de la Asamblea Nacional se hizo como manda la Constituci\u00f3n de la Rep\u00fablica que establece en su art\u00edculo 120, numeral 2, que entre sus atribuciones est\u00e1 la de \u00abExaminar las actas de elecci\u00f3n de la Presidenta o Presidente y de la Vicepresidenta o Vicepresidente de la Rep\u00fablica\u00bb.<\/span><\/strong><\/p>\n<\/p>\n<p><strong><span class=\"text1noticias\">Santo Domingo, RD, 19 de julio de 2016.-<\/span><\/strong><span class=\"text1noticias\"> La  Asamblea Nacional proclam\u00f3 este martes a  Danilo Medina S\u00e1nchez, presidente de la Rep\u00fablica reelecto para el per\u00edodo 2016-2020 y  Margarita Cede\u00f1o de Fern\u00e1ndez, vicepresidenta de la Rep\u00fablica reelecta para el mismo per\u00edodo.  <\/span><\/p>\n<\/p>\n<p><strong><span class=\"text1noticias\">La proclama de la Asamblea Nacional se hizo como manda la Constituci\u00f3n de la Rep\u00fablica que establece en su art\u00edculo 120, numeral 2, que entre sus atribuciones est\u00e1 la de \u00abExaminar las actas de elecci\u00f3n de la Presidenta o Presidente y de la Vicepresidenta o Vicepresidente de la Rep\u00fablica\u00bb.<\/span><\/strong><\/p>\n<p><strong> <\/strong><\/p>\n<p><span class=\"text1noticias\">El numeral 3 del art\u00edculo 120 de la Constituci\u00f3n le confiere a la Asamblea Nacional la atribuci\u00f3n de \u00abProclamar a la o al Presidente y Vicepresidente de la Rep\u00fablica, recibirles su juramento y aceptar o rechazar sus renuncias\u00bb. <\/span><\/p>\n<\/p>\n<p><span class=\"text1noticias\">Los asambleistas tras concluir  la revisi\u00f3n de las actas  de elecci\u00f3n remitida por la Junta Central Electoral (JCE), procedieron a hacer la proclama.<\/span><\/p>\n<p><span class=\"text1noticias\"> <\/span><\/p>\n<p><span class=\"text1noticias\"> La  presencia de  25 senadores y 106 diputados hizo posible el qu\u00f3rum para constituir la Asamblea Nacional  para hacer la  proclamaci\u00f3n del presidente  y la vicepresidenta, tras conocer las certificaciones de la Junta Central Electoral (JCE) que los acredita como  Presidente reelecto y vicepresidenta reelecta.<\/span><\/p>\n<p><span class=\"text1noticias\"> <\/span><\/p>\n<p><span class=\"text1noticias\">Cristina  Lizardo, presidenta del Senado,  en su calidad de Presidenta de la   Asamblea Nacional, ley\u00f3 el Art\u00edculo 120 de la Constituci\u00f3n, para precisar  que el acto de este d\u00eda solo se limita  a la proclamaci\u00f3n porque la juramentaci\u00f3n se har\u00e1 el pr\u00f3ximo 16 de agosto; ceremonia que sigue bajo un protocolo tambi\u00e9n establecido por la Carta Magna.<\/span><\/p>\n<p><span class=\"text1noticias\"> <\/span><\/p>\n<p><span class=\"text1noticias\">Cristina Lizardo, quien tambi\u00e9n es integrante del Comit\u00e9 Pol\u00edtico del Partido de la Liberaci\u00f3n Dominicana (PLD)  ley\u00f3 el art\u00edculo 167 de la Constituci\u00f3n, y los art\u00edculos 76 y 77 del Reglamento de la Asamblea, para asegurar que se han respetado todos los plazos legales establecidos y los procedimientos ordenados.<\/span><\/p>\n<p><span class=\"text1noticias\"> <\/span><\/p>\n<p><span class=\"text1noticias\">Explic\u00f3 que corresponde a la Asamblea Nacional examinar las actas de elecci\u00f3n del presidente, presidenta o vicepresidente y vicepresidenta de la Rep\u00fablica, as\u00ed como proclamarlos, recibir el juramento o aceptar sus renuncias.<\/span><\/p>\n<p><span class=\"text1noticias\"> <\/span><\/p>\n<p><span class=\"text1noticias\">Previo a la Asamblea, la senadora de la provincia Santo Domingo declar\u00f3 a los representantes de los medios de comunicaci\u00f3n que las 16 mil actas correspondientes fueron aprobadas y firmadas por cada uno de los delegados pol\u00edticos en las Juntas Municipales Electorales.<\/span><\/p>\n<p><span class=\"text1noticias\"> <\/span><\/p>\n<p><span class=\"text1noticias\">\u00abEste es un proceso legitimado por la poblaci\u00f3n dominicana. Nunca se hab\u00edan revisado como lo contempla el reglamento\u00bb, expres\u00f3 Lizardo en alusi\u00f3n a la pulcritud de las pasadas elecciones.<\/span><\/p>\n<p><span class=\"text1noticias\"> <\/span><\/p>\n<p><span class=\"text1noticias\">Danilo Medina y  Margarita Cede\u00f1o de Fern\u00e1ndez, encabezaron la boleta del Partido de la Liberaci\u00f3n Dominicana y una catorce fuerzas aliadas ganando los comicios en la primera vuelta electoral  al obtener 62   por ciento de los votos emitidos en las elecciones presidenciales.<\/span><\/p>\n<p><span class=\"text1noticias\"> <\/span><\/p>\n<p><span class=\"text1noticias\">La reuni\u00f3n hizo una pausa  para que una comisi\u00f3n compuesta  por los congresistas   Abel Mart\u00ednez, Francis Emilio, Ram\u00f3n Rogelio Genao, Amable Aristy Castro, Luc\u00eda Medina, y  Elpidio B\u00e1ez entre otros, examinaran las actas.<\/span><\/p>\n<p><span class=\"text1noticias\">  <\/span><\/p>\n<p><span class=\"text1noticias\">La comisi\u00f3n encabezada por el presidente de la C\u00e1mara de Diputados, Abel Mart\u00ednez recomend\u00f3  proclamar como ganadores a Danilo Medina y a Margarita Cede\u00f1o de Fern\u00e1ndez.<\/span><\/p>\n<p><span class=\"text1noticias\"> <\/span><\/p>\n<p><span class=\"text1noticias\">El presidente Danilo Medina gan\u00f3 las elecciones presidenciales del pasado 15 de mayo con 62 por ciento de los votos. En las congresionales, el Partido de la Liberaci\u00f3n Dominicana obtuvo 30 senadores conjuntamente con el Bloque Progresista y en las municipales y las mayor\u00edas de las diputaciones y alcald\u00edas.<\/span><\/p>\n<p><span class=\"text1noticias\"> <\/span><\/p>\n<p><span class=\"text1noticias\">El  7 de julio \u00faltimo,  la Junta Central Electoral  entreg\u00f3 los certificados de elecci\u00f3n a Danilo Medina como presidente de la Rep\u00fablica, y a Margarita Cede\u00f1o de Fern\u00e1ndez como vicepresidenta, y envi\u00f3    copias a la  presidencia de la Asamblea Nacional para que proceda a realizar la proclamaci\u00f3n de las autoridades electas, acto que se realiz\u00f3 este martes. <\/span><\/p>\n<h6> 2016-07-19 14:51:43 <\/h6>\n<p><!--\n<link rel=\"stylesheet\" href=\"css\/bootstrap.min.css\">\n\n\n<ul class=\"pagination\">\n\t    \n\t\n\n<li >\n\t<a href='?page_no=12433'>Previous<\/a>\n\t<\/li>\n\n\n       \n    \n\n<li><a href='?page_no=1'>1<\/a><\/li>\n\n\n\n<li><a href='?page_no=2'>2<\/a><\/li>\n\n\n\n<li><a>...<\/a><\/li>\n\n\n\n<li><a href='?page_no=12432'>12432<\/a><\/li>\n\n\n\n<li><a href='?page_no=12433'>12433<\/a><\/li>\n\n\n\n<li class='active'><a>12434<\/a><\/li>\n\n\n\n<li><a href='?page_no=12435'>12435<\/a><\/li>\n\n\n\n<li><a href='?page_no=12436'>12436<\/a><\/li>\n\n\n\n<li><a>...<\/a><\/li>\n\n\n\n<li><a href='?page_no=56169'>56169<\/a><\/li>\n\n\n\n<li><a href='?page_no=56170'>56170<\/a><\/li>\n\n    \n\t\n\n<li >\n\t<a href='?page_no=12435'>Next<\/a>\n\t<\/li>\n\n\n    \n\n<li><a href='?page_no=56170'>Last &rsaquo;&rsaquo;<\/a><\/li>\n\n<\/ul>\n\n\n--><br \/>\n<\/body><\/p>\n","protected":false},"excerpt":{"rendered":"<p>La proclama de la Asamblea Nacional se hizo como manda la Constituci\u00f3n de la Rep\u00fablica que establece en su art\u00edculo 120, numeral 2, que entre sus atribuciones est\u00e1 la de \u00abExaminar las actas de elecci\u00f3n de la Presidenta o Presidente y de la Vicepresidenta o Vicepresidente de la Rep\u00fablica\u00bb. Santo Domingo, RD, 19 de julio [&hellip;]<\/p>\n","protected":false},"author":3,"featured_media":0,"comment_status":"open","ping_status":"open","sticky":false,"template":"","format":"standard","meta":{"footnotes":""},"categories":[20],"tags":[],"class_list":["post-217965","post","type-post","status-publish","format-standard","hentry","category-dominicana-hoy"],"_links":{"self":[{"href":"https:\/\/diariodominicano.com\/index.php?rest_route=\/wp\/v2\/posts\/217965","targetHints":{"allow":["GET"]}}],"collection":[{"href":"https:\/\/diariodominicano.com\/index.php?rest_route=\/wp\/v2\/posts"}],"about":[{"href":"https:\/\/diariodominicano.com\/index.php?rest_route=\/wp\/v2\/types\/post"}],"author":[{"embeddable":true,"href":"https:\/\/diariodominicano.com\/index.php?rest_route=\/wp\/v2\/users\/3"}],"replies":[{"embeddable":true,"href":"https:\/\/diariodominicano.com\/index.php?rest_route=%2Fwp%2Fv2%2Fcomments&post=217965"}],"version-history":[{"count":0,"href":"https:\/\/diariodominicano.com\/index.php?rest_route=\/wp\/v2\/posts\/217965\/revisions"}],"wp:attachment":[{"href":"https:\/\/diariodominicano.com\/index.php?rest_route=%2Fwp%2Fv2%2Fmedia&parent=217965"}],"wp:term":[{"taxonomy":"category","embeddable":true,"href":"https:\/\/diariodominicano.com\/index.php?rest_route=%2Fwp%2Fv2%2Fcategories&post=217965"},{"taxonomy":"post_tag","embeddable":true,"href":"https:\/\/diariodominicano.com\/index.php?rest_route=%2Fwp%2Fv2%2Ftags&post=217965"}],"curies":[{"name":"wp","href":"https:\/\/api.w.org\/{rel}","templated":true}]}}