{"id":217962,"date":"2016-07-19T16:27:41","date_gmt":"2016-07-19T16:27:41","guid":{"rendered":"http:\/\/diariodominicano.ddns.net\/?p=217962"},"modified":"2016-07-19T16:27:41","modified_gmt":"2016-07-19T16:27:41","slug":"anje-se-reune-con-director-general-de-la-policia-nacional","status":"publish","type":"post","link":"https:\/\/diariodominicano.com\/?p=217962","title":{"rendered":"ANJE se re\u00fane con director general de la polic\u00eda nacional"},"content":{"rendered":"<p><body><\/p>\n<p><img decoding=\"async\" src=\"img3\/c9707534-536a-4216-b213-994736843cc8.jpg\" \/>  <\/p>\n<p><span class=\"text1noticias\">Santo Domingo, R.D., 19 de julio.- En continuidad a las visitas programadas en el marco del proyecto \u00abReflejo de la Inseguridad Ciudadana en el Clima de Negocios\u00bb que desarrolla la Asociaci\u00f3n Nacional de J\u00f3venes Empresarios (ANJE), representantes de la Junta Directiva, visitaron ayer al Jefe de la Polic\u00eda Nacional, Mayor General Nelson Peguero Paredes, a fin de presentar la iniciativa y compartir su visi\u00f3n sobre el futuro de seguridad ciudadana dominicano. <\/span><\/p>\n<\/p>\n<p>Durante el encuentro el presidente de la Asociaci\u00f3n, Osvaldo Oller Bola\u00f1os, expres\u00f3 la posici\u00f3n de la Asociaci\u00f3n en desarrollar iniciativas en conjunto, aportando insumos de valor que encaminen ejecutorias que permitan transformar la Polic\u00eda Nacional y restablecer la confianza de la sociedad en los cuerpos policiales. En este mismo orden, felicit\u00f3 la iniciativa de la actual gesti\u00f3n del Jefe de la Polic\u00eda sobre la composici\u00f3n de su \u00abPlan Estrat\u00e9gico 2016-2020\u00bb, instrumento esencial para agenciar los cambios y transformaciones institucionales esperadas. <\/p>\n<\/p>\n<p>Tanto el Jefe de la Polic\u00eda, como el Presidente de ANJE, externaron su visi\u00f3n sobre la reci\u00e9n promulgada Ley Org\u00e1nica de la Polic\u00eda Nacional, que entre otros aspectos, pretende introducir cambios en la composici\u00f3n, estructura y profesionalizaci\u00f3n de los cuerpos policiales, lo que coincidieron debe estar acompa\u00f1ada de un involucramiento activo de la ciudadan\u00eda y un lineamiento desde los distintos estamentos gubernamentales de la visi\u00f3n que como pa\u00eds necesitamos de la polic\u00eda. <\/p>\n<\/p>\n<p>De igual forma, los Directivos de ANJE presentaron los objetivos principales del proyecto Reflejo de la Inseguridad Ciudadana en el Clima de Negocios la Asociaci\u00f3n, que entre otros aspectos busca identificar el impacto en t\u00e9rminos econ\u00f3micos de la inseguridad en las empresas; generar la discusi\u00f3n abierta y organizada del diagn\u00f3stico y resultados con actores claves involucrados; as\u00ed como, dise\u00f1ar propuestas de mejora o m\u00e9todos innovadores que puedan ser adoptados desde los sectores p\u00fablicos y privados. <\/p>\n<\/p>\n<p>Por parte de la Asociaci\u00f3n de esta reuni\u00f3n Osvaldo Oller Bola\u00f1os, Presidente de ANJE, Karina Mancebo Guerrero, Directora Ejecutiva y Radham\u00e9s Mart\u00ednez, Vicesecretario de la Junta y Coordinador de la Comisi\u00f3n de Justicia y Legislaci\u00f3n. Este y los pr\u00f3ximos encuentros, son parte de la agenda de visitas que los directivos de la Asociaci\u00f3n realizar\u00e1n a actores involucrados en el correcto funcionamiento del sistema de seguridad ciudadana, con el prop\u00f3sito de presentar los objetivos, temas de an\u00e1lisis e insumos, que ser\u00e1n levantados desde este proyecto que realiza ANJE, con el apoyo de FINJUS y auspicio de la USAID. <\/p>\n<h6> 2016-07-19 16:27:41 <\/h6>\n<p><!--\n<link rel=\"stylesheet\" href=\"css\/bootstrap.min.css\">\n\n\n<ul class=\"pagination\">\n\t    \n\t\n\n<li >\n\t<a href='?page_no=12430'>Previous<\/a>\n\t<\/li>\n\n\n       \n    \n\n<li><a href='?page_no=1'>1<\/a><\/li>\n\n\n\n<li><a href='?page_no=2'>2<\/a><\/li>\n\n\n\n<li><a>...<\/a><\/li>\n\n\n\n<li><a href='?page_no=12429'>12429<\/a><\/li>\n\n\n\n<li><a href='?page_no=12430'>12430<\/a><\/li>\n\n\n\n<li class='active'><a>12431<\/a><\/li>\n\n\n\n<li><a href='?page_no=12432'>12432<\/a><\/li>\n\n\n\n<li><a href='?page_no=12433'>12433<\/a><\/li>\n\n\n\n<li><a>...<\/a><\/li>\n\n\n\n<li><a href='?page_no=56169'>56169<\/a><\/li>\n\n\n\n<li><a href='?page_no=56170'>56170<\/a><\/li>\n\n    \n\t\n\n<li >\n\t<a href='?page_no=12432'>Next<\/a>\n\t<\/li>\n\n\n    \n\n<li><a href='?page_no=56170'>Last &rsaquo;&rsaquo;<\/a><\/li>\n\n<\/ul>\n\n\n--><br \/>\n<\/body><\/p>\n","protected":false},"excerpt":{"rendered":"<p>Santo Domingo, R.D., 19 de julio.- En continuidad a las visitas programadas en el marco del proyecto \u00abReflejo de la Inseguridad Ciudadana en el Clima de Negocios\u00bb que desarrolla la Asociaci\u00f3n Nacional de J\u00f3venes Empresarios (ANJE), representantes de la Junta Directiva, visitaron ayer al Jefe de la Polic\u00eda Nacional, Mayor General Nelson Peguero Paredes, a [&hellip;]<\/p>\n","protected":false},"author":3,"featured_media":0,"comment_status":"open","ping_status":"open","sticky":false,"template":"","format":"standard","meta":{"footnotes":""},"categories":[20],"tags":[],"class_list":["post-217962","post","type-post","status-publish","format-standard","hentry","category-dominicana-hoy"],"_links":{"self":[{"href":"https:\/\/diariodominicano.com\/index.php?rest_route=\/wp\/v2\/posts\/217962","targetHints":{"allow":["GET"]}}],"collection":[{"href":"https:\/\/diariodominicano.com\/index.php?rest_route=\/wp\/v2\/posts"}],"about":[{"href":"https:\/\/diariodominicano.com\/index.php?rest_route=\/wp\/v2\/types\/post"}],"author":[{"embeddable":true,"href":"https:\/\/diariodominicano.com\/index.php?rest_route=\/wp\/v2\/users\/3"}],"replies":[{"embeddable":true,"href":"https:\/\/diariodominicano.com\/index.php?rest_route=%2Fwp%2Fv2%2Fcomments&post=217962"}],"version-history":[{"count":0,"href":"https:\/\/diariodominicano.com\/index.php?rest_route=\/wp\/v2\/posts\/217962\/revisions"}],"wp:attachment":[{"href":"https:\/\/diariodominicano.com\/index.php?rest_route=%2Fwp%2Fv2%2Fmedia&parent=217962"}],"wp:term":[{"taxonomy":"category","embeddable":true,"href":"https:\/\/diariodominicano.com\/index.php?rest_route=%2Fwp%2Fv2%2Fcategories&post=217962"},{"taxonomy":"post_tag","embeddable":true,"href":"https:\/\/diariodominicano.com\/index.php?rest_route=%2Fwp%2Fv2%2Ftags&post=217962"}],"curies":[{"name":"wp","href":"https:\/\/api.w.org\/{rel}","templated":true}]}}