{"id":217959,"date":"2016-07-20T08:53:52","date_gmt":"2016-07-20T08:53:52","guid":{"rendered":"http:\/\/diariodominicano.ddns.net\/?p=217959"},"modified":"2016-07-20T08:53:52","modified_gmt":"2016-07-20T08:53:52","slug":"rd-entre-paises-con-mayor-avance-para-combatir-sequia","status":"publish","type":"post","link":"https:\/\/diariodominicano.com\/?p=217959","title":{"rendered":"RD entre pa\u00edses con mayor avance para combatir Sequ\u00eda"},"content":{"rendered":"<p><body><\/p>\n<p><img decoding=\"async\" src=\"img3\/agua 20-7.jpg\" \/>  <\/p>\n<p><span class=\"text1noticias\">Santo Domingo, R. D., 20 de julio.- La Comisi\u00f3n Nacional de Emergencias y La Plataforma de las Naciones Unidas de Informaci\u00f3n obtenida desde el Espacio para la Gesti\u00f3n de Desastres y Respuesta de Emergencias (ONU-SPIDER) de la Oficina de Asuntos del Espacio Ultraterrestre de las Naciones Unidas (UNOOSA) culminaron con \u00e9xito este martes la Reuni\u00f3n Regional de Expertos en Uso de la Informaci\u00f3n Satelital en Sistemas de Alerta Temprana con Enfoque en Sequ\u00eda.<\/span><\/p>\n<p><span class=\"text1noticias\"> <\/span><\/p>\n<p><span class=\"text1noticias\">La actividad fue encabezada por el presidente de la Comisi\u00f3n Nacional de Emergencias, Mayor General Rafael E. De Luna Pichirilo, ERD y la directora general de UNOOSA y Asesora del Secretario General de la ONU sobre el Uso de la Informaci\u00f3n del Espacio con fines Pac\u00edficos Se\u00f1ora Simonetta Di Pippo.<\/span><\/p>\n<p><span class=\"text1noticias\"> <\/span><\/p>\n<p><span class=\"text1noticias\">Durante la reuni\u00f3n se conocieron los avances del  proyecto de Fortalecimiento de Sistemas de Alerta Temprana con Enfoque en Sequ\u00eda (FOSAT-S), que se  desarrolla en Guatemala, el Salvador, Honduras y Rep\u00fablica Dominicana y que tiene como objetivo  promover el uso de tecnolog\u00edas espaciales en este contexto de sistemas de alerta temprana.<\/span><\/p>\n<p><span class=\"text1noticias\"> <\/span><\/p>\n<p><span class=\"text1noticias\">En la Reuni\u00f3n Regional de Expertos en la que participaron representantes de pa\u00edses del Caribe, Centroam\u00e9rica, Sudam\u00e9rica y Europa, se dieron a conocer los avances alcanzados por  el pa\u00eds,  para hacer m\u00e1s efectivo el combate a la sequ\u00eda.<\/span><\/p>\n<p><span class=\"text1noticias\"> <\/span><\/p>\n<p><span class=\"text1noticias\">Se presentaron los resultados de las zonas afectadas por la sequ\u00eda en el a\u00f1o 2015 en base a im\u00e1genes satelitales,  trabajos de campo realizados en las zonas de bananos de Azua y Monte Cristi, donde se pudo apreciar la zona de afectaci\u00f3n por la sequ\u00eda, la misma arrojo como resultados que en la zona alta la sequ\u00eda fue m\u00e1s fuerte, lo que provoc\u00f3 una disminuci\u00f3n en la disponibilidad de agua de los sistemas de riego y afecto las presas.<\/span><\/p>\n<p><span class=\"text1noticias\"> <\/span><\/p>\n<p><span class=\"text1noticias\"> Estos resultados permiten priorizar la respuesta para llevar ayuda a los m\u00e1s afectados por el fen\u00f3meno de la sequ\u00eda.<\/span><\/p>\n<p><span class=\"text1noticias\">Se hicieron siete (7) mapas de amenaza de sequ\u00eda, un mapa por escuela, que de igual forma servir\u00e1 para priorizar zonas m\u00e1s afectadas, se capacitaron a 10 instructores en elaborar mapas de sequ\u00eda en el pa\u00eds y ellos a su vez capacitaran  a setenta (70) t\u00e9cnicos del EIGEO.  <\/span><\/p>\n<p><span class=\"text1noticias\"> <\/span><\/p>\n<p><span class=\"text1noticias\">Adem\u00e1s, se presentaron los trabajos realizados por la Comisi\u00f3n Nacional de Emergencias en pos de implementar el Sistema Integrado Nacional de Informaci\u00f3n(SINI) para la Gesti\u00f3n de Riesgos en la Rep\u00fablica Dominicana y la institucionalizaci\u00f3n y fortalecimiento del Equipo de Informaci\u00f3n Geoespacial (EIGEO).<\/span><\/p>\n<p><span class=\"text1noticias\"> <\/span><\/p>\n<p><span class=\"text1noticias\">El presidente de la Comisi\u00f3n Nacional de Emergencias, Mayor General Rafael Emilio De Luna Pichirilo, ponder\u00f3 los avances alcanzados por el pa\u00eds en materia de Sequ\u00eda, al tiempo que dijo que \u00abRep\u00fablica Dominicana asumir\u00e1 el compromiso de seguir fortaleciendo los sistemas de Alerta Temprana\u00bb <\/span><\/p>\n<p><span class=\"text1noticias\"> <\/span><\/p>\n<p><span class=\"text1noticias\">Inform\u00f3 adem\u00e1s que el Equipo de Informaci\u00f3n Geoespacial de la Comisi\u00f3n Nacional de Emergencias iniciar\u00e1 este mi\u00e9rcoles 20 un entrenamiento sobre metodolog\u00edas para el procesamiento de productos compuestos del sensor MODIS (sat\u00e9lite)  para \u00edndices de sequ\u00eda, impartido por catedr\u00e1ticos  de la Universidad Federal Santa Mar\u00eda de Brasil, del Instituto Geogr\u00e1fico Agust\u00edn Codazzi y de la Plataforma de las Naciones Unidas de Informaci\u00f3n obtenida desde el Espacio para la Gesti\u00f3n de Desastres y Respuesta de Emergencia  (ONU-SPIDER).<\/span><\/p>\n<p><span class=\"text1noticias\"> <\/span><\/p>\n<p><span class=\"text1noticias\">Con este entrenamiento el EIGEO tendr\u00e1 una mayor preparaci\u00f3n en el uso de tecnolog\u00eda Geoespacial, para generar productos que puedan servir como herramienta para hacer frente al fen\u00f3meno de la sequ\u00eda, lo que servir\u00e1 para mejoras en sectores importantes como el a<\/span>gr\u00edcola<\/p>\n<\/p>\n<h6> 2016-07-20 08:53:52 <\/h6>\n<p><!--\n<link rel=\"stylesheet\" href=\"css\/bootstrap.min.css\">\n\n\n<ul class=\"pagination\">\n\t    \n\t\n\n<li >\n\t<a href='?page_no=12428'>Previous<\/a>\n\t<\/li>\n\n\n       \n    \n\n<li><a href='?page_no=1'>1<\/a><\/li>\n\n\n\n<li><a href='?page_no=2'>2<\/a><\/li>\n\n\n\n<li><a>...<\/a><\/li>\n\n\n\n<li><a href='?page_no=12427'>12427<\/a><\/li>\n\n\n\n<li><a href='?page_no=12428'>12428<\/a><\/li>\n\n\n\n<li class='active'><a>12429<\/a><\/li>\n\n\n\n<li><a href='?page_no=12430'>12430<\/a><\/li>\n\n\n\n<li><a href='?page_no=12431'>12431<\/a><\/li>\n\n\n\n<li><a>...<\/a><\/li>\n\n\n\n<li><a href='?page_no=56169'>56169<\/a><\/li>\n\n\n\n<li><a href='?page_no=56170'>56170<\/a><\/li>\n\n    \n\t\n\n<li >\n\t<a href='?page_no=12430'>Next<\/a>\n\t<\/li>\n\n\n    \n\n<li><a href='?page_no=56170'>Last &rsaquo;&rsaquo;<\/a><\/li>\n\n<\/ul>\n\n\n--><br \/>\n<\/body><\/p>\n","protected":false},"excerpt":{"rendered":"<p>Santo Domingo, R. D., 20 de julio.- La Comisi\u00f3n Nacional de Emergencias y La Plataforma de las Naciones Unidas de Informaci\u00f3n obtenida desde el Espacio para la Gesti\u00f3n de Desastres y Respuesta de Emergencias (ONU-SPIDER) de la Oficina de Asuntos del Espacio Ultraterrestre de las Naciones Unidas (UNOOSA) culminaron con \u00e9xito este martes la Reuni\u00f3n [&hellip;]<\/p>\n","protected":false},"author":3,"featured_media":0,"comment_status":"open","ping_status":"open","sticky":false,"template":"","format":"standard","meta":{"footnotes":""},"categories":[20],"tags":[],"class_list":["post-217959","post","type-post","status-publish","format-standard","hentry","category-dominicana-hoy"],"_links":{"self":[{"href":"https:\/\/diariodominicano.com\/index.php?rest_route=\/wp\/v2\/posts\/217959","targetHints":{"allow":["GET"]}}],"collection":[{"href":"https:\/\/diariodominicano.com\/index.php?rest_route=\/wp\/v2\/posts"}],"about":[{"href":"https:\/\/diariodominicano.com\/index.php?rest_route=\/wp\/v2\/types\/post"}],"author":[{"embeddable":true,"href":"https:\/\/diariodominicano.com\/index.php?rest_route=\/wp\/v2\/users\/3"}],"replies":[{"embeddable":true,"href":"https:\/\/diariodominicano.com\/index.php?rest_route=%2Fwp%2Fv2%2Fcomments&post=217959"}],"version-history":[{"count":0,"href":"https:\/\/diariodominicano.com\/index.php?rest_route=\/wp\/v2\/posts\/217959\/revisions"}],"wp:attachment":[{"href":"https:\/\/diariodominicano.com\/index.php?rest_route=%2Fwp%2Fv2%2Fmedia&parent=217959"}],"wp:term":[{"taxonomy":"category","embeddable":true,"href":"https:\/\/diariodominicano.com\/index.php?rest_route=%2Fwp%2Fv2%2Fcategories&post=217959"},{"taxonomy":"post_tag","embeddable":true,"href":"https:\/\/diariodominicano.com\/index.php?rest_route=%2Fwp%2Fv2%2Ftags&post=217959"}],"curies":[{"name":"wp","href":"https:\/\/api.w.org\/{rel}","templated":true}]}}