{"id":217958,"date":"2016-07-20T09:04:39","date_gmt":"2016-07-20T09:04:39","guid":{"rendered":"http:\/\/diariodominicano.ddns.net\/?p=217958"},"modified":"2016-07-20T09:04:39","modified_gmt":"2016-07-20T09:04:39","slug":"tres-nuevos-planteles-y-una-biblioteca-para-la-revolucion-educativa","status":"publish","type":"post","link":"https:\/\/diariodominicano.com\/?p=217958","title":{"rendered":"Tres nuevos planteles y una biblioteca para la Revoluci\u00f3n Educativa"},"content":{"rendered":"<p><body><\/p>\n<p><img decoding=\"async\" src=\"img3\/Escielas20-7.jpg\" \/><br \/><img decoding=\"async\" src=\"img3\/Escuerabara20-7.jpg\" \/>  <\/p>\n<p>Barahona, R. D., 20 de julio (DICOM).-  La comunidad educativa de Barahona estrena este martes tres nuevos planteles educativos y una amplia biblioteca que integran en su conjunto 65 nuevas aulas a la Jornada Escolar Extendida.<\/p>\n<\/p>\n<p>A partir de dos liceos y un escuela, centros inaugurados por el presidente Danilo Medina, son 1,995 estudiantes que para el venidero a\u00f1o escolar comenzar\u00e1n a recibir las bondades de la Revoluci\u00f3n Educativa.<\/p>\n<\/p>\n<p>Polit\u00e9cnico en artes<\/p>\n<\/p>\n<p>Entre los centros escolares puestos en funcionamiento por el jefe de Estado est\u00e1 el polit\u00e9cnico en modalidad en arte maestro Ram\u00f3n Oviedo, que con su 30 aulas matricular\u00e1 a 910 alumnos del sector Palmarito.<\/p>\n<\/p>\n<p>El plantel especializado consta de dos laboratorios de ciencias, laboratorio de inform\u00e1tica, biblioteca, espacios administrativos, salones diversos, cocina, comedor y cancha mixta.<\/p>\n<\/p>\n<p>Cabral y Vicente Noble<\/p>\n<\/p>\n<p>Los estudiantes de Cabral recibieron el liceo profesora Carmen Marte Denin que posee 22 aulas para 665 alumnos, as\u00ed como laboratorio de ciencia, de inform\u00e1tica, biblioteca, espacios diversos, enfermer\u00eda, cocina, comedor y cancha.<\/p>\n<\/p>\n<p>Para Vicente Noble, y desde el mismo acto, fue inaugurada la escuela Ram\u00f3n Mat\u00edas Mella, de 13 aulas para 420 educando del sector El Higuito.  El plantel posee aula de inicial, rinc\u00f3n tecnol\u00f3gico, biblioteca, enfermer\u00eda, plaza c\u00edvica y cancha.<\/p>\n<\/p>\n<p>Un centro oportuno para desarrollar el talento<\/p>\n<\/p>\n<p>En sus palabras de agradecimiento, Ruth Gonz\u00e1lez Morillo, estudiante de segundo grado de media, sostuvo que el centro inaugurado es oportuno para el desarrollo del talento de los j\u00f3venes de la provincia apasionados por la m\u00fasica, el teatro, la danza, artes visuales y las artes pl\u00e1sticas.<\/p>\n<\/p>\n<p>La estudiante signific\u00f3 que mediante el nuevo centro los j\u00f3venes de los 52 barrios del municipio de Barahona podr\u00e1n cultivar sus aptitudes y posibilidades para convertirse en el ma\u00f1ana en grandes artistas.<\/p>\n<\/p>\n<\/p>\n<p>Los ni\u00f1os han cambiado su sonrisa y su semblanza<\/p>\n<\/p>\n<p>Al bendecir la obra, el padre Rony Stephan, de la Parroquia Cristo Rey, se\u00f1al\u00f3 que gracias a la Jornada Escolar Extendida los ni\u00f1os de Barahona han cambiado su sonrisa y su semblanza, al tiempo de destacar y agradecer el gran aporte y la firme y decidida voluntad del gobernante a favor de la educaci\u00f3n dominicana.<\/p>\n<\/p>\n<p>Gobierno no escatima esfuerzo para la educaci\u00f3n<\/p>\n<\/p>\n<p>En el discurso central de la ceremonia, Carlos Amarante Baret, ministro de Educaci\u00f3n, precis\u00f3 que el Gobierno del presidente Danilo Medina no escatima esfuerzos econ\u00f3micos para lograr a trav\u00e9s de una mejor educaci\u00f3n, una sociedad m\u00e1s justa y m\u00e1s equitativa.<\/p>\n<\/p>\n<p>Destac\u00f3 que mediante el bachillerato en artes, la educaci\u00f3n p\u00fablica le brinda la oportunidad a los j\u00f3venes de desarrollar sus talentos art\u00edsticos y a la vez, ofrece una herramienta para que en el futuro puedan trabajar.<\/p>\n<\/p>\n<p>Rep\u00fablica Digital<\/p>\n<\/p>\n<p>Asimismo, el funcionario adelant\u00f3 que para el a\u00f1o escolar venidero los estudiantes y maestros contar\u00e1n con una nueva herramienta que contribuir\u00e1 a elevar su calidad de ense\u00f1anza y de aprendizaje, mediante la Rep\u00fablica Digital que otorgar\u00e1 una computadora a educandos y educadores.<\/p>\n<\/p>\n<p>Un presidente comprometido con su pueblo<\/p>\n<\/p>\n<p>Gonzalo Castillo, ministro de Obras P\u00fablicas, tambi\u00e9n se dirigi\u00f3 a los presentes, destacando que los planteles inaugurados hoy son una muestra del gran compromiso del presidente Danilo Medina por el desarrollo de su pueblo, d\u00e1ndoles oportunidad a los ni\u00f1os de disfrutar una educaci\u00f3n de calidad.<\/p>\n<\/p>\n<p>Se traslada a Ucateba<\/p>\n<\/p>\n<p>Luego el jefe de Estado se traslad\u00f3 a la Universidad Cat\u00f3lica Tecnol\u00f3gica de Barahona, donde entreg\u00f3 a los estudiantes la moderna y amplia biblioteca central monse\u00f1or Fabio Mamerto Rivas, as\u00ed como un sal\u00f3n multiuso.<\/p>\n<\/p>\n<p>All\u00ed el rector de la universidad, padre Cecilio Espinal, dijo que los directivos del centro y los m\u00e1s de cinco mil estudiantes se regocijan al recibir esta universidad que servir\u00e1 como herramienta para el aprendizaje de la familia universitaria.<\/p>\n<\/p>\n<p>Un ambiente acogedor<\/p>\n<\/p>\n<p>Mientras que Trini Rom\u00e1n Matos, estudiante universitaria, dijo que la biblioteca consolida el esp\u00edritu formador y acad\u00e9mico de la casa de estudios, brindando un ambiente acogedor y tranquilo donde los estudiantes tendr\u00e1n oportunidad de tener acceso a la nuevas tecnolog\u00edas.<\/p>\n<\/p>\n<p>Tras el corte de cinta, Danilo Medina y las autoridades de la academia recorrieron la nueva biblioteca y el sal\u00f3n multiuso.<\/p>\n<\/p>\n<p>Sembrando de escuela a Barahona<\/p>\n<\/p>\n<p>En toda la provincia de Barahona el Gobierno ha inaugurado 40 nuevos planteles educativos que suman 576 aulas para una matr\u00edcula de 17,900 estudiantes.  De estos centros 19 est\u00e1n ubicados en el municipio de Barahona y benefician a 8,995 alumnos.<\/p>\n<\/p>\n<p>En la provincia sure\u00f1a 99 escuelas operan bajo el modelo de Jornada Escolar Extendida, beneficiando a una totalidad de 36,630 alumnos que reciben desayuno, comida, merienda y una jornada de ocho horas de clase.<\/p>\n<\/p>\n<p>Estuvieron presentes, Jos\u00e9 Manuel del Castillo, ministro de Industria y Comercio; Pedro Pe\u00f1a Rubio, gobernador de la provincia; Eddy Mateo V\u00e1squez, senador y los asistentes especiales del Presidente, Carlos Pared P\u00e9rez y Robert de la Cruz.<\/p>\n<\/p>\n<p>Tambi\u00e9n Octavio Suberv\u00ed N\u00edn, alcalde, los diputados  Mariano Montero Vallejo, Aquiles Ledesma y Fabio Vargas, asimismo Ram\u00f3n L\u00f3pez, director  Regional de Educaci\u00f3n; Ram\u00f3n L\u00f3pez, encargado docente de la gesti\u00f3n Institucional Modalidad En Arte; Lipson Santana P\u00e9rez, director  del centro.<\/p>\n<h6> 2016-07-20 09:04:39 <\/h6>\n<p><!--\n<link rel=\"stylesheet\" href=\"css\/bootstrap.min.css\">\n\n\n<ul class=\"pagination\">\n\t    \n\t\n\n<li >\n\t<a href='?page_no=12427'>Previous<\/a>\n\t<\/li>\n\n\n       \n    \n\n<li><a href='?page_no=1'>1<\/a><\/li>\n\n\n\n<li><a href='?page_no=2'>2<\/a><\/li>\n\n\n\n<li><a>...<\/a><\/li>\n\n\n\n<li><a href='?page_no=12426'>12426<\/a><\/li>\n\n\n\n<li><a href='?page_no=12427'>12427<\/a><\/li>\n\n\n\n<li class='active'><a>12428<\/a><\/li>\n\n\n\n<li><a href='?page_no=12429'>12429<\/a><\/li>\n\n\n\n<li><a href='?page_no=12430'>12430<\/a><\/li>\n\n\n\n<li><a>...<\/a><\/li>\n\n\n\n<li><a href='?page_no=56169'>56169<\/a><\/li>\n\n\n\n<li><a href='?page_no=56170'>56170<\/a><\/li>\n\n    \n\t\n\n<li >\n\t<a href='?page_no=12429'>Next<\/a>\n\t<\/li>\n\n\n    \n\n<li><a href='?page_no=56170'>Last &rsaquo;&rsaquo;<\/a><\/li>\n\n<\/ul>\n\n\n--><br \/>\n<\/body><\/p>\n","protected":false},"excerpt":{"rendered":"<p>Barahona, R. D., 20 de julio (DICOM).- La comunidad educativa de Barahona estrena este martes tres nuevos planteles educativos y una amplia biblioteca que integran en su conjunto 65 nuevas aulas a la Jornada Escolar Extendida. A partir de dos liceos y un escuela, centros inaugurados por el presidente Danilo Medina, son 1,995 estudiantes que [&hellip;]<\/p>\n","protected":false},"author":3,"featured_media":0,"comment_status":"open","ping_status":"open","sticky":false,"template":"","format":"standard","meta":{"footnotes":""},"categories":[20],"tags":[],"class_list":["post-217958","post","type-post","status-publish","format-standard","hentry","category-dominicana-hoy"],"_links":{"self":[{"href":"https:\/\/diariodominicano.com\/index.php?rest_route=\/wp\/v2\/posts\/217958","targetHints":{"allow":["GET"]}}],"collection":[{"href":"https:\/\/diariodominicano.com\/index.php?rest_route=\/wp\/v2\/posts"}],"about":[{"href":"https:\/\/diariodominicano.com\/index.php?rest_route=\/wp\/v2\/types\/post"}],"author":[{"embeddable":true,"href":"https:\/\/diariodominicano.com\/index.php?rest_route=\/wp\/v2\/users\/3"}],"replies":[{"embeddable":true,"href":"https:\/\/diariodominicano.com\/index.php?rest_route=%2Fwp%2Fv2%2Fcomments&post=217958"}],"version-history":[{"count":0,"href":"https:\/\/diariodominicano.com\/index.php?rest_route=\/wp\/v2\/posts\/217958\/revisions"}],"wp:attachment":[{"href":"https:\/\/diariodominicano.com\/index.php?rest_route=%2Fwp%2Fv2%2Fmedia&parent=217958"}],"wp:term":[{"taxonomy":"category","embeddable":true,"href":"https:\/\/diariodominicano.com\/index.php?rest_route=%2Fwp%2Fv2%2Fcategories&post=217958"},{"taxonomy":"post_tag","embeddable":true,"href":"https:\/\/diariodominicano.com\/index.php?rest_route=%2Fwp%2Fv2%2Ftags&post=217958"}],"curies":[{"name":"wp","href":"https:\/\/api.w.org\/{rel}","templated":true}]}}