{"id":217957,"date":"2016-07-20T10:06:02","date_gmt":"2016-07-20T10:06:02","guid":{"rendered":"http:\/\/diariodominicano.ddns.net\/?p=217957"},"modified":"2016-07-20T10:06:02","modified_gmt":"2016-07-20T10:06:02","slug":"llaman-al-gobierno-evitar-bano-de-sangre-en-sabana-del-puerto","status":"publish","type":"post","link":"https:\/\/diariodominicano.com\/?p=217957","title":{"rendered":"Llaman al Gobierno  evitar ba\u00f1o de sangre en Sabana del Puerto"},"content":{"rendered":"<p><body><\/p>\n<p><img decoding=\"async\" src=\"img3\/protesta 20-7.jpg\" \/>  <\/p>\n<p><span class=\"text1noticias\">Bonao, R. D., 20 de julio.- Dirigentes Comunitarios, regidores, Bomberos, Iglesias, Grupos ecol\u00f3gicos y Alcald\u00eda Distrital de Sabana del Puerto, Provincia Monse\u00f1or Nouel, protestan por la construcci\u00f3n de una envasadora de gas en el sector.<\/span><\/p>\n<p><span class=\"text1noticias\"> <\/span><\/p>\n<p><span class=\"text1noticias\">  \u00abValero Gas\u00bb y\/o \u00abConstanza Gas\u00bb  se encuentra a menos de 45 metros de cientos de viviendas e iglesias, y a 150 metros del Centro Educativo Mar\u00eda Eduviges Luna.<\/span><\/p>\n<p><span class=\"text1noticias\"> <\/span><\/p>\n<p><span class=\"text1noticias\">Manuel de Jes\u00fas Mel\u00e9ndez, Di\u00e1cono de la comunidad, hizo un llamado al gobierno para que eviten un ba\u00f1o, y clamo al presidente medina para que no permita que sigan muriendo dominicanos a manos de las plantas ilegales de gas, as\u00ed mismo pidi\u00f3 a las autoridades trabajar por el bien de las comunidades.<\/span><\/p>\n<p><span class=\"text1noticias\"> <\/span><\/p>\n<p><span class=\"text1noticias\"> El Di\u00e1cono de la Parroquia Sagrado Coraz\u00f3n de Jes\u00fas, la cual fue edificada recientemente por el Ministerio de Obras P\u00fablicas, pautada para ser inaugurada en los pr\u00f3ximos d\u00edas, manifest\u00f3 que defender\u00e1n los intereses del pueblo mediante todos los mecanismos democr\u00e1ticos que establecen las leyes, evitando as\u00ed una cat\u00e1strofe medioambiental y social.<\/span><\/p>\n<p><span class=\"text1noticias\"> <\/span><\/p>\n<p><span class=\"text1noticias\"> Los comunitarios explicaron que los propietarios de la construcci\u00f3n no tienen los permisos del Ministerio de obras P\u00fablicas, de los Bomberos de la comunidad, de la Defensa Civil, ni del Ayuntamiento de Sabana del Puerto, para continuar la construcci\u00f3n de la misma.<\/span><\/p>\n<p><span class=\"text1noticias\"> <\/span><\/p>\n<p><span class=\"text1noticias\">Asimismo el Sr. Rafael Morillo, Vicepresidente del Comit\u00e9 Ecol\u00f3gico de la comunidad, dijo que han mutilado tambi\u00e9n la foresta del sector, entre otros tantos da\u00f1os, en tal virtud proclam\u00f3 que continuar\u00e1n su lucha para evitar la construcci\u00f3n de dicha envasadora, la cual califican como una bomba de tiempo que atenta contra la vida y la salud de la poblaci<\/span>\u00f3n.<\/p>\n<\/p>\n<h6> 2016-07-20 10:06:02 <\/h6>\n<p><!--\n<link rel=\"stylesheet\" href=\"css\/bootstrap.min.css\">\n\n\n<ul class=\"pagination\">\n\t    \n\t\n\n<li >\n\t<a href='?page_no=12426'>Previous<\/a>\n\t<\/li>\n\n\n       \n    \n\n<li><a href='?page_no=1'>1<\/a><\/li>\n\n\n\n<li><a href='?page_no=2'>2<\/a><\/li>\n\n\n\n<li><a>...<\/a><\/li>\n\n\n\n<li><a href='?page_no=12425'>12425<\/a><\/li>\n\n\n\n<li><a href='?page_no=12426'>12426<\/a><\/li>\n\n\n\n<li class='active'><a>12427<\/a><\/li>\n\n\n\n<li><a href='?page_no=12428'>12428<\/a><\/li>\n\n\n\n<li><a href='?page_no=12429'>12429<\/a><\/li>\n\n\n\n<li><a>...<\/a><\/li>\n\n\n\n<li><a href='?page_no=56169'>56169<\/a><\/li>\n\n\n\n<li><a href='?page_no=56170'>56170<\/a><\/li>\n\n    \n\t\n\n<li >\n\t<a href='?page_no=12428'>Next<\/a>\n\t<\/li>\n\n\n    \n\n<li><a href='?page_no=56170'>Last &rsaquo;&rsaquo;<\/a><\/li>\n\n<\/ul>\n\n\n--><br \/>\n<\/body><\/p>\n","protected":false},"excerpt":{"rendered":"<p>Bonao, R. D., 20 de julio.- Dirigentes Comunitarios, regidores, Bomberos, Iglesias, Grupos ecol\u00f3gicos y Alcald\u00eda Distrital de Sabana del Puerto, Provincia Monse\u00f1or Nouel, protestan por la construcci\u00f3n de una envasadora de gas en el sector. \u00abValero Gas\u00bb y\/o \u00abConstanza Gas\u00bb se encuentra a menos de 45 metros de cientos de viviendas e iglesias, y a [&hellip;]<\/p>\n","protected":false},"author":3,"featured_media":0,"comment_status":"open","ping_status":"open","sticky":false,"template":"","format":"standard","meta":{"footnotes":""},"categories":[20],"tags":[],"class_list":["post-217957","post","type-post","status-publish","format-standard","hentry","category-dominicana-hoy"],"_links":{"self":[{"href":"https:\/\/diariodominicano.com\/index.php?rest_route=\/wp\/v2\/posts\/217957","targetHints":{"allow":["GET"]}}],"collection":[{"href":"https:\/\/diariodominicano.com\/index.php?rest_route=\/wp\/v2\/posts"}],"about":[{"href":"https:\/\/diariodominicano.com\/index.php?rest_route=\/wp\/v2\/types\/post"}],"author":[{"embeddable":true,"href":"https:\/\/diariodominicano.com\/index.php?rest_route=\/wp\/v2\/users\/3"}],"replies":[{"embeddable":true,"href":"https:\/\/diariodominicano.com\/index.php?rest_route=%2Fwp%2Fv2%2Fcomments&post=217957"}],"version-history":[{"count":0,"href":"https:\/\/diariodominicano.com\/index.php?rest_route=\/wp\/v2\/posts\/217957\/revisions"}],"wp:attachment":[{"href":"https:\/\/diariodominicano.com\/index.php?rest_route=%2Fwp%2Fv2%2Fmedia&parent=217957"}],"wp:term":[{"taxonomy":"category","embeddable":true,"href":"https:\/\/diariodominicano.com\/index.php?rest_route=%2Fwp%2Fv2%2Fcategories&post=217957"},{"taxonomy":"post_tag","embeddable":true,"href":"https:\/\/diariodominicano.com\/index.php?rest_route=%2Fwp%2Fv2%2Ftags&post=217957"}],"curies":[{"name":"wp","href":"https:\/\/api.w.org\/{rel}","templated":true}]}}