{"id":217956,"date":"2016-07-20T12:34:15","date_gmt":"2016-07-20T12:34:15","guid":{"rendered":"http:\/\/diariodominicano.ddns.net\/?p=217956"},"modified":"2016-07-20T12:34:15","modified_gmt":"2016-07-20T12:34:15","slug":"gremios-de-salud-siguen-dialogo-con-gobierno-2","status":"publish","type":"post","link":"https:\/\/diariodominicano.com\/?p=217956","title":{"rendered":"Gremios de salud siguen di\u00e1logo con Gobierno"},"content":{"rendered":"<p><body><\/p>\n<p><img decoding=\"async\" src=\"img3\/cmdyucsa20-7.jpg\" \/>  <\/p>\n<p><strong><span class=\"text1noticias\">Santo Domingo, 20 jul (PL) Los<\/span><\/strong><span class=\"text1noticias\"> gremios dominicanos que integran el Pacto Nacional por la Salud (Panasalud) suspendieron sus protestas y decidieron acudir ma\u00f1ana al di\u00e1logo con el Gobierno, confirm\u00f3 hoy el presidente del Colegio M\u00e9dico Dominicano,, Waldo Ariel Suero.<\/span><\/p>\n<p><span class=\"text1noticias\"> <\/span><\/p>\n<p><span class=\"text1noticias\">Seg\u00fan Suero, el horario de trabajo de los galenos no es negociable y no firmar\u00e1 nada que los afecte.<\/span><\/p>\n<p><span class=\"text1noticias\"> <\/span><\/p>\n<p><span class=\"text1noticias\">En tanto, la dirigente de Panasalud, Francisca Peguero, llam\u00f3 a los afiliados de los gremios a estar pendientes del di\u00e1logo que se reinicia el jueves a las 15:30, hora local, en la Universidad Cat\u00f3lica de Santo Domingo.<\/span><\/p>\n<p><span class=\"text1noticias\"> <\/span><\/p>\n<p><span class=\"text1noticias\">Las conversaciones se interrumpieron por ausencia de las autoridades gubernamentales despu\u00e9s que hicieron propuestas rechazadas por los trabajadores de la salud.<\/span><\/p>\n<p><span class=\"text1noticias\"> <\/span><\/p>\n<p><span class=\"text1noticias\">Ante esa situaci\u00f3n, los gremios se preparaban para volver a las huelgas, marchas y cadenas humanas despu\u00e9s de considerar que las autoridades los enga\u00f1aron creando falsas expectativas con la negociaci\u00f3n.<\/span><\/p>\n<p><span class=\"text1noticias\"> <\/span><\/p>\n<p><span class=\"text1noticias\">Finalmente, el Gobierno acept\u00f3 volver al di\u00e1logo y Suero defini\u00f3 que analizar\u00e1n las nuevas propuestas pero no aceptar\u00e1n que dejen el alza salarial para 2018 ni cambios en el horario laboral.<\/span><\/p>\n<p><span class=\"text1noticias\"> <\/span><\/p>\n<p><span class=\"text1noticias\">S\u00f3lo aceptaremos las cuatro horas de trabajo, la guardia presencial y las visitas. No permitiremos que nos arrebaten los derechos adquiridos, y no dejaremos que se aumente el horario ni en cinco minutos m\u00e1s, sostuvo.<\/span><\/p>\n<p><span class=\"text1noticias\"> <\/span><\/p>\n<p><span class=\"text1noticias\">En tanto Peguero, presidenta de la Asociaci\u00f3n Nacional de Enfermer\u00eda, asegur\u00f3 que la Organizaci\u00f3n Mundial de la Salud establece que se debe ser flexible con el horario de los m\u00e9dicos, por lo cual el gobierno no puede extenderlo.<\/span><\/p>\n<p><span class=\"text1noticias\"> <\/span><\/p>\n<p><span class=\"text1noticias\">Asimismo, dijo que hay un d\u00e9ficit de m\u00e9dicos y de otro profesionales de salud en los hospitales, y que la contrataci\u00f3n de nuevos trabajadores es uno de los puntos que exige Panasalud.<\/span><\/p>\n<p><span class=\"text1noticias\"> <\/span><\/p>\n<p><span class=\"text1noticias\">El pliego de demanda del sector incluye un aumento salarial del 60 por ciento, dedicar el cinco por ciento del Producto Interno Bruto al sector de la Salud, pensiones dignas con seguro m\u00e9dico y nombramiento de m\u00e1s personal en los ho<\/span>spitales.<\/p>\n<h6> 2016-07-20 12:34:15 <\/h6>\n<p><!--\n<link rel=\"stylesheet\" href=\"css\/bootstrap.min.css\">\n\n\n<ul class=\"pagination\">\n\t    \n\t\n\n<li >\n\t<a href='?page_no=12425'>Previous<\/a>\n\t<\/li>\n\n\n       \n    \n\n<li><a href='?page_no=1'>1<\/a><\/li>\n\n\n\n<li><a href='?page_no=2'>2<\/a><\/li>\n\n\n\n<li><a>...<\/a><\/li>\n\n\n\n<li><a href='?page_no=12424'>12424<\/a><\/li>\n\n\n\n<li><a href='?page_no=12425'>12425<\/a><\/li>\n\n\n\n<li class='active'><a>12426<\/a><\/li>\n\n\n\n<li><a href='?page_no=12427'>12427<\/a><\/li>\n\n\n\n<li><a href='?page_no=12428'>12428<\/a><\/li>\n\n\n\n<li><a>...<\/a><\/li>\n\n\n\n<li><a href='?page_no=56169'>56169<\/a><\/li>\n\n\n\n<li><a href='?page_no=56170'>56170<\/a><\/li>\n\n    \n\t\n\n<li >\n\t<a href='?page_no=12427'>Next<\/a>\n\t<\/li>\n\n\n    \n\n<li><a href='?page_no=56170'>Last &rsaquo;&rsaquo;<\/a><\/li>\n\n<\/ul>\n\n\n--><br \/>\n<\/body><\/p>\n","protected":false},"excerpt":{"rendered":"<p>Santo Domingo, 20 jul (PL) Los gremios dominicanos que integran el Pacto Nacional por la Salud (Panasalud) suspendieron sus protestas y decidieron acudir ma\u00f1ana al di\u00e1logo con el Gobierno, confirm\u00f3 hoy el presidente del Colegio M\u00e9dico Dominicano,, Waldo Ariel Suero. Seg\u00fan Suero, el horario de trabajo de los galenos no es negociable y no firmar\u00e1 [&hellip;]<\/p>\n","protected":false},"author":3,"featured_media":0,"comment_status":"open","ping_status":"open","sticky":false,"template":"","format":"standard","meta":{"footnotes":""},"categories":[20],"tags":[],"class_list":["post-217956","post","type-post","status-publish","format-standard","hentry","category-dominicana-hoy"],"_links":{"self":[{"href":"https:\/\/diariodominicano.com\/index.php?rest_route=\/wp\/v2\/posts\/217956","targetHints":{"allow":["GET"]}}],"collection":[{"href":"https:\/\/diariodominicano.com\/index.php?rest_route=\/wp\/v2\/posts"}],"about":[{"href":"https:\/\/diariodominicano.com\/index.php?rest_route=\/wp\/v2\/types\/post"}],"author":[{"embeddable":true,"href":"https:\/\/diariodominicano.com\/index.php?rest_route=\/wp\/v2\/users\/3"}],"replies":[{"embeddable":true,"href":"https:\/\/diariodominicano.com\/index.php?rest_route=%2Fwp%2Fv2%2Fcomments&post=217956"}],"version-history":[{"count":0,"href":"https:\/\/diariodominicano.com\/index.php?rest_route=\/wp\/v2\/posts\/217956\/revisions"}],"wp:attachment":[{"href":"https:\/\/diariodominicano.com\/index.php?rest_route=%2Fwp%2Fv2%2Fmedia&parent=217956"}],"wp:term":[{"taxonomy":"category","embeddable":true,"href":"https:\/\/diariodominicano.com\/index.php?rest_route=%2Fwp%2Fv2%2Fcategories&post=217956"},{"taxonomy":"post_tag","embeddable":true,"href":"https:\/\/diariodominicano.com\/index.php?rest_route=%2Fwp%2Fv2%2Ftags&post=217956"}],"curies":[{"name":"wp","href":"https:\/\/api.w.org\/{rel}","templated":true}]}}