{"id":217955,"date":"2016-07-20T13:44:04","date_gmt":"2016-07-20T13:44:04","guid":{"rendered":"http:\/\/diariodominicano.ddns.net\/?p=217955"},"modified":"2016-07-20T13:44:04","modified_gmt":"2016-07-20T13:44:04","slug":"convocan-a-paro-en-sabana-de-la-mar-por-reconstruccion-de-carretera","status":"publish","type":"post","link":"https:\/\/diariodominicano.com\/?p=217955","title":{"rendered":"Convocan a paro en Sabana de la Mar por reconstrucci\u00f3n de carretera &#13;"},"content":{"rendered":"<p><body><\/p>\n<p><img decoding=\"async\" src=\"img3\/6c65dd68-d81d-45dd-bab2-4a218a6ade03.jpg\" \/>  <\/p>\n<\/p>\n<p><strong>Hato Mayor, R.D., 20 de julio.<\/strong>&#8211; Dirigentes sociales, choferiles, empresariales y comunitarios del municipio Costero de Sabana de la Mar y del municipio de El Valle convocaron a un  paro para este jueves en demanda de la reconstrucci\u00f3n de la Carretera Sabana de la Mar- Hato Mayor del Rey, la cual tiene m\u00e1s de cinco d\u00e9cadas deterioradas. <\/p>\n<p>El vocero del movimiento, Reynaldo de Le\u00f3n, junto a Inmaculada Calca\u00f1o indicaron que la huelga se iniciar\u00e1 a partir de las 6:00am y que cuenta con el respaldo de los sectores comerciales, gremiales, choferiles y agropecuarios de los municipios en cuesti\u00f3n, que ya est\u00e1n hartos del abandono gubernamental. <\/p>\n<\/p>\n<p>Advierten que no habr\u00e1 transporte y el comercio cerrar\u00e1 sus puertas, para hacerle ver al gobierno el abandono y deterioro que tiene esta carretera.<\/p>\n<\/p>\n<p>Reynaldo De Le\u00f3n, empresario de la zona, inform\u00f3 que en el gobierno de Leonel Fern\u00e1ndez (2007) se paralizaron los trabajos de esta v\u00eda para transferir (86,008,909.85) a la Cueva de Las Maravillas, para la construcci\u00f3n de la avenida de acceso, calles, parqueos y el Aer\u00f3dromo.<\/p>\n<\/p>\n<p>Hecmilio Galv\u00e1n, economista y ganadero de la zona explic\u00f3, adem\u00e1s que el mal estado de este camino ha impedido el desarrollo econ\u00f3mico y social de una zona de extraordinario potencial tur\u00edstico para el estado, declarada \u00abPrimera Provincia Eco tur\u00edstica del Pa\u00eds en 1998\u00bb, con lugares tan atractivos como el Parque Nacional Los Haitises, el parque Nacional Salto Las Jaldas y la Bah\u00eda de Saman\u00e1, que sin embargo no se aprovechan.<\/p>\n<\/p>\n<p>Los dirigentes comunitarios exigieron la intervenci\u00f3n inmediata del Presidente Danio Medina para resolver este problema, asegurando que las protestas continuar\u00e1n de no atender los reclamos ancestrales de dichas comunidades.<\/p>\n<h6> 2016-07-20 13:44:04 <\/h6>\n<p><!--\n<link rel=\"stylesheet\" href=\"css\/bootstrap.min.css\">\n\n\n<ul class=\"pagination\">\n\t    \n\t\n\n<li >\n\t<a href='?page_no=12424'>Previous<\/a>\n\t<\/li>\n\n\n       \n    \n\n<li><a href='?page_no=1'>1<\/a><\/li>\n\n\n\n<li><a href='?page_no=2'>2<\/a><\/li>\n\n\n\n<li><a>...<\/a><\/li>\n\n\n\n<li><a href='?page_no=12423'>12423<\/a><\/li>\n\n\n\n<li><a href='?page_no=12424'>12424<\/a><\/li>\n\n\n\n<li class='active'><a>12425<\/a><\/li>\n\n\n\n<li><a href='?page_no=12426'>12426<\/a><\/li>\n\n\n\n<li><a href='?page_no=12427'>12427<\/a><\/li>\n\n\n\n<li><a>...<\/a><\/li>\n\n\n\n<li><a href='?page_no=56169'>56169<\/a><\/li>\n\n\n\n<li><a href='?page_no=56170'>56170<\/a><\/li>\n\n    \n\t\n\n<li >\n\t<a href='?page_no=12426'>Next<\/a>\n\t<\/li>\n\n\n    \n\n<li><a href='?page_no=56170'>Last &rsaquo;&rsaquo;<\/a><\/li>\n\n<\/ul>\n\n\n--><br \/>\n<\/body><\/p>\n","protected":false},"excerpt":{"rendered":"<p>Hato Mayor, R.D., 20 de julio.&#8211; Dirigentes sociales, choferiles, empresariales y comunitarios del municipio Costero de Sabana de la Mar y del municipio de El Valle convocaron a un paro para este jueves en demanda de la reconstrucci\u00f3n de la Carretera Sabana de la Mar- Hato Mayor del Rey, la cual tiene m\u00e1s de cinco [&hellip;]<\/p>\n","protected":false},"author":3,"featured_media":0,"comment_status":"open","ping_status":"open","sticky":false,"template":"","format":"standard","meta":{"footnotes":""},"categories":[20],"tags":[],"class_list":["post-217955","post","type-post","status-publish","format-standard","hentry","category-dominicana-hoy"],"_links":{"self":[{"href":"https:\/\/diariodominicano.com\/index.php?rest_route=\/wp\/v2\/posts\/217955","targetHints":{"allow":["GET"]}}],"collection":[{"href":"https:\/\/diariodominicano.com\/index.php?rest_route=\/wp\/v2\/posts"}],"about":[{"href":"https:\/\/diariodominicano.com\/index.php?rest_route=\/wp\/v2\/types\/post"}],"author":[{"embeddable":true,"href":"https:\/\/diariodominicano.com\/index.php?rest_route=\/wp\/v2\/users\/3"}],"replies":[{"embeddable":true,"href":"https:\/\/diariodominicano.com\/index.php?rest_route=%2Fwp%2Fv2%2Fcomments&post=217955"}],"version-history":[{"count":0,"href":"https:\/\/diariodominicano.com\/index.php?rest_route=\/wp\/v2\/posts\/217955\/revisions"}],"wp:attachment":[{"href":"https:\/\/diariodominicano.com\/index.php?rest_route=%2Fwp%2Fv2%2Fmedia&parent=217955"}],"wp:term":[{"taxonomy":"category","embeddable":true,"href":"https:\/\/diariodominicano.com\/index.php?rest_route=%2Fwp%2Fv2%2Fcategories&post=217955"},{"taxonomy":"post_tag","embeddable":true,"href":"https:\/\/diariodominicano.com\/index.php?rest_route=%2Fwp%2Fv2%2Ftags&post=217955"}],"curies":[{"name":"wp","href":"https:\/\/api.w.org\/{rel}","templated":true}]}}