{"id":217952,"date":"2016-07-20T14:50:50","date_gmt":"2016-07-20T14:50:50","guid":{"rendered":"http:\/\/diariodominicano.ddns.net\/?p=217952"},"modified":"2016-07-20T14:50:50","modified_gmt":"2016-07-20T14:50:50","slug":"extranjeros-gastan-el-30-del-presupuesto-de-los-hospitales","status":"publish","type":"post","link":"https:\/\/diariodominicano.com\/?p=217952","title":{"rendered":"&#13;Extranjeros gastan el 30% del presupuesto de los hospitales"},"content":{"rendered":"<p><body><\/p>\n<p><img decoding=\"async\" src=\"img3\/5f6deaae-f1d9-4327-8868-f45cf571e8a6.jpg\" \/>  <\/p>\n<p><strong>21 de Julio de 2016.- <\/strong>El director del Servicio Nacional de Salud (SNS), Nelson Rodr\u00edguez Monegro, revel\u00f3 ayer que el 30% del presupuesto destinado a la parte de atenci\u00f3n hospitalaria se invierte en ciudadanos extranjeros. En t\u00e9rminos absolutos, esto implica que alrededor de RD$5 mil millones del presupuesto de los hospitales son usados en los migrantes haitianos que acuden a los hospitales p\u00fablicos.<\/p>\n<\/p>\n<p>Aunque el funcionario resalta que el Gobierno est\u00e1 obligado a garantizar atenciones m\u00e9dicas a todas las personas, sin importar su estatus migratorio, reconoce que el problema afecta el sistema de salud desde el punto de vista financiero y que deber\u00e1 busc\u00e1rsele soluci\u00f3n. \u00abMientras llega esa soluci\u00f3n, nosotros tenemos que darle asistencia\u00bb, respondi\u00f3 el funcionario, ante la pregunta formulada por el director de este diario, Osvaldo Santana, durante su participaci\u00f3n en el Almuerzo Semanal de Multimedios del Caribe.<\/p>\n<\/p>\n<p>Se\u00f1al\u00f3 que en el caso de los hospitales fronterizos, entre el 70 y 80% de sus actividades est\u00e1n centradas en la salud de los extranjeros. <\/p>\n<\/p>\n<p><strong>Parturientas haitianas<\/strong><\/p>\n<\/p>\n<p>\u00abRecuerdo que una vez cuando yo estaba en el \u00e1rea de Salud Colectiva del Ministerio de Salud P\u00fablica, evaluamos una comunidad, y esa comunidad ten\u00eda alrededor de 58 mujeres embarazadas, de las cuales 52 eran extranjeras\u00bb, narr\u00f3.<\/p>\n<\/p>\n<p>Rodr\u00edguez Monegro afirm\u00f3 que en el caso del Hospital Jos\u00e9 Mar\u00eda Cabral y B\u00e1ez de Santiago, las \u00faltimas estad\u00edsticas arrojan que el 30% de los partos por ces\u00e1rea corresponde a parturientas haitianas.<\/p>\n<\/p>\n<p>Llama a m\u00e9dicos a mejorar servicios<\/p>\n<\/p>\n<p>Ayer, el director del Servicio Nacional de Salud viaj\u00f3 a Mao, Valverde, donde se reuni\u00f3 con los 16 directores de hospitales pertenecientes a la Regional de Salud VII, dirigida por el doctor Rafael Salas.<\/p>\n<\/p>\n<p>All\u00ed detall\u00f3 los retos y desaf\u00edos del sector en t\u00e9rminos generales y motiv\u00f3 a los galenos a desplegar dobles esfuerzos de sus capacidades para dar respuesta a las necesidades de salud de la poblaci\u00f3n.<\/p>\n<\/p>\n<p>Asegur\u00f3 que el SNS les ofrecer\u00e1 acompa\u00f1amiento a trav\u00e9s de los Servicios Regionales de Salud y los conmina a utilizar de forma racional e inteligente los recursos y a trabajar en beneficio de los m\u00e1s necesitados que demandan de los servicios de las redes sanitarias.<\/p>\n<\/p>\n<p>El funcionario plante\u00f3 medidas que deben implementarse para eficientizar el sistema de salud, entre ellas el incremento de la inversi\u00f3n, la utilizaci\u00f3n racional e inteligente de los recursos disponibles y la gesti\u00f3n profesional y competente. <\/p>\n<\/p>\n<p><strong>Recorri\u00f3 hospitales de la L\u00ednea Noroeste<\/strong><\/p>\n<\/p>\n<p>El director del SNS tambi\u00e9n recorri\u00f3 las instalaciones del hospital municipal de Las Matas de Santa Cruz donde realiz\u00f3 un levantamiento a fin de poner en funcionamiento todas las \u00e1reas del centro. Al t\u00e9rmino de la inspecci\u00f3n entreg\u00f3 equipos de laboratorio automatizados e instrumentales para la atenci\u00f3n de los pacientes. Asimismo recibi\u00f3 de la OPS y la Comisi\u00f3n Europea, equipos m\u00e9dicos para las salas de emergencia de tres hospitales. <strong>(Mar\u00eda Teresa Morel\/elCaribe)<\/strong><\/p>\n<p><strong>(Externa) <\/strong><\/p>\n<\/p>\n<p><strong>Director SNS re\u00fane directores de salud y  hospitales Regionales.  Entrega equipos de laboratorio e instrumentales para atenci\u00f3n de pacientes<\/strong><\/p>\n<p><strong>Las Matas de Santa Cruz, R.D., 20 de julio.-Con<\/strong> el objetivo de tener un acercamiento con los directores de salud y de los hospitales de las Regionales II y VII, el titular del Servicio Nacional de Salud realiz\u00f3 hoy un recorrido que inici\u00f3 en Las Matas de Santa Cruz, Montecristi, continu\u00f3 en Mao y concluy\u00f3 en Santiago.<\/p>\n<\/p>\n<p>El doctor Nelson Rodr\u00edguez Monegro transit\u00f3 a primeras horas de la ma\u00f1ana las instalaciones  del hospital municipal Las Matas de Santa Cruz donde realiz\u00f3 un levantamiento de sus necesidades e instruy\u00f3 a sus autoridades llevar a cabo las acciones pertinentes a fin de poner al nuevo hospital a operar de manera eficiente para beneficio de los pobladores de esa demarcaci\u00f3n.  Durante su visita Rodr\u00edguez Monegro entreg\u00f3 equipos de laboratorio automatizados e instrumentales para la atenci\u00f3n de los pacientes.  <\/p>\n<\/p>\n<p>Llam\u00f3 a las autoridades del hospital a darles mantenimiento preventivo a los equipos, y al afirmar que la comunidad tiene un hospital precioso,  adelant\u00f3 que se realizan los esfuerzos para que ofrezca el cien por ciento de los servicios en dos semanas.<\/p>\n<p>Posteriormente, en la ciudad de Mao,  Rodr\u00edguez Monegro sostuvo un encuentro con los directores de los 16 hospitales que pertenecen a la Regional de Salud VII, dirigida por el doctor Rafael Salas, que incluye cuatro hospitales  provinciales y doce municipales.<\/p>\n<\/p>\n<p>Al hablar de los retos y desaf\u00edos del sector en t\u00e9rminos generales, los motiv\u00f3 a desplegar dobles esfuerzos de sus capacidades para dar respuesta a las necesidades de salud de la poblaci\u00f3n.<\/p>\n<\/p>\n<p>Asegur\u00f3 que el SNS les ofrecer\u00e1 acompa\u00f1amiento a trav\u00e9s de los Servicios Regionales de Salud, los conmin\u00f3 a utilizar de forma racional e inteligente los recursos y a trabajar en beneficio de los m\u00e1s necesitados que demandan de los servicios de las redes sanitarias.<\/p>\n<\/p>\n<p>Al hacer un recuento de las medidas que deben  implementarse para hacer eficientizar el sistema de salud, el director ejecutivo del SNS cit\u00f3, entre otras, el incremento de la inversi\u00f3n, la utilizaci\u00f3n  racional e inteligente de los recursos disponibles, sumado a un sistema de gesti\u00f3n profesional y competente.<\/p>\n<\/p>\n<p>Entiende adem\u00e1s que aplicarse una pol\u00edtica de recursos humanos y salarial conveniente, humanizar la atenci\u00f3n, infraestructura y tecnolog\u00eda apropiadas y horarios de consultas suficiente para responder la demanda, forman parte del conjunto de acciones que transformar\u00edan la gesti\u00f3n en salud de las direcciones regionales.<\/p>\n<\/p>\n<p>El recorrido concluy\u00f3 en la ciudad de Santiago con un  encuentro organizado por la Regional II de Salud, que dirige la doctora Austria de la Rosa y que cont\u00f3 con la asistencia de    los directores de los 31 hospitales, entre ellos dos  regionales, dos provinciales y 27 municipales.  <\/p>\n<\/p>\n<p>En ese escenario, Rodr\u00edguez Monegro manifest\u00f3 que una de las misiones fundamentales del SNS es acompa\u00f1ar a las regionales para que gestionen de manera integral, \u00abnosotros no vamos a proveer directamente salud, vamos a proveer las herramientas para que mejoren la calidad de los servicios\u00bb, signific\u00f3 el incumbente.<\/p>\n<\/p>\n<p>Sobre el tema administrativo y financiero en los hospitales, entiende que deben estar dirigidos por profesionales de esas \u00e1reas que cumplan todas las normativas que existan desde el punto de vista de la administraci\u00f3n p\u00fablica.<\/p>\n<p>En ese tenor, indic\u00f3 que existe la creencia de que el director de un hospital debe ser un m\u00e9dico y no necesariamente, de serlo, debe tener una capacitaci\u00f3n en gesti\u00f3n de servicios de salud.<\/p>\n<\/p>\n<p>\u00abHay que profesionalizar la gesti\u00f3n de direcci\u00f3n de gesti\u00f3n de un hospital, uno de los problemas de los hospitales es la gesti\u00f3n y nosotros vamos a abordar eso\u00bb, puntualiz\u00f3.<\/p>\n<h6> 2016-07-20 14:50:50 <\/h6>\n<p><!--\n<link rel=\"stylesheet\" href=\"css\/bootstrap.min.css\">\n\n\n<ul class=\"pagination\">\n\t    \n\t\n\n<li >\n\t<a href='?page_no=12421'>Previous<\/a>\n\t<\/li>\n\n\n       \n    \n\n<li><a href='?page_no=1'>1<\/a><\/li>\n\n\n\n<li><a href='?page_no=2'>2<\/a><\/li>\n\n\n\n<li><a>...<\/a><\/li>\n\n\n\n<li><a href='?page_no=12420'>12420<\/a><\/li>\n\n\n\n<li><a href='?page_no=12421'>12421<\/a><\/li>\n\n\n\n<li class='active'><a>12422<\/a><\/li>\n\n\n\n<li><a href='?page_no=12423'>12423<\/a><\/li>\n\n\n\n<li><a href='?page_no=12424'>12424<\/a><\/li>\n\n\n\n<li><a>...<\/a><\/li>\n\n\n\n<li><a href='?page_no=56169'>56169<\/a><\/li>\n\n\n\n<li><a href='?page_no=56170'>56170<\/a><\/li>\n\n    \n\t\n\n<li >\n\t<a href='?page_no=12423'>Next<\/a>\n\t<\/li>\n\n\n    \n\n<li><a href='?page_no=56170'>Last &rsaquo;&rsaquo;<\/a><\/li>\n\n<\/ul>\n\n\n--><br \/>\n<\/body><\/p>\n","protected":false},"excerpt":{"rendered":"<p>21 de Julio de 2016.- El director del Servicio Nacional de Salud (SNS), Nelson Rodr\u00edguez Monegro, revel\u00f3 ayer que el 30% del presupuesto destinado a la parte de atenci\u00f3n hospitalaria se invierte en ciudadanos extranjeros. En t\u00e9rminos absolutos, esto implica que alrededor de RD$5 mil millones del presupuesto de los hospitales son usados en los [&hellip;]<\/p>\n","protected":false},"author":3,"featured_media":0,"comment_status":"open","ping_status":"open","sticky":false,"template":"","format":"standard","meta":{"footnotes":""},"categories":[20],"tags":[],"class_list":["post-217952","post","type-post","status-publish","format-standard","hentry","category-dominicana-hoy"],"_links":{"self":[{"href":"https:\/\/diariodominicano.com\/index.php?rest_route=\/wp\/v2\/posts\/217952","targetHints":{"allow":["GET"]}}],"collection":[{"href":"https:\/\/diariodominicano.com\/index.php?rest_route=\/wp\/v2\/posts"}],"about":[{"href":"https:\/\/diariodominicano.com\/index.php?rest_route=\/wp\/v2\/types\/post"}],"author":[{"embeddable":true,"href":"https:\/\/diariodominicano.com\/index.php?rest_route=\/wp\/v2\/users\/3"}],"replies":[{"embeddable":true,"href":"https:\/\/diariodominicano.com\/index.php?rest_route=%2Fwp%2Fv2%2Fcomments&post=217952"}],"version-history":[{"count":0,"href":"https:\/\/diariodominicano.com\/index.php?rest_route=\/wp\/v2\/posts\/217952\/revisions"}],"wp:attachment":[{"href":"https:\/\/diariodominicano.com\/index.php?rest_route=%2Fwp%2Fv2%2Fmedia&parent=217952"}],"wp:term":[{"taxonomy":"category","embeddable":true,"href":"https:\/\/diariodominicano.com\/index.php?rest_route=%2Fwp%2Fv2%2Fcategories&post=217952"},{"taxonomy":"post_tag","embeddable":true,"href":"https:\/\/diariodominicano.com\/index.php?rest_route=%2Fwp%2Fv2%2Ftags&post=217952"}],"curies":[{"name":"wp","href":"https:\/\/api.w.org\/{rel}","templated":true}]}}