{"id":217951,"date":"2016-07-20T14:58:51","date_gmt":"2016-07-20T14:58:51","guid":{"rendered":"http:\/\/diariodominicano.ddns.net\/?p=217951"},"modified":"2016-07-20T14:58:51","modified_gmt":"2016-07-20T14:58:51","slug":"construyen-edificio-para-centro-del-tic-y-comunicacion-del-mirex","status":"publish","type":"post","link":"https:\/\/diariodominicano.com\/?p=217951","title":{"rendered":"Construyen edificio para Centro del  TIC y Comunicaci\u00f3n del MIREX&#13;"},"content":{"rendered":"<p><body><\/p>\n<p><img decoding=\"async\" src=\"img3\/5f976780-a044-46cf-bc9a-f05a1ef1e761.jpg\" \/>  <\/p>\n<p><strong>Santo Domingo, R.D., 20 de julio. &#8211;<\/strong> El canciller dominicano Andr\u00e9s Navarro, y el embajador de la Rep\u00fablica de China-Taiw\u00e1n, Valentino Ji Zen Tang, dejaron hoy iniciados los trabajos de construcci\u00f3n de un moderno edificio que alojar\u00e1 el Centro de Tecnolog\u00edas de la Informaci\u00f3n y Comunicaci\u00f3n (TIC) del Ministerio de Relaciones Exteriores (MIREX), gracias a una cooperaci\u00f3n de 1.4 millones de d\u00f3lares provenientes del gobierno de la referida naci\u00f3n asi\u00e1tica.<\/p>\n<\/p>\n<p>El edificio se levantar\u00e1 en un \u00e1rea central entre la vieja casona de la estancia San Ger\u00f3nimo y el Instituto de Educaci\u00f3n Superior en Diplomacia y Consular (INESDYC), como parte del programa de mejor\u00eda de infraestructura y desarrollo institucional que lleva a cabo la Canciller\u00eda por instrucciones del presidente Danilo Medina.<\/p>\n<\/p>\n<p>La edificaci\u00f3n alojar\u00e1, adem\u00e1s del Centro de Tecnolog\u00eda, a la Direcci\u00f3n de Comunicaci\u00f3n, a la Oficina de libre acceso a la informaci\u00f3n p\u00fablica y a la recepci\u00f3n central de la Canciller\u00eda. La infraestructura fue concebida sin barreras arquitect\u00f3nicas para la adecuada movilidad de personas con discapacidad.<\/p>\n<\/p>\n<p>Los recursos para levantar la obra provienen de un fondo especializado por el gobierno de Taiw\u00e1n para el fortalecimiento de las canciller\u00edas de los pa\u00edses miembros del Sistema de Integraci\u00f3n Centroamericana (SICA).<\/p>\n<\/p>\n<p>Tras agradecer la generosa cooperaci\u00f3n del gobierno de China-Taiw\u00e1n, el canciller Navarro destac\u00f3 que el edificio tecnol\u00f3gico reflejar\u00e1 los valores institucionales que impulsa la Canciller\u00eda en materia de derechos humanos y transparencia.  En tal sentido se prev\u00e9 que la moderna \u00e1rea de recepci\u00f3n central de la Canciller\u00eda sea atendida por personas con alguna discapacidad f\u00edsica, lo cual se har\u00e1 en coordinaci\u00f3n con el Consejo Nacional de la Discapacidad.<\/p>\n<\/p>\n<p>Dijo que el edificio se construir\u00e1 con criterios arquitect\u00f3nicos modernos y sin obst\u00e1culos para el tr\u00e1nsito de personas con discapacidad, \u00abadem\u00e1s de que esperamos se convierta en todo un s\u00edmbolo de transparencia y una estructura que facilitar\u00e1 el c\u00f3modo acceso a las distintas \u00e1reas de este ministerio, con mayores niveles de seguridad\u00bb.<\/p>\n<\/p>\n<p>En tanto que el embajador taiwan\u00e9s Ji Zen Tang que el aporte econ\u00f3mico para la construcci\u00f3n del edificio es parte de un programa de apoyo institucional que da su gobierno para eficientizar los servicios que ofrece la canciller\u00eda dominicana, \u00abpues consideramos que esta clase de iniciativa favorece a la sociedad dominicana en su conjunto\u00bb.<\/p>\n<\/p>\n<p>Expuso que el gobierno chino-taiwan\u00e9s mantiene su compromiso de reforzar las relaciones diplom\u00e1ticas, comerciales y de cooperaci\u00f3n de la naci\u00f3n asi\u00e1tica con la Rep\u00fablica Dominicana y que data desde hace m\u00e1s de 7 d\u00e9cadas, impulsando proyectos de desarrollo en diferentes \u00e1reas.<\/p>\n<\/p>\n<p>Asimismo, el diplom\u00e1tico elev\u00f3 votos por el \u00e9xito en la construcci\u00f3n del edificio, el cual espera se constituya en un referente para todas las dem\u00e1s canciller\u00edas del hemisferio, al tiempo que felicit\u00f3 al presidente Danilo Medina, al canciller Navarro y al pueblo dominicano en general por los logros alcanzados en la organizaci\u00f3n de la reciente celebraci\u00f3n de la Cuadrag\u00e9simo-Sexta Asamblea General de la Organizaci\u00f3n de Estados Americanos (OEA).<\/p>\n<h6> 2016-07-20 14:58:51 <\/h6>\n<p><!--\n<link rel=\"stylesheet\" href=\"css\/bootstrap.min.css\">\n\n\n<ul class=\"pagination\">\n\t    \n\t\n\n<li >\n\t<a href='?page_no=12420'>Previous<\/a>\n\t<\/li>\n\n\n       \n    \n\n<li><a href='?page_no=1'>1<\/a><\/li>\n\n\n\n<li><a href='?page_no=2'>2<\/a><\/li>\n\n\n\n<li><a>...<\/a><\/li>\n\n\n\n<li><a href='?page_no=12419'>12419<\/a><\/li>\n\n\n\n<li><a href='?page_no=12420'>12420<\/a><\/li>\n\n\n\n<li class='active'><a>12421<\/a><\/li>\n\n\n\n<li><a href='?page_no=12422'>12422<\/a><\/li>\n\n\n\n<li><a href='?page_no=12423'>12423<\/a><\/li>\n\n\n\n<li><a>...<\/a><\/li>\n\n\n\n<li><a href='?page_no=56169'>56169<\/a><\/li>\n\n\n\n<li><a href='?page_no=56170'>56170<\/a><\/li>\n\n    \n\t\n\n<li >\n\t<a href='?page_no=12422'>Next<\/a>\n\t<\/li>\n\n\n    \n\n<li><a href='?page_no=56170'>Last &rsaquo;&rsaquo;<\/a><\/li>\n\n<\/ul>\n\n\n--><br \/>\n<\/body><\/p>\n","protected":false},"excerpt":{"rendered":"<p>Santo Domingo, R.D., 20 de julio. &#8211; El canciller dominicano Andr\u00e9s Navarro, y el embajador de la Rep\u00fablica de China-Taiw\u00e1n, Valentino Ji Zen Tang, dejaron hoy iniciados los trabajos de construcci\u00f3n de un moderno edificio que alojar\u00e1 el Centro de Tecnolog\u00edas de la Informaci\u00f3n y Comunicaci\u00f3n (TIC) del Ministerio de Relaciones Exteriores (MIREX), gracias a [&hellip;]<\/p>\n","protected":false},"author":3,"featured_media":0,"comment_status":"open","ping_status":"open","sticky":false,"template":"","format":"standard","meta":{"footnotes":""},"categories":[20],"tags":[],"class_list":["post-217951","post","type-post","status-publish","format-standard","hentry","category-dominicana-hoy"],"_links":{"self":[{"href":"https:\/\/diariodominicano.com\/index.php?rest_route=\/wp\/v2\/posts\/217951","targetHints":{"allow":["GET"]}}],"collection":[{"href":"https:\/\/diariodominicano.com\/index.php?rest_route=\/wp\/v2\/posts"}],"about":[{"href":"https:\/\/diariodominicano.com\/index.php?rest_route=\/wp\/v2\/types\/post"}],"author":[{"embeddable":true,"href":"https:\/\/diariodominicano.com\/index.php?rest_route=\/wp\/v2\/users\/3"}],"replies":[{"embeddable":true,"href":"https:\/\/diariodominicano.com\/index.php?rest_route=%2Fwp%2Fv2%2Fcomments&post=217951"}],"version-history":[{"count":0,"href":"https:\/\/diariodominicano.com\/index.php?rest_route=\/wp\/v2\/posts\/217951\/revisions"}],"wp:attachment":[{"href":"https:\/\/diariodominicano.com\/index.php?rest_route=%2Fwp%2Fv2%2Fmedia&parent=217951"}],"wp:term":[{"taxonomy":"category","embeddable":true,"href":"https:\/\/diariodominicano.com\/index.php?rest_route=%2Fwp%2Fv2%2Fcategories&post=217951"},{"taxonomy":"post_tag","embeddable":true,"href":"https:\/\/diariodominicano.com\/index.php?rest_route=%2Fwp%2Fv2%2Ftags&post=217951"}],"curies":[{"name":"wp","href":"https:\/\/api.w.org\/{rel}","templated":true}]}}