{"id":217950,"date":"2016-07-20T15:29:29","date_gmt":"2016-07-20T15:29:29","guid":{"rendered":"http:\/\/diariodominicano.ddns.net\/?p=217950"},"modified":"2016-07-20T15:29:29","modified_gmt":"2016-07-20T15:29:29","slug":"uasd-entrega-titulo-de-doctor-honoris-causa-a-dos-medicos","status":"publish","type":"post","link":"https:\/\/diariodominicano.com\/?p=217950","title":{"rendered":"UASD entrega  t\u00edtulo de Doctor Honoris Causa a dos m\u00e9dicos"},"content":{"rendered":"<p><body><\/p>\n<p><img decoding=\"async\" src=\"img3\/998b3df4-9867-4dd1-a704-e825790c8b92.jpg\" \/><br \/><img decoding=\"async\" src=\"img3\/b5948492-5809-4eb5-8a80-256af22434b9.jpg\" \/>  <\/p>\n<p><strong><span class=\"text1noticias\">Santo Domingo, R.D., 20 de julio.-<\/span><\/strong><span class=\"text1noticias\"> La Universidad Aut\u00f3noma de Santo Domingo (UASD) invisti\u00f3 este mi\u00e9rcoles con el titulo de Doctor Honoris Causa a dos destacados profesionales de la medicina dominicana, Antonio Campos Mu\u00f1oz y Luis Rom\u00e1n Shecker.  <\/span><\/p>\n<p><span class=\"text1noticias\">Los investidos recibieron sus t\u00edtulos durante una ceremonia solemne presidida por el  doctor Iv\u00e1n Grull\u00f3n Fern\u00e1ndez, rector de la Primera  Universidad del Nuevo Mundo,   la  cual tuvo como escenario el Auditorio Manuel del Cabral de esa academia.  <\/span><\/p>\n<\/p>\n<p><span class=\"text1noticias\">Al pronunciar el discurso central, Grull\u00f3n Fern\u00e1ndez expres\u00f3 que la Academia Estatal se honra al reconocer la encomiable labor de dos grandes \u00edconos de la medicina, tanto a nivel nacional como internacional.<\/span><\/p>\n<\/p>\n<p><span class=\"text1noticias\">Consider\u00f3 tambi\u00e9n el primer funcionario uasdiano que ese homenaje constituye un acto de reciprocidad con esos dos meritorios egresados de la UASD;  por su calidad acad\u00e9mica, prestigio, conciencia social y solidaridad con los necesitados. <\/span><\/p>\n<p><span class=\"text1noticias\">\u00abNadie se equivoca al decir que ambos galenos son seres humanos de bien, hombres de gran coraz\u00f3n y ciudadanos ejemplares; condiciones personales que los hacen acreedores del m\u00e1s alto galard\u00f3n que otorga nuestra Universidad Primada de Am\u00e9rica\u00bb, dijo el doctor Grull\u00f3n Fern\u00e1ndez. <\/span><\/p>\n<\/p>\n<p><span class=\"text1noticias\">La entrega de ambos reconocimiento fue aprobada por el Claustro Menor de la UASD, para refrendar las resoluciones  n\u00fameros 2015-120 y 2015-209, adoptadas por el Consejo Universitario el 5 de agosto del 2015. <\/span><\/p>\n<p><span class=\"text1noticias\">Antonio Campos Mu\u00f1oz es un m\u00e9dico de reconocida trayectoria internacional, catedr\u00e1tico de histolog\u00eda de la Universidad de Granada y miembro de la Real Academia Nacional de Medicina de Espa\u00f1a; el cual  ha hecho grandes aportes en el \u00e1rea de la Ingenier\u00eda Tisular.  <\/span><\/p>\n<\/p>\n<p><span class=\"text1noticias\">Campos Mu\u00f1oz ha recibido premios y reconocimientos de numerosas instituciones,  entre ellos un Profesorado Honoris Causa de la  Universidad de Valpara\u00edso y la Medalla de Oro que otorga el Colegio Oficial de Farmac\u00e9uticos de Granada.<\/span><\/p>\n<p><span class=\"text1noticias\">Por sus notables  condiciones profesionales,  el cirujano general Luis Rom\u00e1n Shecker fue designado docente y m\u00e1s tarde profesor cl\u00ednico asociado de cirug\u00eda pl\u00e1stica y reconstructiva de la Universidad de Louisville, Estados Unidos. <\/span><\/p>\n<\/p>\n<p><span class=\"text1noticias\">Adem\u00e1s, por sus luces en el campo de la medicina y excelencia  acad\u00e9mica este investigador humanista ha recibido m\u00e1s de seis premios, es miembro de diversas sociedades m\u00e9dicas y ha escrito en  revistas internacionales especializadas en cirug\u00eda pl\u00e1stica. <\/span><\/p>\n<p><span class=\"text1noticias\">El Secretario General de la UAD, maestro H\u00e9ctor Luis Mart\u00ednez  de la Primada de Am\u00e9rica ley\u00f3 la resoluci\u00f3n del Consejo Universitario que le otorga el t\u00edtulo Doctor Honoris Causa a estos dos grandes de la medicina.<\/span><\/p>\n<\/p>\n<p><span class=\"text1noticias\">Mientras que el decano de la Facultad de Ciencias de la Salud, doctor Wilson Mej\u00eda ley\u00f3 la semblanza de los  recipiendarios donde destac\u00f3 los aportes de ambos, en sus respectivas \u00e1reas del conocimiento. <\/span><\/p>\n<\/p>\n<p><span class=\"text1noticias\">En la ceremonia estuvieron presentes adem\u00e1s de los mencionados,   los miembros del Consejo Universitarios, funcionarios acad\u00e9micos y administrativos, profesores, empleados y estudiantes, y familiares de los homenajeados.<\/span><\/p>\n<h6> 2016-07-20 15:29:29 <\/h6>\n<p><!--\n<link rel=\"stylesheet\" href=\"css\/bootstrap.min.css\">\n\n\n<ul class=\"pagination\">\n\t    \n\t\n\n<li >\n\t<a href='?page_no=12419'>Previous<\/a>\n\t<\/li>\n\n\n       \n    \n\n<li><a href='?page_no=1'>1<\/a><\/li>\n\n\n\n<li><a href='?page_no=2'>2<\/a><\/li>\n\n\n\n<li><a>...<\/a><\/li>\n\n\n\n<li><a href='?page_no=12418'>12418<\/a><\/li>\n\n\n\n<li><a href='?page_no=12419'>12419<\/a><\/li>\n\n\n\n<li class='active'><a>12420<\/a><\/li>\n\n\n\n<li><a href='?page_no=12421'>12421<\/a><\/li>\n\n\n\n<li><a href='?page_no=12422'>12422<\/a><\/li>\n\n\n\n<li><a>...<\/a><\/li>\n\n\n\n<li><a href='?page_no=56169'>56169<\/a><\/li>\n\n\n\n<li><a href='?page_no=56170'>56170<\/a><\/li>\n\n    \n\t\n\n<li >\n\t<a href='?page_no=12421'>Next<\/a>\n\t<\/li>\n\n\n    \n\n<li><a href='?page_no=56170'>Last &rsaquo;&rsaquo;<\/a><\/li>\n\n<\/ul>\n\n\n--><br \/>\n<\/body><\/p>\n","protected":false},"excerpt":{"rendered":"<p>Santo Domingo, R.D., 20 de julio.- La Universidad Aut\u00f3noma de Santo Domingo (UASD) invisti\u00f3 este mi\u00e9rcoles con el titulo de Doctor Honoris Causa a dos destacados profesionales de la medicina dominicana, Antonio Campos Mu\u00f1oz y Luis Rom\u00e1n Shecker. Los investidos recibieron sus t\u00edtulos durante una ceremonia solemne presidida por el doctor Iv\u00e1n Grull\u00f3n Fern\u00e1ndez, rector [&hellip;]<\/p>\n","protected":false},"author":3,"featured_media":0,"comment_status":"open","ping_status":"open","sticky":false,"template":"","format":"standard","meta":{"footnotes":""},"categories":[20],"tags":[],"class_list":["post-217950","post","type-post","status-publish","format-standard","hentry","category-dominicana-hoy"],"_links":{"self":[{"href":"https:\/\/diariodominicano.com\/index.php?rest_route=\/wp\/v2\/posts\/217950","targetHints":{"allow":["GET"]}}],"collection":[{"href":"https:\/\/diariodominicano.com\/index.php?rest_route=\/wp\/v2\/posts"}],"about":[{"href":"https:\/\/diariodominicano.com\/index.php?rest_route=\/wp\/v2\/types\/post"}],"author":[{"embeddable":true,"href":"https:\/\/diariodominicano.com\/index.php?rest_route=\/wp\/v2\/users\/3"}],"replies":[{"embeddable":true,"href":"https:\/\/diariodominicano.com\/index.php?rest_route=%2Fwp%2Fv2%2Fcomments&post=217950"}],"version-history":[{"count":0,"href":"https:\/\/diariodominicano.com\/index.php?rest_route=\/wp\/v2\/posts\/217950\/revisions"}],"wp:attachment":[{"href":"https:\/\/diariodominicano.com\/index.php?rest_route=%2Fwp%2Fv2%2Fmedia&parent=217950"}],"wp:term":[{"taxonomy":"category","embeddable":true,"href":"https:\/\/diariodominicano.com\/index.php?rest_route=%2Fwp%2Fv2%2Fcategories&post=217950"},{"taxonomy":"post_tag","embeddable":true,"href":"https:\/\/diariodominicano.com\/index.php?rest_route=%2Fwp%2Fv2%2Ftags&post=217950"}],"curies":[{"name":"wp","href":"https:\/\/api.w.org\/{rel}","templated":true}]}}