{"id":217946,"date":"2016-07-21T02:41:43","date_gmt":"2016-07-21T02:41:43","guid":{"rendered":"http:\/\/diariodominicano.ddns.net\/?p=217946"},"modified":"2016-07-21T02:41:43","modified_gmt":"2016-07-21T02:41:43","slug":"danilo-recibe-certificacion-asamblea-nacional-lo-ratifica-presidente-electo","status":"publish","type":"post","link":"https:\/\/diariodominicano.com\/?p=217946","title":{"rendered":"Danilo recibe certificaci\u00f3n Asamblea Nacional lo ratifica Presidente electo"},"content":{"rendered":"<p><body><\/p>\n<p><img decoding=\"async\" src=\"img3\/danilocertifica.jpg\" \/>  <\/p>\n<p><strong>Junto a Abel Mart\u00ednez estuvieron los senadores Francis Vargas, Amarilis Santana, Antonio Cruz; Adriano S\u00e1nchez Roa, Amable Aristy Castro; los diputados Luc\u00eda Medina, Licelott Orfelina Arias, Jos\u00e9 Luis Cosme, Elpidio B\u00e1ez, Ruddy Gonz\u00e1lez y Miguel \u00c1ngel Peguero, en calidad de asamble\u00edstas.<\/strong><\/p>\n<\/p>\n<\/p>\n<p><strong>SANTO DOMINGO, RD, 20 de Julio de 2016.- <\/strong>El presidente Danilo Medina recibi\u00f3 en el Palacio Nacional la certificaci\u00f3n aprobada por la Asamblea Nacional que lo acredita como Presidente electo de la Rep\u00fablica para el periodo 2016-2020.<\/p>\n<\/p>\n<p>La entrega fue realizada por una comisi\u00f3n delegada para esos fines, encabezada por el vicepresidente de la Asamblea Nacional, el presidente de la C\u00e1mara de Diputados, Abel Mart\u00ednez.<\/p>\n<\/p>\n<p>La Asamblea Nacional se reuni\u00f3 el martes  para aprobar las actas de elecci\u00f3n ya emitidas por la Junta Central Electoral, del presidente Danilo Medina y la vicepresidenta Margarita Cede\u00f1o.<\/p>\n<\/p>\n<p>Se establece que estas actas la Junta Central Electoral debe enviarlas al Congreso Nacional para su validaci\u00f3n y proceder a proclamar y lo que se hizo ayer, las c\u00e1maras reunidas en Asamblea Nacional, fue validar las actas, las que declararon buenas y v\u00e1lidas y fueron proclamados Danilo Medina y Margarita Cede\u00f1o, presidente y vicepresidenta electos, seg\u00fan precis\u00f3 Mart\u00ednez.<\/p>\n<\/p>\n<p> \u00abCon esto se cumple con el mandato constitucional y con el reglamento de la Asamblea Nacional\u00bb, puntualiz\u00f3.<\/p>\n<\/p>\n<p>Ya frente al gobernante Mart\u00ednez cumpli\u00f3 con el protocolo \u00aby en esa condici\u00f3n, nosotros fuimos delegados de la Asamblea Nacional y hemos venido a hacerle entrega formal de esta certificaci\u00f3n que lo acredita como Presidente electo de la Rep\u00fablica Dominicana\u00bb.<\/p>\n<\/p>\n<p>Junto a Abel Mart\u00ednez estuvieron los senadores Francis Vargas, Amarilis Santana, Antonio Cruz; Adriano S\u00e1nchez Roa, Amable Aristy Castro; los diputados Luc\u00eda Medina, Licelott Orfelina Arias, Jos\u00e9 Luis Cosme, Elpidio B\u00e1ez, Ruddy Gonz\u00e1lez y Miguel \u00c1ngel Peguero, en calidad de asamble\u00edstas.<\/p>\n<h6> 2016-07-21 02:41:43 <\/h6>\n<p><!--\n<link rel=\"stylesheet\" href=\"css\/bootstrap.min.css\">\n\n\n<ul class=\"pagination\">\n\t    \n\t\n\n<li >\n\t<a href='?page_no=12416'>Previous<\/a>\n\t<\/li>\n\n\n       \n    \n\n<li><a href='?page_no=1'>1<\/a><\/li>\n\n\n\n<li><a href='?page_no=2'>2<\/a><\/li>\n\n\n\n<li><a>...<\/a><\/li>\n\n\n\n<li><a href='?page_no=12415'>12415<\/a><\/li>\n\n\n\n<li><a href='?page_no=12416'>12416<\/a><\/li>\n\n\n\n<li class='active'><a>12417<\/a><\/li>\n\n\n\n<li><a href='?page_no=12418'>12418<\/a><\/li>\n\n\n\n<li><a href='?page_no=12419'>12419<\/a><\/li>\n\n\n\n<li><a>...<\/a><\/li>\n\n\n\n<li><a href='?page_no=56169'>56169<\/a><\/li>\n\n\n\n<li><a href='?page_no=56170'>56170<\/a><\/li>\n\n    \n\t\n\n<li >\n\t<a href='?page_no=12418'>Next<\/a>\n\t<\/li>\n\n\n    \n\n<li><a href='?page_no=56170'>Last &rsaquo;&rsaquo;<\/a><\/li>\n\n<\/ul>\n\n\n--><br \/>\n<\/body><\/p>\n","protected":false},"excerpt":{"rendered":"<p>Junto a Abel Mart\u00ednez estuvieron los senadores Francis Vargas, Amarilis Santana, Antonio Cruz; Adriano S\u00e1nchez Roa, Amable Aristy Castro; los diputados Luc\u00eda Medina, Licelott Orfelina Arias, Jos\u00e9 Luis Cosme, Elpidio B\u00e1ez, Ruddy Gonz\u00e1lez y Miguel \u00c1ngel Peguero, en calidad de asamble\u00edstas. SANTO DOMINGO, RD, 20 de Julio de 2016.- El presidente Danilo Medina recibi\u00f3 en [&hellip;]<\/p>\n","protected":false},"author":3,"featured_media":0,"comment_status":"open","ping_status":"open","sticky":false,"template":"","format":"standard","meta":{"footnotes":""},"categories":[20],"tags":[],"class_list":["post-217946","post","type-post","status-publish","format-standard","hentry","category-dominicana-hoy"],"_links":{"self":[{"href":"https:\/\/diariodominicano.com\/index.php?rest_route=\/wp\/v2\/posts\/217946","targetHints":{"allow":["GET"]}}],"collection":[{"href":"https:\/\/diariodominicano.com\/index.php?rest_route=\/wp\/v2\/posts"}],"about":[{"href":"https:\/\/diariodominicano.com\/index.php?rest_route=\/wp\/v2\/types\/post"}],"author":[{"embeddable":true,"href":"https:\/\/diariodominicano.com\/index.php?rest_route=\/wp\/v2\/users\/3"}],"replies":[{"embeddable":true,"href":"https:\/\/diariodominicano.com\/index.php?rest_route=%2Fwp%2Fv2%2Fcomments&post=217946"}],"version-history":[{"count":0,"href":"https:\/\/diariodominicano.com\/index.php?rest_route=\/wp\/v2\/posts\/217946\/revisions"}],"wp:attachment":[{"href":"https:\/\/diariodominicano.com\/index.php?rest_route=%2Fwp%2Fv2%2Fmedia&parent=217946"}],"wp:term":[{"taxonomy":"category","embeddable":true,"href":"https:\/\/diariodominicano.com\/index.php?rest_route=%2Fwp%2Fv2%2Fcategories&post=217946"},{"taxonomy":"post_tag","embeddable":true,"href":"https:\/\/diariodominicano.com\/index.php?rest_route=%2Fwp%2Fv2%2Ftags&post=217946"}],"curies":[{"name":"wp","href":"https:\/\/api.w.org\/{rel}","templated":true}]}}