{"id":217942,"date":"2016-07-21T10:20:19","date_gmt":"2016-07-21T10:20:19","guid":{"rendered":"http:\/\/diariodominicano.ddns.net\/?p=217942"},"modified":"2016-07-21T10:20:19","modified_gmt":"2016-07-21T10:20:19","slug":"geologo-critica-cabildos-mal-manejo-de-basura","status":"publish","type":"post","link":"https:\/\/diariodominicano.com\/?p=217942","title":{"rendered":"Ge\u00f3logo critica cabildos  mal manejo de basura"},"content":{"rendered":"<p><body><\/p>\n<p><img decoding=\"async\" src=\"img3\/Osiris 21-7.jpg\" \/>  <\/p>\n<p><span class=\"text1noticias\">Santo Domingo, R. D., 21 de julio.- El ge\u00f3logo Osiris de Le\u00f3n critic\u00f3 que el Gobierno y los ayuntamientos contin\u00faen con la creaci\u00f3n de rellenos sanitarios para el manejo de la basura, sin un programa ni un plan sistematizado que contribuya a crear una gran industria del reciclaje.<\/span><\/p>\n<p><span class=\"text1noticias\"> <\/span><\/p>\n<p><span class=\"text1noticias\">De Le\u00f3n reclam\u00f3 que el Gobierno, a trav\u00e9s del Ministerio de Medio Ambiente y Recursos Naturales, y los municipios, a trav\u00e9s de los ayuntamientos, haga cumplir la disposici\u00f3n 1-2015, que ordena la clasificaci\u00f3n de la basura en desechos org\u00e1nicos e inorg\u00e1nicos.<\/span><\/p>\n<p><span class=\"text1noticias\"> <\/span><\/p>\n<p><span class=\"text1noticias\">Considera que si se hace un uso y manejo adecuado de la basura, en vez de ser un elemento de contaminaci\u00f3n y generador de enfermedades infeccionas, desarrollar\u00eda sectores de la industria y generar\u00eda empleos y riquezas.<\/span><\/p>\n<p><span class=\"text1noticias\"> <\/span><\/p>\n<p><span class=\"text1noticias\">Para evitar el c\u00famulo de basura en las ciudades, Osiris de Le\u00f3n, plante\u00f3, adem\u00e1s de cumplirse con la referida resoluci\u00f3n, se recoja en d\u00edas y horas diferentes y sea clasificada.<\/span><\/p>\n<p><span class=\"text1noticias\"> <\/span><\/p>\n<p><span class=\"text1noticias\">El ambientalista, sugiere un programa de educaci\u00f3n ciudadana, para que los habitantes clasifiquen la basura por tipo de material, como vidrio, metales, papeles, cartones, pl\u00e1sticos, latas y desechos alimenticios.<\/span><\/p>\n<p><span class=\"text1noticias\"> <\/span><\/p>\n<p><span class=\"text1noticias\">Respecto a los metales, el experto ambientalista, miembro de la Academia de Ciencias de Rep\u00fablica Dominicana, explic\u00f3 que la clasificaci\u00f3n de la basura permitir\u00e1 el desarrollo de peque\u00f1as y medianas industrias recicladoras, que podr\u00eda instalarse y operar con el impulso del Gobierno, que las estimular\u00eda con financiamientos v\u00eda Banca Solidaria o el tambi\u00e9n estatal Banco de Reservas.<\/span><\/p>\n<p><span class=\"text1noticias\"> <\/span><\/p>\n<p><span class=\"text1noticias\">Osiris de Le\u00f3n, explic\u00f3 que separarse los metales como el aluminio, obtenido de los envases enlatados de refresco, alimentos, cervezas y jugos, contribuir\u00e1 a la preservaci\u00f3n de los recursos naturales, porque se obtendr\u00eda a muy bajo costo el aluminio que requiera la industria, en vez del de alto costo obtenido mediante la descomposici\u00f3n qu\u00edmica de la bauxita.<\/span><\/p>\n<p><span class=\"text1noticias\"> <\/span><\/p>\n<p><span class=\"text1noticias\">A\u00f1adi\u00f3 que con los retos de comidas y de plantas se podr\u00eda obtener, mediante el sistema de trituraci\u00f3n, abonos org\u00e1nicos para la producci\u00f3n agr\u00edcola, cuyos cultivos lograr\u00edan alto valor y competitividad en los mercados internacionales, principalmente en Europa.<\/span><\/p>\n<p><span class=\"text1noticias\"> <\/span><\/p>\n<p><span class=\"text1noticias\">Sostuvo que a la vez se evitar\u00eda el uso intensivo de abono qu\u00edmico en la agricultura, que estima altamente da\u00f1ino a la salud humana.<\/span><\/p>\n<p><span class=\"text1noticias\"> <\/span><\/p>\n<p><span class=\"text1noticias\">Con esa clasificaci\u00f3n, asegura s\u00f3lo llegar\u00eda a los lugares de transferencias dentro un 10% a 15% de la basura producida por cada habitante, que seg\u00fan estableci\u00f3 genera m\u00e1s de un kilogramo diario.<\/span><\/p>\n<p><span class=\"text1noticias\"> <\/span><\/p>\n<p><span class=\"text1noticias\">De Le\u00f3n tambi\u00e9n sugiri\u00f3, a la vez, la instalaci\u00f3n de grandes estaciones de transferencias de la basura y residuos s\u00f3lidos, a fin de darle mejor manejo y evitar la contaminaci\u00f3n ambiental y los focos infecciosos.<\/span><\/p>\n<p><span class=\"text1noticias\"> <\/span><\/p>\n<p><span class=\"text1noticias\">\u00abLa basura bien manejada se convertir\u00eda en una gran industria del reciclaje y crear\u00eda empleos, y se evitar\u00eda que los rellenos sanitarios sean fuentes de contaminaci\u00f3n ambiental, de generaci\u00f3n de enfermedades infecciosas y de repudio social.<\/span><\/p>\n<p><span class=\"text1noticias\"> <\/span><\/p>\n<p><span class=\"text1noticias\">El ge\u00f3logo Osiris de Le\u00f3n hizo la cr\u00edtica e hizo las propuestas a prop\u00f3sito del anuncio del Ministerio de Medio Ambiente y Recursos Naturales, de que construir\u00e1 un relleno sanitario en el municipio Haina, de San Crist\u00f3bal, en una zona de mina inhabilitada, a fin de evitar las humaredas generadas por el vertedero <\/span>municipal.<\/p>\n<\/p>\n<h6> 2016-07-21 10:20:19 <\/h6>\n<p><!--\n<link rel=\"stylesheet\" href=\"css\/bootstrap.min.css\">\n\n\n<ul class=\"pagination\">\n\t    \n\t\n\n<li >\n\t<a href='?page_no=12412'>Previous<\/a>\n\t<\/li>\n\n\n       \n    \n\n<li><a href='?page_no=1'>1<\/a><\/li>\n\n\n\n<li><a href='?page_no=2'>2<\/a><\/li>\n\n\n\n<li><a>...<\/a><\/li>\n\n\n\n<li><a href='?page_no=12411'>12411<\/a><\/li>\n\n\n\n<li><a href='?page_no=12412'>12412<\/a><\/li>\n\n\n\n<li class='active'><a>12413<\/a><\/li>\n\n\n\n<li><a href='?page_no=12414'>12414<\/a><\/li>\n\n\n\n<li><a href='?page_no=12415'>12415<\/a><\/li>\n\n\n\n<li><a>...<\/a><\/li>\n\n\n\n<li><a href='?page_no=56169'>56169<\/a><\/li>\n\n\n\n<li><a href='?page_no=56170'>56170<\/a><\/li>\n\n    \n\t\n\n<li >\n\t<a href='?page_no=12414'>Next<\/a>\n\t<\/li>\n\n\n    \n\n<li><a href='?page_no=56170'>Last &rsaquo;&rsaquo;<\/a><\/li>\n\n<\/ul>\n\n\n--><br \/>\n<\/body><\/p>\n","protected":false},"excerpt":{"rendered":"<p>Santo Domingo, R. D., 21 de julio.- El ge\u00f3logo Osiris de Le\u00f3n critic\u00f3 que el Gobierno y los ayuntamientos contin\u00faen con la creaci\u00f3n de rellenos sanitarios para el manejo de la basura, sin un programa ni un plan sistematizado que contribuya a crear una gran industria del reciclaje. De Le\u00f3n reclam\u00f3 que el Gobierno, a [&hellip;]<\/p>\n","protected":false},"author":3,"featured_media":0,"comment_status":"open","ping_status":"open","sticky":false,"template":"","format":"standard","meta":{"footnotes":""},"categories":[20],"tags":[],"class_list":["post-217942","post","type-post","status-publish","format-standard","hentry","category-dominicana-hoy"],"_links":{"self":[{"href":"https:\/\/diariodominicano.com\/index.php?rest_route=\/wp\/v2\/posts\/217942","targetHints":{"allow":["GET"]}}],"collection":[{"href":"https:\/\/diariodominicano.com\/index.php?rest_route=\/wp\/v2\/posts"}],"about":[{"href":"https:\/\/diariodominicano.com\/index.php?rest_route=\/wp\/v2\/types\/post"}],"author":[{"embeddable":true,"href":"https:\/\/diariodominicano.com\/index.php?rest_route=\/wp\/v2\/users\/3"}],"replies":[{"embeddable":true,"href":"https:\/\/diariodominicano.com\/index.php?rest_route=%2Fwp%2Fv2%2Fcomments&post=217942"}],"version-history":[{"count":0,"href":"https:\/\/diariodominicano.com\/index.php?rest_route=\/wp\/v2\/posts\/217942\/revisions"}],"wp:attachment":[{"href":"https:\/\/diariodominicano.com\/index.php?rest_route=%2Fwp%2Fv2%2Fmedia&parent=217942"}],"wp:term":[{"taxonomy":"category","embeddable":true,"href":"https:\/\/diariodominicano.com\/index.php?rest_route=%2Fwp%2Fv2%2Fcategories&post=217942"},{"taxonomy":"post_tag","embeddable":true,"href":"https:\/\/diariodominicano.com\/index.php?rest_route=%2Fwp%2Fv2%2Ftags&post=217942"}],"curies":[{"name":"wp","href":"https:\/\/api.w.org\/{rel}","templated":true}]}}