{"id":217940,"date":"2016-07-21T11:47:16","date_gmt":"2016-07-21T11:47:16","guid":{"rendered":"http:\/\/diariodominicano.ddns.net\/?p=217940"},"modified":"2016-07-21T11:47:16","modified_gmt":"2016-07-21T11:47:16","slug":"despacho-de-la-primera-dama-pondra-en-funcionamiento-cenasi","status":"publish","type":"post","link":"https:\/\/diariodominicano.com\/?p=217940","title":{"rendered":"Despacho de la Primera Dama pondr\u00e1 en funcionamiento CENASI"},"content":{"rendered":"<p><body><\/p>\n<p><img decoding=\"async\" src=\"img3\/Cenasi21-7.jpg\" \/>  <\/p>\n<p><span class=\"text1noticias\">Santo Domingo, R. D., 21 de julio.- La Primera Dama C\u00e1ndida Montilla de Medina dejar\u00e1 en funcionamiento el pr\u00f3ximo lunes, a partir de las 11 de la ma\u00f1ana,  el \u00abCentro de Atenci\u00f3n Sicosocial para Internos de la Penitenciar\u00eda La Victoria (CENASI)\u00bb.<\/span><\/p>\n<p><span class=\"text1noticias\"> <\/span><\/p>\n<p><span class=\"text1noticias\">Se trata de un nuevo programa del Despacho de la Primera Dama con el cual Montilla de Medina impulsa las pol\u00edticas sociales de inclusi\u00f3n y atenci\u00f3n a personas de sectores vulnerables de la poblaci\u00f3n.<\/span><\/p>\n<p><span class=\"text1noticias\"> <\/span><\/p>\n<p><span class=\"text1noticias\">El CENASI es una iniciativa de Montilla de Medina, que tiene como objetivo contribuir a la formaci\u00f3n y orientaci\u00f3n de los internos del sistema penitenciario nacional,  para la mejor\u00eda en el aspecto psicol\u00f3gico,  a trav\u00e9s de sesiones de consejer\u00eda y asesoramiento psicopedag\u00f3gico, psicoterap\u00e9utico grupal y de terapia conductual.<\/span><\/p>\n<p><span class=\"text1noticias\"> <\/span><\/p>\n<p><span class=\"text1noticias\">Con este nuevo programa, que ser\u00e1 coordinado por la comunicadora y psic\u00f3loga Zoila Luna, el Despacho de la Primera Dama busca suplir la necesidad de apoyo y consejer\u00eda psicol\u00f3gica y conductual de los internos en conflicto con la ley.<\/span><\/p>\n<p><span class=\"text1noticias\"> <\/span><\/p>\n<p><span class=\"text1noticias\">Con este prop\u00f3sito, ofrecer\u00e1  a los internos mayores posibilidades para una reinserci\u00f3n social positiva y productiva, cuando hayan cumplido sus condenas.<\/span><\/p>\n<p><span class=\"text1noticias\"> <\/span><\/p>\n<p><span class=\"text1noticias\">El programa funcionar\u00e1, en principio, en la penitenciar\u00eda nacional La Victoria, situada en la calle Primera, en la comunidad de Villa Mella, en Santo Domingo Norte; y posteriormente, en otros centros de reclusi\u00f3n.<\/span><\/p>\n<p><span class=\"text1noticias\"> <\/span><\/p>\n<p><span class=\"text1noticias\">Como psic\u00f3loga y terapeuta familiar, la primera dama de la Rep\u00fablica favorece que dentro de un nuevo modelo penitenciario se priorice la implementaci\u00f3n de proyectos y programas  basados en la humanizaci\u00f3n y desarrollo personal conductual del inte<\/span>rno. <\/p>\n<\/p>\n<h6> 2016-07-21 11:47:16 <\/h6>\n<p><!--\n<link rel=\"stylesheet\" href=\"css\/bootstrap.min.css\">\n\n\n<ul class=\"pagination\">\n\t    \n\t\n\n<li >\n\t<a href='?page_no=12410'>Previous<\/a>\n\t<\/li>\n\n\n       \n    \n\n<li><a href='?page_no=1'>1<\/a><\/li>\n\n\n\n<li><a href='?page_no=2'>2<\/a><\/li>\n\n\n\n<li><a>...<\/a><\/li>\n\n\n\n<li><a href='?page_no=12409'>12409<\/a><\/li>\n\n\n\n<li><a href='?page_no=12410'>12410<\/a><\/li>\n\n\n\n<li class='active'><a>12411<\/a><\/li>\n\n\n\n<li><a href='?page_no=12412'>12412<\/a><\/li>\n\n\n\n<li><a href='?page_no=12413'>12413<\/a><\/li>\n\n\n\n<li><a>...<\/a><\/li>\n\n\n\n<li><a href='?page_no=56169'>56169<\/a><\/li>\n\n\n\n<li><a href='?page_no=56170'>56170<\/a><\/li>\n\n    \n\t\n\n<li >\n\t<a href='?page_no=12412'>Next<\/a>\n\t<\/li>\n\n\n    \n\n<li><a href='?page_no=56170'>Last &rsaquo;&rsaquo;<\/a><\/li>\n\n<\/ul>\n\n\n--><br \/>\n<\/body><\/p>\n","protected":false},"excerpt":{"rendered":"<p>Santo Domingo, R. D., 21 de julio.- La Primera Dama C\u00e1ndida Montilla de Medina dejar\u00e1 en funcionamiento el pr\u00f3ximo lunes, a partir de las 11 de la ma\u00f1ana, el \u00abCentro de Atenci\u00f3n Sicosocial para Internos de la Penitenciar\u00eda La Victoria (CENASI)\u00bb. Se trata de un nuevo programa del Despacho de la Primera Dama con el [&hellip;]<\/p>\n","protected":false},"author":3,"featured_media":0,"comment_status":"open","ping_status":"open","sticky":false,"template":"","format":"standard","meta":{"footnotes":""},"categories":[20],"tags":[],"class_list":["post-217940","post","type-post","status-publish","format-standard","hentry","category-dominicana-hoy"],"_links":{"self":[{"href":"https:\/\/diariodominicano.com\/index.php?rest_route=\/wp\/v2\/posts\/217940","targetHints":{"allow":["GET"]}}],"collection":[{"href":"https:\/\/diariodominicano.com\/index.php?rest_route=\/wp\/v2\/posts"}],"about":[{"href":"https:\/\/diariodominicano.com\/index.php?rest_route=\/wp\/v2\/types\/post"}],"author":[{"embeddable":true,"href":"https:\/\/diariodominicano.com\/index.php?rest_route=\/wp\/v2\/users\/3"}],"replies":[{"embeddable":true,"href":"https:\/\/diariodominicano.com\/index.php?rest_route=%2Fwp%2Fv2%2Fcomments&post=217940"}],"version-history":[{"count":0,"href":"https:\/\/diariodominicano.com\/index.php?rest_route=\/wp\/v2\/posts\/217940\/revisions"}],"wp:attachment":[{"href":"https:\/\/diariodominicano.com\/index.php?rest_route=%2Fwp%2Fv2%2Fmedia&parent=217940"}],"wp:term":[{"taxonomy":"category","embeddable":true,"href":"https:\/\/diariodominicano.com\/index.php?rest_route=%2Fwp%2Fv2%2Fcategories&post=217940"},{"taxonomy":"post_tag","embeddable":true,"href":"https:\/\/diariodominicano.com\/index.php?rest_route=%2Fwp%2Fv2%2Ftags&post=217940"}],"curies":[{"name":"wp","href":"https:\/\/api.w.org\/{rel}","templated":true}]}}