{"id":217939,"date":"2016-07-21T13:01:57","date_gmt":"2016-07-21T13:01:57","guid":{"rendered":"http:\/\/diariodominicano.ddns.net\/?p=217939"},"modified":"2016-07-21T13:01:57","modified_gmt":"2016-07-21T13:01:57","slug":"siuben-amplia-transparencia-y-calidad-con-carta-compromiso-al-ciudadano","status":"publish","type":"post","link":"https:\/\/diariodominicano.com\/?p=217939","title":{"rendered":"Siuben ampl\u00eda transparencia y calidad con Carta Compromiso al Ciudadano"},"content":{"rendered":"<p><body><\/p>\n<p><img decoding=\"async\" src=\"img3\/vicepresidencia21-7.jpg\" \/><br \/><img decoding=\"async\" src=\"img3\/VICE-Siuben21-7.jpg\" \/>  <\/p>\n<p><span class=\"text1noticias\">Santo Domingo, R. D., 21 de julio.- La vicepresidenta de la Rep\u00fablica, doctora Margarita Cede\u00f1o, present\u00f3 este lunes la Carta Compromiso al Ciudadano del Sistema \u00danico de Beneficiarios (Siuben), documento en el cual las personas pueden encontrar informaci\u00f3n relativa a los servicios que presta la instituci\u00f3n y la forma de acceder a ellos.<\/span><\/p>\n<p><span class=\"text1noticias\"> <\/span><\/p>\n<p><span class=\"text1noticias\">La tambi\u00e9n coordinadora del Gabinete de Pol\u00edticas Sociales, junto a la directora del Siuben, Matilde Ch\u00e1vez, hizo p\u00fablico el documento en el Palacio Nacional, en presencia del ministro de Administraci\u00f3n P\u00fablica, Ram\u00f3n Ventura Camejo, en cumplimiento con la disposici\u00f3n de ese ministerio y el Decreto 211-10 del 15 de abril del a\u00f1o 2010, el cual exige la elaboraci\u00f3n de ese tipo de documentos para mantener informados a los usuarios.<\/span><\/p>\n<p><span class=\"text1noticias\"> <\/span><\/p>\n<p><span class=\"text1noticias\">Ch\u00e1vez se\u00f1al\u00f3 que la carta explica la normativa que regula cada uno de los servicios que ofrece la instituci\u00f3n, mapa de producci\u00f3n, derechos y deberes del ciudadano, procedimiento de comunicaci\u00f3n y participaci\u00f3n ciudadana, compromisos de calidad ofrecidos, entre otras especificaciones.<\/span><\/p>\n<p><span class=\"text1noticias\"> <\/span><\/p>\n<p><span class=\"text1noticias\">\u00abHoy es motivo de satisfacci\u00f3n, porque ponemos a la disposici\u00f3n de todos nuestra Carta Compromiso al Ciudadano, una muestra de transparencia e integridad, reflejo de que el Sistema \u00danico de Beneficiarios garantiza compromiso social con la calidad de las informaciones generadas, con lo que aportamos para construir una sociedad m\u00e1s justa e inclusiva\u00bb, enfatiz\u00f3.<\/span><\/p>\n<p><span class=\"text1noticias\"> <\/span><\/p>\n<p><span class=\"text1noticias\">Dijo que mediante el documento los ciudadanos y dem\u00e1s solicitantes disponen de un procedimiento preciso y servicios con los m\u00e1s altos est\u00e1ndares de calidad; tambi\u00e9n, reciben respuesta a las solicitudes de informaci\u00f3n y estatus de elegibles para los programas sociales en un tiempo oportuno.<\/span><\/p>\n<p><span class=\"text1noticias\"> <\/span><\/p>\n<p><span class=\"text1noticias\">\u00abEn el Siuben, los ciudadanos y dem\u00e1s solicitantes, disponen de un procedimiento preciso donde la instituci\u00f3n ofrece tiempo de respuesta y acredita los m\u00e1s altos niveles de calidad\u00bb, sostuvo.<\/span><\/p>\n<p><span class=\"text1noticias\"> <\/span><\/p>\n<p><span class=\"text1noticias\">La directora del Siuben agreg\u00f3 que la Carta provee informaci\u00f3n socioecon\u00f3mica y demogr\u00e1fica a las instituciones y usuarios relacionados al sistema de protecci\u00f3n social. <\/span><\/p>\n<p><span class=\"text1noticias\"> <\/span><\/p>\n<p><span class=\"text1noticias\">El Siuben es una instituci\u00f3n adscrita al Gabinete Social de la Vicepresidencia de la Rep\u00fablica, que trabaja en la construcci\u00f3n de una base de datos socioecon\u00f3micos e informaci\u00f3n de los hogares m\u00e1s vulnerables de la sociedad dominicana.<\/span><\/p>\n<p><span class=\"text1noticias\"> <\/span><\/p>\n<p><span class=\"text1noticias\">Esta informaci\u00f3n permite la elaboraci\u00f3n de pol\u00edticas p\u00fablicas dirigidas a alcanzar la equidad y el dise\u00f1o de oportunidades de desarrollo, con miras a reducir significativamente los niveles de pobreza y desigualdad en el pa\u00eds.<\/span><\/p>\n<p><span class=\"text1noticias\"> <\/span><\/p>\n<p><span class=\"text1noticias\">La instituci\u00f3n trabaja incansablemente para garantizar la confiabilidad e integridad de sus informaciones, raz\u00f3n por la cual posee las certificaciones ISO 27001 e ISO 9001. As\u00ed tambi\u00e9n tiene certificada su base de datos de unos 2.5 millones de hogares ubicados en las zonas prioritarias del pa\u00eds.<\/span><\/p>\n<p><span class=\"text1noticias\"> <\/span><\/p>\n<p><span class=\"text1noticias\">Contacto con Siuben<\/span><\/p>\n<p><span class=\"text1noticias\"> <\/span><\/p>\n<p><span class=\"text1noticias\">Los ciudadano podr\u00e1n comunicarse, presentar quejas y sugerencias de manera fluida y sin inconvenientes a trav\u00e9s del correo electr\u00f3nico info@siuben.gob.do, las que ser\u00e1n respondidas en dos d\u00edas h\u00e1biles. Tambi\u00e9n mediante la p\u00e1gina Web www.siuben.gob.do, de forma presencial en los centros de atenci\u00f3n al usuario del Siuben y en sus regionales y por el tel\u00e9fono (809) 689-5230.<\/span><\/p>\n<p><span class=\"text1noticias\"> <\/span><\/p>\n<p><span class=\"text1noticias\">La coordinadora del equipo responsable de recibir, procesar y tramitar todo lo concerniente a la Carta Compromiso al Ciudadano corresponde a los departamentos de Gesti\u00f3n Integral y Planificaci\u00f3n y Desarrollo, ubicado en la John F. Kennedy n\u00famero 38 en el ensanche La <\/span>Fe.<\/p>\n<h6> 2016-07-21 13:01:57 <\/h6>\n<p><!--\n<link rel=\"stylesheet\" href=\"css\/bootstrap.min.css\">\n\n\n<ul class=\"pagination\">\n\t    \n\t\n\n<li >\n\t<a href='?page_no=12409'>Previous<\/a>\n\t<\/li>\n\n\n       \n    \n\n<li><a href='?page_no=1'>1<\/a><\/li>\n\n\n\n<li><a href='?page_no=2'>2<\/a><\/li>\n\n\n\n<li><a>...<\/a><\/li>\n\n\n\n<li><a href='?page_no=12408'>12408<\/a><\/li>\n\n\n\n<li><a href='?page_no=12409'>12409<\/a><\/li>\n\n\n\n<li class='active'><a>12410<\/a><\/li>\n\n\n\n<li><a href='?page_no=12411'>12411<\/a><\/li>\n\n\n\n<li><a href='?page_no=12412'>12412<\/a><\/li>\n\n\n\n<li><a>...<\/a><\/li>\n\n\n\n<li><a href='?page_no=56169'>56169<\/a><\/li>\n\n\n\n<li><a href='?page_no=56170'>56170<\/a><\/li>\n\n    \n\t\n\n<li >\n\t<a href='?page_no=12411'>Next<\/a>\n\t<\/li>\n\n\n    \n\n<li><a href='?page_no=56170'>Last &rsaquo;&rsaquo;<\/a><\/li>\n\n<\/ul>\n\n\n--><br \/>\n<\/body><\/p>\n","protected":false},"excerpt":{"rendered":"<p>Santo Domingo, R. D., 21 de julio.- La vicepresidenta de la Rep\u00fablica, doctora Margarita Cede\u00f1o, present\u00f3 este lunes la Carta Compromiso al Ciudadano del Sistema \u00danico de Beneficiarios (Siuben), documento en el cual las personas pueden encontrar informaci\u00f3n relativa a los servicios que presta la instituci\u00f3n y la forma de acceder a ellos. La tambi\u00e9n [&hellip;]<\/p>\n","protected":false},"author":3,"featured_media":0,"comment_status":"open","ping_status":"open","sticky":false,"template":"","format":"standard","meta":{"footnotes":""},"categories":[20],"tags":[],"class_list":["post-217939","post","type-post","status-publish","format-standard","hentry","category-dominicana-hoy"],"_links":{"self":[{"href":"https:\/\/diariodominicano.com\/index.php?rest_route=\/wp\/v2\/posts\/217939","targetHints":{"allow":["GET"]}}],"collection":[{"href":"https:\/\/diariodominicano.com\/index.php?rest_route=\/wp\/v2\/posts"}],"about":[{"href":"https:\/\/diariodominicano.com\/index.php?rest_route=\/wp\/v2\/types\/post"}],"author":[{"embeddable":true,"href":"https:\/\/diariodominicano.com\/index.php?rest_route=\/wp\/v2\/users\/3"}],"replies":[{"embeddable":true,"href":"https:\/\/diariodominicano.com\/index.php?rest_route=%2Fwp%2Fv2%2Fcomments&post=217939"}],"version-history":[{"count":0,"href":"https:\/\/diariodominicano.com\/index.php?rest_route=\/wp\/v2\/posts\/217939\/revisions"}],"wp:attachment":[{"href":"https:\/\/diariodominicano.com\/index.php?rest_route=%2Fwp%2Fv2%2Fmedia&parent=217939"}],"wp:term":[{"taxonomy":"category","embeddable":true,"href":"https:\/\/diariodominicano.com\/index.php?rest_route=%2Fwp%2Fv2%2Fcategories&post=217939"},{"taxonomy":"post_tag","embeddable":true,"href":"https:\/\/diariodominicano.com\/index.php?rest_route=%2Fwp%2Fv2%2Ftags&post=217939"}],"curies":[{"name":"wp","href":"https:\/\/api.w.org\/{rel}","templated":true}]}}