{"id":217937,"date":"2016-07-21T14:22:56","date_gmt":"2016-07-21T14:22:56","guid":{"rendered":"http:\/\/diariodominicano.ddns.net\/?p=217937"},"modified":"2016-07-21T14:22:56","modified_gmt":"2016-07-21T14:22:56","slug":"rector-uasd-y-ministro-de-agricultura-hablan-sobre-implementacion-de-proyectos-institucionales","status":"publish","type":"post","link":"https:\/\/diariodominicano.com\/?p=217937","title":{"rendered":"Rector UASD y ministro de Agricultura hablan sobre implementaci\u00f3n de proyectos institucionales"},"content":{"rendered":"<p><body><\/p>\n<p><img decoding=\"async\" src=\"img3\/2ec44fa2-3a4f-4ab1-ab6f-b197dd84ee1e.jpg\" \/>  <\/p>\n<p><span class=\"text1noticias\">Santo domingo, R.D., 21 de julio.- El rector de la Universidad Aut\u00f3noma de Santo Domingo (UASD), Iv\u00e1n Grull\u00f3n Fern\u00e1ndez,  y el decano de la Facultad de Ciencias Agron\u00f3micas y Veterinarias (FCAV),   Modesto Reyes Valent\u00edn, recibieron  en Engombe al ministro de Agricultura, \u00c1ngel Est\u00e9vez, con el objetivo de tratar sobre la implementaci\u00f3n de proyectos de inter\u00e9s para ambas instituciones y el pa\u00eds.<\/span><\/p>\n<p><span class=\"text1noticias\"> <\/span><\/p>\n<p><span class=\"text1noticias\">Grull\u00f3n Fern\u00e1ndez, tras agradecer la visita del funcionario gubernamental,  destac\u00f3 la importancia de la misma en momento que la Universidad y el Gobierno desarrollan un di\u00e1logo para discutir planes de mejora de la academia y el apoyo que \u00e9sta requiere, al tiempo de se\u00f1alar que \u00abEl gobierno lleg\u00f3 para quedarse en la UASD\u00bb.<\/span><\/p>\n<p><span class=\"text1noticias\"> <\/span><\/p>\n<p><span class=\"text1noticias\">Mientras que el ministro Est\u00e9vez manifest\u00f3 que para \u00e9l es un gran honor volver a su Alma M\u00e1ter y a la instituci\u00f3n con la que tiene una deuda permanente, por ser la entidad acad\u00e9mica que lo form\u00f3 y lo prepar\u00f3 para la vida y el ejercicio profesional, a la vez que exhort\u00f3 a todos los egresados a no olvidar los aportes de la Universidad con cada uno de ellos y la sociedad dominicana.<\/span><\/p>\n<p><span class=\"text1noticias\"> <\/span><\/p>\n<p><span class=\"text1noticias\">Expres\u00f3 que siempre estar\u00e1 en disposici\u00f3n de apoyar a su academia y a la Asociaci\u00f3n de Egresados de la Facultad, tras destacar que es la \u00fanica organizaci\u00f3n incorporada de la Universidad Aut\u00f3noma de Santo Domingo, a la que don\u00f3 todo el mobiliario de su oficina ubicada en Engombe.<\/span><\/p>\n<p><span class=\"text1noticias\"> <\/span><\/p>\n<p><span class=\"text1noticias\">Solicit\u00f3 al rector su  apoyo para implementar diferentes proyectos de inter\u00e9s para el Ministerio, entre los cuales se\u00f1al\u00f3 el control biol\u00f3gico de plagas, particularmente para la producci\u00f3n de los enemigos naturales Oriussp y Amblyseussp, que ser\u00e1n utilizados en el control de Thrips en invernaderos y campo abierto de producci\u00f3n de vegetales, ya que \u00e9stos representan una temible plaga en diferentes cultivos de consumo local y de exportaci\u00f3n.<\/span><\/p>\n<p><span class=\"text1noticias\"> <\/span><\/p>\n<p><span class=\"text1noticias\">Inst\u00f3 a la m\u00e1xima autoridad uasdiana al acompa\u00f1amiento de la academia a los productores de leche y procesadores de l\u00e1cteos, para mejorar la calidad e inocuidad de esos productos y subproductos, principalmente en la regi\u00f3n Este para  que puedan incrementar sus beneficios al corregir indicadores como la reducci\u00f3n de bacterias formadoras de colonias. <\/span><\/p>\n<p><span class=\"text1noticias\"> <\/span><\/p>\n<p><span class=\"text1noticias\">Plante\u00f3 la necesidad de que la Universidad ayude al Ministerio de Agricultura en el manejo post-cosecha de los productos agropecuarios y se\u00f1al\u00f3 que los productores y el pa\u00eds pierden cuantiosas sumas de dinero por la falta de un buen manejo de \u00e9sta.<\/span><\/p>\n<p><span class=\"text1noticias\"> <\/span><\/p>\n<p><span class=\"text1noticias\">Precis\u00f3 que para estos proyectos el Ministerio de Agricultura dispone de los fondos suficientes para su implementaci\u00f3n y que solo espera que la UASD conjuntamente con los t\u00e9cnicos, puedan llevar a cabo trabajos en conjunto.<\/span><\/p>\n<p><span class=\"text1noticias\"> <\/span><\/p>\n<p><span class=\"text1noticias\">El funcionario se comprometi\u00f3 a entregar  un equipo de Rayos X a la escuela de Medicina Veterinaria, para fortalecer los laboratorios de Imageniolog\u00eda del hospital Veterinario y contribuir\u00e1 con el fortalecimiento de los de an\u00e1lisis de suelos y agua, a trav\u00e9s de la adquisici\u00f3n de nuevos equipos, a fin de garantizar esos servicios a los productores.<\/span><\/p>\n<p><span class=\"text1noticias\">         <\/span><\/p>\n<p><span class=\"text1noticias\">Para implementar los diferentes proyectos se conform\u00f3 una comisi\u00f3n de t\u00e9cnicos de la Universidad estatal y Agricultura, la cual estar\u00e1 coordinada por el decano de la Facultad de Ciencias Agron\u00f3micas y Veterinarias, doctor Reyes Valent\u00edn, y el viceministro de Planificaci\u00f3n Sectorial Agropecuaria, doctor Winston Marte, quienes se reunir\u00e1n para sesi\u00f3n de trabajo el lunes 27 de julio en el ministerio gubernamental.<\/span><\/p>\n<p><span class=\"text1noticias\"> <\/span><\/p>\n<p><span class=\"text1noticias\">El rector y el ministro de Agricultura acordaron girar una visita a la Estaci\u00f3n Experimental \u00abSierra Prieta\u00bb, de la FCAV, para conocer de las autoridades los programas de capacitaci\u00f3n, investigaci\u00f3n y extensi\u00f3n, que en el \u00e1mbito de la producci\u00f3n agr\u00edcola y pecuaria se desarrolla en esa dependencia universitaria.<\/span><\/p>\n<\/p>\n<h6> 2016-07-21 14:22:56 <\/h6>\n<p><!--\n<link rel=\"stylesheet\" href=\"css\/bootstrap.min.css\">\n\n\n<ul class=\"pagination\">\n\t    \n\t\n\n<li >\n\t<a href='?page_no=12408'>Previous<\/a>\n\t<\/li>\n\n\n       \n    \n\n<li><a href='?page_no=1'>1<\/a><\/li>\n\n\n\n<li><a href='?page_no=2'>2<\/a><\/li>\n\n\n\n<li><a>...<\/a><\/li>\n\n\n\n<li><a href='?page_no=12407'>12407<\/a><\/li>\n\n\n\n<li><a href='?page_no=12408'>12408<\/a><\/li>\n\n\n\n<li class='active'><a>12409<\/a><\/li>\n\n\n\n<li><a href='?page_no=12410'>12410<\/a><\/li>\n\n\n\n<li><a href='?page_no=12411'>12411<\/a><\/li>\n\n\n\n<li><a>...<\/a><\/li>\n\n\n\n<li><a href='?page_no=56169'>56169<\/a><\/li>\n\n\n\n<li><a href='?page_no=56170'>56170<\/a><\/li>\n\n    \n\t\n\n<li >\n\t<a href='?page_no=12410'>Next<\/a>\n\t<\/li>\n\n\n    \n\n<li><a href='?page_no=56170'>Last &rsaquo;&rsaquo;<\/a><\/li>\n\n<\/ul>\n\n\n--><br \/>\n<\/body><\/p>\n","protected":false},"excerpt":{"rendered":"<p>Santo domingo, R.D., 21 de julio.- El rector de la Universidad Aut\u00f3noma de Santo Domingo (UASD), Iv\u00e1n Grull\u00f3n Fern\u00e1ndez, y el decano de la Facultad de Ciencias Agron\u00f3micas y Veterinarias (FCAV), Modesto Reyes Valent\u00edn, recibieron en Engombe al ministro de Agricultura, \u00c1ngel Est\u00e9vez, con el objetivo de tratar sobre la implementaci\u00f3n de proyectos de inter\u00e9s [&hellip;]<\/p>\n","protected":false},"author":3,"featured_media":0,"comment_status":"open","ping_status":"open","sticky":false,"template":"","format":"standard","meta":{"footnotes":""},"categories":[20],"tags":[],"class_list":["post-217937","post","type-post","status-publish","format-standard","hentry","category-dominicana-hoy"],"_links":{"self":[{"href":"https:\/\/diariodominicano.com\/index.php?rest_route=\/wp\/v2\/posts\/217937","targetHints":{"allow":["GET"]}}],"collection":[{"href":"https:\/\/diariodominicano.com\/index.php?rest_route=\/wp\/v2\/posts"}],"about":[{"href":"https:\/\/diariodominicano.com\/index.php?rest_route=\/wp\/v2\/types\/post"}],"author":[{"embeddable":true,"href":"https:\/\/diariodominicano.com\/index.php?rest_route=\/wp\/v2\/users\/3"}],"replies":[{"embeddable":true,"href":"https:\/\/diariodominicano.com\/index.php?rest_route=%2Fwp%2Fv2%2Fcomments&post=217937"}],"version-history":[{"count":0,"href":"https:\/\/diariodominicano.com\/index.php?rest_route=\/wp\/v2\/posts\/217937\/revisions"}],"wp:attachment":[{"href":"https:\/\/diariodominicano.com\/index.php?rest_route=%2Fwp%2Fv2%2Fmedia&parent=217937"}],"wp:term":[{"taxonomy":"category","embeddable":true,"href":"https:\/\/diariodominicano.com\/index.php?rest_route=%2Fwp%2Fv2%2Fcategories&post=217937"},{"taxonomy":"post_tag","embeddable":true,"href":"https:\/\/diariodominicano.com\/index.php?rest_route=%2Fwp%2Fv2%2Ftags&post=217937"}],"curies":[{"name":"wp","href":"https:\/\/api.w.org\/{rel}","templated":true}]}}