{"id":217936,"date":"2016-07-21T14:32:48","date_gmt":"2016-07-21T14:32:48","guid":{"rendered":"http:\/\/diariodominicano.ddns.net\/?p=217936"},"modified":"2016-07-21T14:32:48","modified_gmt":"2016-07-21T14:32:48","slug":"ministerio-educacion-espera-que-tanda-extendida-abarque-a-los-colegios-privados","status":"publish","type":"post","link":"https:\/\/diariodominicano.com\/?p=217936","title":{"rendered":"Ministerio Educaci\u00f3n espera que Tanda Extendida abarque a los colegios privados"},"content":{"rendered":"<p><body><\/p>\n<p><img decoding=\"async\" src=\"img3\/edfccb01-330c-4b73-921c-c74a512dc5fb.jpg\" \/>  <\/p>\n<p><span class=\"text1noticias\">Santo Domingo, R.D., 21 de julio.- El Ministro de Educaci\u00f3n, Carlos Amarante Baret, afirm\u00f3 este jueves que la aspiraci\u00f3n del Ministerio que dirige es que la Jornada Escolar de Tanda Extendida se convierta en el pa\u00eds en un modelo universal, que abarque tambi\u00e9n a los centros educativos privados.<\/span><\/p>\n<\/p>\n<p><span class=\"text1noticias\">\u00abPero es un proceso gradual, porque ya por decisi\u00f3n del Consejo Nacional de Educaci\u00f3n este modelo es el que va a regir la educaci\u00f3n dominicana. Pero todav\u00eda no es universal en la escuela p\u00fablica. Es gradualmente que ser\u00e1 puesta en ejecuci\u00f3n\u00bb, precis\u00f3 el funcionario.<\/span><\/p>\n<\/p>\n<p><span class=\"text1noticias\">Con respecto a los colegios privados, sostuvo que en alg\u00fan momento ser\u00e1 gradualmente que se podr\u00e1 tomar algunas decisiones. \u00abLo importante ahora es que el nuevo modelo est\u00e1 centrado en esta primera etapa en la escuela p\u00fablica\u00bb, refiri\u00f3 el Ministro de Educaci\u00f3n. <\/span><\/p>\n<\/p>\n<p><span class=\"text1noticias\">Sin embargo, Amarante Baret aclar\u00f3 que en esta primera etapa los colegios no est\u00e1n obligados todav\u00eda a adoptar este nuevo modelo de tanda extendida; pero en alg\u00fan momento, cuando se vaya universalizando en la escuela p\u00fablica, algunos colegios lo van a implementar y que ya varios se est\u00e1n reuniendo con las asociaciones de padres y madres para comenzar a visualizar esa posibilidad.<\/span><\/p>\n<\/p>\n<p><span class=\"text1noticias\">El Ministro de Educaci\u00f3n fue entrevistado por los periodistas en la sala de audiencias del Cuarto Tribunal Colegiado de la C\u00e1mara Penal del Juzgado de Primera Instancia del Distrito Nacional, que conoce el caso que por estafa millonaria y uso de documentos falsos en la venta de terrenos a la cartera educativa se sigue a la imputada Reyna Margarita N\u00fa\u00f1ez Infante.<\/span><\/p>\n<\/p>\n<p><span class=\"text1noticias\">Amarante Baret y los abogados de Educaci\u00f3n sostuvieron que su presencia en el tribunal, que lo cit\u00f3 como testigo, es una muestra fehaciente de su real inter\u00e9s porque se castigue a los culpables de la estafa contra el Ministerio de Educaci\u00f3n. <\/span><\/p>\n<\/p>\n<p><span class=\"text1noticias\">Sobre los cuestionamientos a la implementaci\u00f3n del nuevo Registro de Grado, el Ministro de Educaci\u00f3n afirm\u00f3 que hay una comisi\u00f3n de la Asociaci\u00f3n Dominicana de Profesores (ADP) y el MINERD que se ha estado reuniendo para conocer sobre esta situaci\u00f3n.<\/span><\/p>\n<p><span class=\"text1noticias\">Amarante Baret asegur\u00f3 que hubo un primer encuentro, y luego la ADP ten\u00eda una reuni\u00f3n de la dirigencia nacional y quedaron de aportar sus sugerencias en una semana. \u00abPorque definitivamente el registro viejo con el nuevo curr\u00edculo no funciona. Tiene que haber un nuevo registro, porque hay un nuevo curriculum\u00bb, enfatiz\u00f3 el funcionario.<\/span><\/p>\n<\/p>\n<p><span class=\"text1noticias\">No obstante, afirm\u00f3 que se escuchar\u00e1n todas las inquietudes sobre el tema, siempre buscando la manera de que se cumpla con lo que ha aprobado el Consejo Nacional de Educaci\u00f3n, pero que si hay que eliminar algunas repeticiones, se hace.<\/span><\/p>\n<\/p>\n<p><span class=\"text1noticias\">Con relaci\u00f3n al rechazo de algunos sectores a la construcci\u00f3n de una escuela en el sector Los Cocos, del barrio Los Guandules, Amarante Baret dijo que si la obra se est\u00e1 construyendo fue a partir de un an\u00e1lisis que hicieron t\u00e9cnicos del Ministerio de Obras P\u00fablicas y del MINERD.<\/span><\/p>\n<\/p>\n<p><span class=\"text1noticias\">\u00abLo importante es que en estos momentos estamos en contacto con el Codia; ellos est\u00e1n haciendo un estudio y al final ellos har\u00e1n unas recomendaciones y ya, cuando tengamos todas estas documentaciones, nos reuniremos el Ministro de Obras P\u00fablicas y quien les habla y tomaremos una decisi\u00f3n final\u00bb, enfatiz\u00f3 el Ministro de Educaci\u00f3n.<\/span><\/p>\n<h6> 2016-07-21 14:32:48 <\/h6>\n<p><!--\n<link rel=\"stylesheet\" href=\"css\/bootstrap.min.css\">\n\n\n<ul class=\"pagination\">\n\t    \n\t\n\n<li >\n\t<a href='?page_no=12407'>Previous<\/a>\n\t<\/li>\n\n\n       \n    \n\n<li><a href='?page_no=1'>1<\/a><\/li>\n\n\n\n<li><a href='?page_no=2'>2<\/a><\/li>\n\n\n\n<li><a>...<\/a><\/li>\n\n\n\n<li><a href='?page_no=12406'>12406<\/a><\/li>\n\n\n\n<li><a href='?page_no=12407'>12407<\/a><\/li>\n\n\n\n<li class='active'><a>12408<\/a><\/li>\n\n\n\n<li><a href='?page_no=12409'>12409<\/a><\/li>\n\n\n\n<li><a href='?page_no=12410'>12410<\/a><\/li>\n\n\n\n<li><a>...<\/a><\/li>\n\n\n\n<li><a href='?page_no=56169'>56169<\/a><\/li>\n\n\n\n<li><a href='?page_no=56170'>56170<\/a><\/li>\n\n    \n\t\n\n<li >\n\t<a href='?page_no=12409'>Next<\/a>\n\t<\/li>\n\n\n    \n\n<li><a href='?page_no=56170'>Last &rsaquo;&rsaquo;<\/a><\/li>\n\n<\/ul>\n\n\n--><br \/>\n<\/body><\/p>\n","protected":false},"excerpt":{"rendered":"<p>Santo Domingo, R.D., 21 de julio.- El Ministro de Educaci\u00f3n, Carlos Amarante Baret, afirm\u00f3 este jueves que la aspiraci\u00f3n del Ministerio que dirige es que la Jornada Escolar de Tanda Extendida se convierta en el pa\u00eds en un modelo universal, que abarque tambi\u00e9n a los centros educativos privados. \u00abPero es un proceso gradual, porque ya [&hellip;]<\/p>\n","protected":false},"author":3,"featured_media":0,"comment_status":"open","ping_status":"open","sticky":false,"template":"","format":"standard","meta":{"footnotes":""},"categories":[20],"tags":[],"class_list":["post-217936","post","type-post","status-publish","format-standard","hentry","category-dominicana-hoy"],"_links":{"self":[{"href":"https:\/\/diariodominicano.com\/index.php?rest_route=\/wp\/v2\/posts\/217936","targetHints":{"allow":["GET"]}}],"collection":[{"href":"https:\/\/diariodominicano.com\/index.php?rest_route=\/wp\/v2\/posts"}],"about":[{"href":"https:\/\/diariodominicano.com\/index.php?rest_route=\/wp\/v2\/types\/post"}],"author":[{"embeddable":true,"href":"https:\/\/diariodominicano.com\/index.php?rest_route=\/wp\/v2\/users\/3"}],"replies":[{"embeddable":true,"href":"https:\/\/diariodominicano.com\/index.php?rest_route=%2Fwp%2Fv2%2Fcomments&post=217936"}],"version-history":[{"count":0,"href":"https:\/\/diariodominicano.com\/index.php?rest_route=\/wp\/v2\/posts\/217936\/revisions"}],"wp:attachment":[{"href":"https:\/\/diariodominicano.com\/index.php?rest_route=%2Fwp%2Fv2%2Fmedia&parent=217936"}],"wp:term":[{"taxonomy":"category","embeddable":true,"href":"https:\/\/diariodominicano.com\/index.php?rest_route=%2Fwp%2Fv2%2Fcategories&post=217936"},{"taxonomy":"post_tag","embeddable":true,"href":"https:\/\/diariodominicano.com\/index.php?rest_route=%2Fwp%2Fv2%2Ftags&post=217936"}],"curies":[{"name":"wp","href":"https:\/\/api.w.org\/{rel}","templated":true}]}}