{"id":217935,"date":"2016-07-21T15:08:27","date_gmt":"2016-07-21T15:08:27","guid":{"rendered":"http:\/\/diariodominicano.ddns.net\/?p=217935"},"modified":"2016-07-21T15:08:27","modified_gmt":"2016-07-21T15:08:27","slug":"pared-perez-defiende-la-idoneidad-y-pulcritud-de-los-congresos-dirigidos-por-el-pld","status":"publish","type":"post","link":"https:\/\/diariodominicano.com\/?p=217935","title":{"rendered":"Pared P\u00e9rez defiende la  idoneidad y pulcritud de los congresos dirigidos por el PLD"},"content":{"rendered":"<p><body><\/p>\n<p><img decoding=\"async\" src=\"img3\/d7b28675-73f9-450d-9c9e-1d88957f0a03.jpg\" \/>  <\/p>\n<p><span class=\"text1noticias\">Santo Domingo, R.D., 21 de julio.- El Senador Reinaldo Pared P\u00e9rez,  neg\u00f3 que en el Congreso de la Republica se festinen los proyectos como se ha insinuado, defendiendo al mismo tiempo la idoneidad y pulcritud de los congresos que ha dirigido el Partido de la Liberaci\u00f3n Dominicana.<\/span><\/p>\n<p><span class=\"text1noticias\"> <\/span><\/p>\n<p><span class=\"text1noticias\">\u00abAqu\u00ed no se ha festinado ni mucho menos aprobado proyecto a la carrera\u00bb contest\u00f3 el tambi\u00e9n secretario general del Partido de la Liberaci\u00f3n Dominicana (PLD) al reaccionar sobre las criticas hecha por el Presidente de la C\u00e1mara Americana de Comercio al Congreso.<\/span><\/p>\n<p><span class=\"text1noticias\"> <\/span><\/p>\n<p><span class=\"text1noticias\">Descart\u00f3 que las declaraciones del empresario respondan a un plan medi\u00e1tico en contra de los congresistas, como insinuaran los periodistas que le abordaron este d\u00eda en el Senado de la Republica, posterior a la posposici\u00f3n de la sesi\u00f3n de este d\u00eda, que se program\u00f3 nuevamente para el lunes venidero.<\/span><\/p>\n<p><span class=\"text1noticias\"> <\/span><\/p>\n<p><span class=\"text1noticias\">\u00abLo que \u00e9l no puede decir, como ocurr\u00eda antes, es que sectores empresariales eran chantajeados. En el Congreso dirigido por el PLD, eso no ha ocurrido. Tampoco se han vendido iniciativas. Eso es lo que debe importantizar\u00bb  declar\u00f3 Pared P\u00e9rez, respondiendo al  Presidente de la C\u00e1mara Americana de Comercio y que su Partido rese\u00f1\u00f3 en un despacho de la Secretar\u00eda de Comunicaciones.<\/span><\/p>\n<p><span class=\"text1noticias\"> <\/span><\/p>\n<p><span class=\"text1noticias\">El senador por el Distrito Nacional neg\u00f3 que C\u00f3digo Penal, aprobado en la v\u00edspera por la C\u00e1mara de Diputados, se fuera a conocer en la sesi\u00f3n de este d\u00eda que se aplaz\u00f3 para el lunes.<\/span><\/p>\n<p><span class=\"text1noticias\"> <\/span><\/p>\n<p><span class=\"text1noticias\">Dijo que en un proyecto de tanta trascendencia tiene que ser bien tratado y abordado, previendo que el mismo ser\u00e1 enviado a comisi\u00f3n para su an\u00e1lisis y estudio: \u00abEntendemos que esta iniciativa debe ir a comisi\u00f3n\u00bb declar\u00f3.<\/span><\/p>\n<p><span class=\"text1noticias\"> <\/span><\/p>\n<p><span class=\"text1noticias\">En t\u00e9rminos pol\u00edticos sobre el  Proyecto de Ley de Partidos, sobre el cual se inici\u00f3 un proceso de discusi\u00f3n con la mediaci\u00f3n de Monse\u00f1or Agripino N\u00fa\u00f1ez Collado,  dijo que la solicitud para que se ampli\u00e9 la cantidad de los dialogantes es un decisi\u00f3n que debe adoptar la comisi\u00f3n que representa al PLD en ese foro, pero personalmente considera que con m\u00e1s actores se har\u00eda muy compleja la discusi\u00f3n. Bonificada <\/span><\/p>\n<h6> 2016-07-21 15:08:27 <\/h6>\n<p><!--\n<link rel=\"stylesheet\" href=\"css\/bootstrap.min.css\">\n\n\n<ul class=\"pagination\">\n\t    \n\t\n\n<li >\n\t<a href='?page_no=12406'>Previous<\/a>\n\t<\/li>\n\n\n       \n    \n\n<li><a href='?page_no=1'>1<\/a><\/li>\n\n\n\n<li><a href='?page_no=2'>2<\/a><\/li>\n\n\n\n<li><a>...<\/a><\/li>\n\n\n\n<li><a href='?page_no=12405'>12405<\/a><\/li>\n\n\n\n<li><a href='?page_no=12406'>12406<\/a><\/li>\n\n\n\n<li class='active'><a>12407<\/a><\/li>\n\n\n\n<li><a href='?page_no=12408'>12408<\/a><\/li>\n\n\n\n<li><a href='?page_no=12409'>12409<\/a><\/li>\n\n\n\n<li><a>...<\/a><\/li>\n\n\n\n<li><a href='?page_no=56169'>56169<\/a><\/li>\n\n\n\n<li><a href='?page_no=56170'>56170<\/a><\/li>\n\n    \n\t\n\n<li >\n\t<a href='?page_no=12408'>Next<\/a>\n\t<\/li>\n\n\n    \n\n<li><a href='?page_no=56170'>Last &rsaquo;&rsaquo;<\/a><\/li>\n\n<\/ul>\n\n\n--><br \/>\n<\/body><\/p>\n","protected":false},"excerpt":{"rendered":"<p>Santo Domingo, R.D., 21 de julio.- El Senador Reinaldo Pared P\u00e9rez, neg\u00f3 que en el Congreso de la Republica se festinen los proyectos como se ha insinuado, defendiendo al mismo tiempo la idoneidad y pulcritud de los congresos que ha dirigido el Partido de la Liberaci\u00f3n Dominicana. \u00abAqu\u00ed no se ha festinado ni mucho menos [&hellip;]<\/p>\n","protected":false},"author":3,"featured_media":0,"comment_status":"open","ping_status":"open","sticky":false,"template":"","format":"standard","meta":{"footnotes":""},"categories":[20],"tags":[],"class_list":["post-217935","post","type-post","status-publish","format-standard","hentry","category-dominicana-hoy"],"_links":{"self":[{"href":"https:\/\/diariodominicano.com\/index.php?rest_route=\/wp\/v2\/posts\/217935","targetHints":{"allow":["GET"]}}],"collection":[{"href":"https:\/\/diariodominicano.com\/index.php?rest_route=\/wp\/v2\/posts"}],"about":[{"href":"https:\/\/diariodominicano.com\/index.php?rest_route=\/wp\/v2\/types\/post"}],"author":[{"embeddable":true,"href":"https:\/\/diariodominicano.com\/index.php?rest_route=\/wp\/v2\/users\/3"}],"replies":[{"embeddable":true,"href":"https:\/\/diariodominicano.com\/index.php?rest_route=%2Fwp%2Fv2%2Fcomments&post=217935"}],"version-history":[{"count":0,"href":"https:\/\/diariodominicano.com\/index.php?rest_route=\/wp\/v2\/posts\/217935\/revisions"}],"wp:attachment":[{"href":"https:\/\/diariodominicano.com\/index.php?rest_route=%2Fwp%2Fv2%2Fmedia&parent=217935"}],"wp:term":[{"taxonomy":"category","embeddable":true,"href":"https:\/\/diariodominicano.com\/index.php?rest_route=%2Fwp%2Fv2%2Fcategories&post=217935"},{"taxonomy":"post_tag","embeddable":true,"href":"https:\/\/diariodominicano.com\/index.php?rest_route=%2Fwp%2Fv2%2Ftags&post=217935"}],"curies":[{"name":"wp","href":"https:\/\/api.w.org\/{rel}","templated":true}]}}